{"id":1766,"date":"2022-12-10T12:30:31","date_gmt":"2022-12-10T11:30:31","guid":{"rendered":"https:\/\/wordpress.nibis.de\/gymlox\/?p=1766"},"modified":"2022-12-10T12:30:34","modified_gmt":"2022-12-10T11:30:34","slug":"kunstrausch-kunstkalender-2023","status":"publish","type":"post","link":"https:\/\/wordpress.nibis.de\/gymlox\/kunstrausch-kunstkalender-2023\/","title":{"rendered":"&#8222;Kunstrausch&#8220; &#8211; Kunstkalender 2023"},"content":{"rendered":"\n<p>Nach zweij\u00e4hriger Pause gibt es nun endlich den Kunstkalender f\u00fcr das Jahr 2023 wieder. Der Kalender mit dem Titel \u201eKunstrausch\u201c zeigt abwechslungsreiche und \u00e4u\u00dferst kreative Werke unserer Sch\u00fclerInnen aus unterschiedlichen Jahrg\u00e4ngen. Themen wie z.B. Perspektive, Objektdarstellung oder Selbstinszenierung f\u00fchren durch das Jahr 2023. Der Kalender visualisiert deutlich, wie Sch\u00fclerInnen k\u00fcnstlerische Aufgaben individuell bearbeiten und somit den Werken ihre pers\u00f6nliche Note verleihen.\u00a0<\/p>\n\n\n\n<p>Begleitet sind die Kunstwerke von wichtigen und bereits bekannten Terminen des Gymnasiums Loxstedt, der GEWELO, der Gemeinde Loxstedt und der Jugendpflege. Eine Auswahl an wichtigen Feiertagen sowie Ferientage sind selbstverst\u00e4ndlich zu finden. Zudem wurden auf mehrfachen Wunsch die Voll- und Neumonde integriert und die Tage, an denen eine Mondfinsternis stattfinden soll, gekennzeichnet.&nbsp;<\/p>\n\n\n\n<p>Der Kalender ist ein Gemeinschaftsprojekt der Jugendpflege Loxstedt, unter Leitung von Matthias Hillmann, und dem Bereich Kunst am Gymnasium Loxstedt. F\u00fcr die Vermarktung und den Vertrieb konnten wir Olli Oltmanns erneut ins Boot holen.<\/p>\n\n\n\n<p>Verkaufsstellen sind das Sekretariat des Gymnasiums Loxstedt, der Schreibwaren- und Buchhandel Anja Schoolmann, sowie die Buchhandlung Eidam in Stotel. Der Kalender ist als Familienplaner (5 Euro), als Tischkalender (5 Euro) und als Wandkalender (8 Euro) erh\u00e4ltlich.&nbsp;<\/p>\n\n\n\n<p>Der Erl\u00f6s deckt zum einen die Kosten f\u00fcr die Herstellung, zum anderen werden kleinere Anschaffungen f\u00fcr die Jugendpflege und den Kunstbereich get\u00e4tigt.<\/p>\n\n\n\n<p>Folgende Sch\u00fclerInnen haben es mit ihren Werken in den Kalender 2023 geschafft:<\/p>\n\n\n\n<p>Anna-Nele Schreyer, Anouk Grunow, Nele Meyer, Bennet Monsees, Laura Niederkrome, Nina Kramm, Merle Gernhoff, Felicia Hinz, Nele Helm, Nick Marquardt, Nele Tabea Basedow, Jarno Milz, Finnja L\u00fchrs, Jan Kruppa, Stacy Hardt und Finja K\u00f6rner.<\/p>\n\n\n\n<p>S. Schwarze <\/p>\n\n\n\n<p><\/p>\n\n\n\n<figure class=\"wp-block-image size-full\"><img loading=\"lazy\" decoding=\"async\" width=\"1122\" height=\"1586\" src=\"https:\/\/wordpress.nibis.de\/gymlox\/files\/2022\/12\/23-Plakat-A3.jpg\" alt=\"\" class=\"wp-image-1767\" srcset=\"https:\/\/wordpress.nibis.de\/gymlox\/files\/2022\/12\/23-Plakat-A3.jpg 1122w, https:\/\/wordpress.nibis.de\/gymlox\/files\/2022\/12\/23-Plakat-A3-768x1086.jpg 768w, https:\/\/wordpress.nibis.de\/gymlox\/files\/2022\/12\/23-Plakat-A3-1087x1536.jpg 1087w\" sizes=\"auto, (max-width: 1122px) 100vw, 1122px\" \/><\/figure>\n\n\n","protected":false},"excerpt":{"rendered":"<p>Nach zweij\u00e4hriger Pause gibt es nun endlich den Kunstkalender f\u00fcr das Jahr 2023 wieder. Der Kalender mit dem Titel \u201eKunstrausch\u201c zeigt abwechslungsreiche und \u00e4u\u00dferst kreative Werke unserer Sch\u00fclerInnen aus unterschiedlichen Jahrg\u00e4ngen. Themen wie z.B. Perspektive, Objektdarstellung oder Selbstinszenierung f\u00fchren durch &hellip; <a href=\"https:\/\/wordpress.nibis.de\/gymlox\/kunstrausch-kunstkalender-2023\/\">Weiterlesen <span class=\"meta-nav\">&rarr;<\/span><\/a><\/p>\n","protected":false},"author":9193182,"featured_media":0,"comment_status":"closed","ping_status":"closed","sticky":false,"template":"","format":"standard","meta":{"footnotes":""},"categories":[1],"tags":[],"class_list":["post-1766","post","type-post","status-publish","format-standard","hentry","category-allgemein"],"_links":{"self":[{"href":"https:\/\/wordpress.nibis.de\/gymlox\/wp-json\/wp\/v2\/posts\/1766","targetHints":{"allow":["GET"]}}],"collection":[{"href":"https:\/\/wordpress.nibis.de\/gymlox\/wp-json\/wp\/v2\/posts"}],"about":[{"href":"https:\/\/wordpress.nibis.de\/gymlox\/wp-json\/wp\/v2\/types\/post"}],"author":[{"embeddable":true,"href":"https:\/\/wordpress.nibis.de\/gymlox\/wp-json\/wp\/v2\/users\/9193182"}],"replies":[{"embeddable":true,"href":"https:\/\/wordpress.nibis.de\/gymlox\/wp-json\/wp\/v2\/comments?post=1766"}],"version-history":[{"count":1,"href":"https:\/\/wordpress.nibis.de\/gymlox\/wp-json\/wp\/v2\/posts\/1766\/revisions"}],"predecessor-version":[{"id":1768,"href":"https:\/\/wordpress.nibis.de\/gymlox\/wp-json\/wp\/v2\/posts\/1766\/revisions\/1768"}],"wp:attachment":[{"href":"https:\/\/wordpress.nibis.de\/gymlox\/wp-json\/wp\/v2\/media?parent=1766"}],"wp:term":[{"taxonomy":"category","embeddable":true,"href":"https:\/\/wordpress.nibis.de\/gymlox\/wp-json\/wp\/v2\/categories?post=1766"},{"taxonomy":"post_tag","embeddable":true,"href":"https:\/\/wordpress.nibis.de\/gymlox\/wp-json\/wp\/v2\/tags?post=1766"}],"curies":[{"name":"wp","href":"https:\/\/api.w.org\/{rel}","templated":true}]}}