{"id":10349,"date":"2026-04-20T09:06:04","date_gmt":"2026-04-20T07:06:04","guid":{"rendered":"https:\/\/wordpress.nibis.de\/gymoedeme\/?p=10349"},"modified":"2026-04-20T09:06:50","modified_gmt":"2026-04-20T07:06:50","slug":"stadtradeln-inkl-fotowettbewerb-ab-11-05-2026","status":"publish","type":"post","link":"https:\/\/wordpress.nibis.de\/gymoedeme\/stadtradeln-inkl-fotowettbewerb-ab-11-05-2026\/","title":{"rendered":"Stadtradeln + Fotowettbewerb (ab 11.05.2026)"},"content":{"rendered":"\n<figure class=\"wp-block-image size-full is-style-tw-rounded-corners\"><img loading=\"lazy\" decoding=\"async\" width=\"2560\" height=\"1152\" src=\"https:\/\/wordpress.nibis.de\/gymoedeme\/files\/2026\/04\/20240419_174506-scaled.jpg\" alt=\"\" class=\"wp-image-10350\" srcset=\"https:\/\/wordpress.nibis.de\/gymoedeme\/files\/2026\/04\/20240419_174506-scaled.jpg 2560w, https:\/\/wordpress.nibis.de\/gymoedeme\/files\/2026\/04\/20240419_174506-250x113.jpg 250w, https:\/\/wordpress.nibis.de\/gymoedeme\/files\/2026\/04\/20240419_174506-768x346.jpg 768w, https:\/\/wordpress.nibis.de\/gymoedeme\/files\/2026\/04\/20240419_174506-100x45.jpg 100w, https:\/\/wordpress.nibis.de\/gymoedeme\/files\/2026\/04\/20240419_174506-1536x691.jpg 1536w, https:\/\/wordpress.nibis.de\/gymoedeme\/files\/2026\/04\/20240419_174506-2048x922.jpg 2048w, https:\/\/wordpress.nibis.de\/gymoedeme\/files\/2026\/04\/20240419_174506-600x270.jpg 600w\" sizes=\"auto, (max-width: 2560px) 100vw, 2560px\" \/><\/figure>\n\n\n\n<p><strong>Es ist wieder soweit!<\/strong> Das Stadtradeln startet am 11.5.26 und endet nach 3 Wochen am 31.5.26.<\/p>\n\n\n\n<p>Sei auch du wieder mit dabei. Aktiv sein f\u00fcr das Weltklima, den CO<sub>2<\/sub>-Aussto\u00df vermeiden, gleichzeitig etwas f\u00fcr die Gesundheit tun und mit dieser Aktion auf die Radverkehrsf\u00f6rderung der Kommunen aufmerksam machen.<\/p>\n\n\n\n<p>Das Team Gymnasium Oedeme erreichte im letzten Jahr 2025 etwa 45.500 km mit 271 aktiv Radelnden.<\/p>\n\n\n\n<p>Jeder Kilometer, der in diesen drei Wochen gefahren wird, ob privat oder dienstlich, z\u00e4hlt.<\/p>\n\n\n\n<p>Dieses Jahr m\u00f6chten wir das Stadtradeln mit einem Fotowettbewerb kombinieren. Vielleicht ist das f\u00fcr diejenigen interessant, die genussvoll radeln und einen Blick f\u00fcr die Natur und Umgebung haben. Schaut doch mal auf die kommenden Plakate, die in der Schule aufgeh\u00e4ngt sein werden und auf die Homepage der Schule.<\/p>\n\n\n\n<!--more-->\n\n\n\n<p>Wer sich bereits im letzten Jahr angemeldet hat, kann seine Log-in-Daten benutzen.<\/p>\n\n\n\n<p>Klicke auf den Link: <a href=\"https:\/\/www.stadtradeln.de\/lueneburg\">https:\/\/www.stadtradeln.de\/lueneburg<\/a><\/p>\n\n\n\n<p>Gehe zu Login, dort kannst du dich anmelden oder neu registrieren und dem Team \u201eGY Oedeme L\u00fcneburg, Hansestadt\u201c beitreten. Und wie in den vergangenen Jahren k\u00f6nnt ihr Klassenteams bilden.<\/p>\n\n\n\n<p>Ab 11.5.26 hei\u00dft es dann: Radeln, radeln, radeln und alle gefahrenen Kilometer t\u00e4glich oder am St\u00fcck eintragen. Alles ganz easy. Und eine App gibt es dazu auch, die viele von euch im letzten Jahr bestimmt schon genutzt haben.<\/p>\n\n\n\n<p>Wenn ihr Fragen habt, meldet euch gern bei mir.<\/p>\n\n\n\n<p>Karina Westphal als Eure Teamchefin<\/p>\n","protected":false},"excerpt":{"rendered":"<p>Es ist wieder soweit! Das Stadtradeln startet am 11.5.26 und endet nach 3 Wochen am 31.5.26. Sei auch du wieder mit dabei. Aktiv sein f\u00fcr das Weltklima, den CO2-Aussto\u00df vermeiden, gleichzeitig etwas f\u00fcr die Gesundheit tun und mit dieser Aktion auf die Radverkehrsf\u00f6rderung der Kommunen aufmerksam machen. Das Team Gymnasium Oedeme erreichte im letzten Jahr 2025 etwa 45.500 km mit 271 aktiv Radelnden. Jeder Kilometer, der in diesen drei Wochen gefahren wird, ob privat oder dienstlich, z\u00e4hlt. Dieses Jahr m\u00f6chten&hellip; <a class=\"continue\" href=\"https:\/\/wordpress.nibis.de\/gymoedeme\/stadtradeln-inkl-fotowettbewerb-ab-11-05-2026\/\">Weiterlesen:<span> Stadtradeln + Fotowettbewerb (ab 11.05.2026)<\/span><\/a><\/p>\n","protected":false},"author":1411,"featured_media":0,"comment_status":"closed","ping_status":"closed","sticky":false,"template":"","format":"standard","meta":{"footnotes":""},"categories":[19],"tags":[],"class_list":["post-10349","post","type-post","status-publish","format-standard","hentry","category-aktuelles"],"_links":{"self":[{"href":"https:\/\/wordpress.nibis.de\/gymoedeme\/wp-json\/wp\/v2\/posts\/10349","targetHints":{"allow":["GET"]}}],"collection":[{"href":"https:\/\/wordpress.nibis.de\/gymoedeme\/wp-json\/wp\/v2\/posts"}],"about":[{"href":"https:\/\/wordpress.nibis.de\/gymoedeme\/wp-json\/wp\/v2\/types\/post"}],"author":[{"embeddable":true,"href":"https:\/\/wordpress.nibis.de\/gymoedeme\/wp-json\/wp\/v2\/users\/1411"}],"replies":[{"embeddable":true,"href":"https:\/\/wordpress.nibis.de\/gymoedeme\/wp-json\/wp\/v2\/comments?post=10349"}],"version-history":[{"count":2,"href":"https:\/\/wordpress.nibis.de\/gymoedeme\/wp-json\/wp\/v2\/posts\/10349\/revisions"}],"predecessor-version":[{"id":10352,"href":"https:\/\/wordpress.nibis.de\/gymoedeme\/wp-json\/wp\/v2\/posts\/10349\/revisions\/10352"}],"wp:attachment":[{"href":"https:\/\/wordpress.nibis.de\/gymoedeme\/wp-json\/wp\/v2\/media?parent=10349"}],"wp:term":[{"taxonomy":"category","embeddable":true,"href":"https:\/\/wordpress.nibis.de\/gymoedeme\/wp-json\/wp\/v2\/categories?post=10349"},{"taxonomy":"post_tag","embeddable":true,"href":"https:\/\/wordpress.nibis.de\/gymoedeme\/wp-json\/wp\/v2\/tags?post=10349"}],"curies":[{"name":"wp","href":"https:\/\/api.w.org\/{rel}","templated":true}]}}