{"id":1198,"date":"2019-08-01T11:57:36","date_gmt":"2019-08-01T09:57:36","guid":{"rendered":"https:\/\/wordpress.nibis.de\/gymoedeme\/?p=1198"},"modified":"2025-12-07T15:12:02","modified_gmt":"2025-12-07T14:12:02","slug":"beratungslehrkraefte-am-gymnasium-oedeme-faq","status":"publish","type":"post","link":"https:\/\/wordpress.nibis.de\/gymoedeme\/beratungslehrkraefte-am-gymnasium-oedeme-faq\/","title":{"rendered":"Das Beratungsteam"},"content":{"rendered":"\n<h5 class=\"wp-block-heading has-text-align-left\">Die Beratungslehrkraft stellt sich vor:<\/h5>\n\n\n\n<div data-wp-interactive=\"core\/file\" class=\"wp-block-file\"><object data-wp-bind--hidden=\"!state.hasPdfPreview\" hidden class=\"wp-block-file__embed\" data=\"https:\/\/wordpress.nibis.de\/gymoedeme\/files\/2024\/02\/Vorstellung_BL.pdf\" type=\"application\/pdf\" style=\"width:100%;height:600px\" aria-label=\"Einbettung von Vorstellung_BL.\"><\/object><a id=\"wp-block-file--media-fc4509c9-bcf2-445f-9238-1a17d1e4f9d1\" href=\"https:\/\/wordpress.nibis.de\/gymoedeme\/files\/2024\/02\/Vorstellung_BL.pdf\">Vorstellung_BL<\/a><a href=\"https:\/\/wordpress.nibis.de\/gymoedeme\/files\/2024\/02\/Vorstellung_BL.pdf\" class=\"wp-block-file__button wp-element-button\" download aria-describedby=\"wp-block-file--media-fc4509c9-bcf2-445f-9238-1a17d1e4f9d1\">Herunterladen<\/a><\/div>\n\n\n\n<h4 class=\"wp-block-heading has-vivid-red-color has-text-color\">Wir als<strong> Beratungsteam sind f\u00fcr alle da: f\u00fcr Sch\u00fcler*innen, Lehrkr\u00e4fte und Eltern.<\/strong> Wir helfen <strong>bei Konflikten, Fragen und \u00c4ngsten.<\/strong><\/h4>\n\n\n\n<figure class=\"wp-block-table is-style-stripes\"><table class=\"has-background\" style=\"background-color:#e7f5fe\"><tbody><tr><td><br>Frau <strong>Rahn <\/strong>ist erreichbar unter: <a href=\"m&#97;&#105;&#x6c;&#x74;&#x6f;&#x3a;e&#108;&#102;&#105;&#x2e;&#x72;&#x61;hn&#64;&#103;&#x79;&#x6d;&#x6e;as&#105;&#117;&#x6d;&#x2d;&#x6f;ed&#101;&#109;&#x65;&#x2e;&#x64;e\">&#101;&#x6c;&#102;&#x69;&#46;&#x72;&#97;&#x68;&#110;&#x40;&#103;&#x79;&#109;&#x6e;&#97;&#x73;&#105;&#x75;&#109;&#x2d;&#111;&#x65;&#100;&#x65;&#109;&#x65;&#46;&#x64;e<\/a><\/td><\/tr><tr><td><br>Frau <strong>Kaftan<\/strong> ist erreichbar unter <a href=\"mai&#108;&#116;&#111;&#58;&#x62;&#x65;&#x61;&#x74;&#x65;&#x2e;&#x6b;aft&#97;&#110;&#64;&#103;&#121;&#x6d;&#x6e;&#x61;&#x73;&#x69;&#x75;m-oe&#100;&#101;&#109;&#101;&#x2e;&#x64;&#x65;\">&#98;&#x65;&#x61;t&#101;&#x2e;&#x6b;a&#102;&#x74;a&#110;&#x40;&#x67;y&#109;&#x6e;a&#115;&#x69;&#x75;m&#45;&#x6f;&#x65;&#100;&#x65;&#x6d;e&#46;&#x64;&#x65;<\/a><br><\/td><\/tr><\/tbody><\/table><\/figure>\n\n\n\n<p><strong>Wer kann die Hilfe des Beratungsteams annehmen?<\/strong><\/p>\n\n\n\n<p>Das Beratungsteam ist f\u00fcr Sch\u00fcler\/innen, Eltern und Lehrkr\u00e4fte gleicherma\u00dfen da.<\/p>\n\n\n\n<p><strong>Was k\u00f6nnen wir tun?<\/strong><\/p>\n\n\n\n<ul class=\"wp-block-list\">\n<li>Bei Schulproblemen, Schwierigkeiten mit Mitsch\u00fclern oder Lehrern k\u00f6nnen wir kl\u00e4rende Gespr\u00e4che f\u00fchren und helfen.<\/li>\n\n\n\n<li>Wir k\u00f6nnen bei scheinbar ausweglosen Situationen Alternativen aufzeigen.<\/li>\n\n\n\n<li>Eltern k\u00f6nnen sich an uns wenden, wenn sie Hilfe bei Schul- oder Klassenproblemen ihrer Kinder w\u00fcnschen.<\/li>\n\n\n\n<li>Wir stehen f\u00fcr Mediationsaufgaben im schulischen Bereich zur Verf\u00fcgung (z.B. bei Klassengespr\u00e4chen, Streitschlichtung usw.)<\/li>\n<\/ul>\n\n\n\n<p><\/p>\n\n\n\n<p><\/p>\n\n\n\n<p class=\"has-medium-font-size\"><strong><span class=\"has-inline-color has-vivid-red-color\">Beratungslehrkr\u00e4fte und Schulsozialarbeiterinnnen unterliegen der Schweigepflicht! Alle Gespr\u00e4che sind daher absolut vertraulich.<\/span><\/strong><\/p>\n\n\n\n<figure class=\"wp-block-image\"><img decoding=\"async\" src=\"https:\/\/www.gymoedeme.de\/images\/web\/inhalt_bottom.jpg\" alt=\"\" \/><figcaption class=\"wp-element-caption\"><strong><em>\u00dcbersicht \u00fcber das Beratungsangebot am Gymnasium Oedeme<\/em><\/strong><\/figcaption><\/figure>\n\n\n\n<figure class=\"wp-block-image\"><img loading=\"lazy\" decoding=\"async\" width=\"1277\" height=\"2030\" src=\"https:\/\/wordpress.nibis.de\/gymoedeme\/files\/2020\/05\/Beratung-und-Unterst\u00fctzung-am-Gymnasium-Oedeme-rot-orange-edited.jpg\" alt=\"\" class=\"wp-image-3254\" srcset=\"https:\/\/wordpress.nibis.de\/gymoedeme\/files\/2020\/05\/Beratung-und-Unterst\u00fctzung-am-Gymnasium-Oedeme-rot-orange-edited.jpg 1277w, https:\/\/wordpress.nibis.de\/gymoedeme\/files\/2020\/05\/Beratung-und-Unterst\u00fctzung-am-Gymnasium-Oedeme-rot-orange-edited-89x141.jpg 89w, https:\/\/wordpress.nibis.de\/gymoedeme\/files\/2020\/05\/Beratung-und-Unterst\u00fctzung-am-Gymnasium-Oedeme-rot-orange-edited-768x1221.jpg 768w\" sizes=\"auto, (max-width: 1277px) 100vw, 1277px\" \/><\/figure>\n","protected":false},"excerpt":{"rendered":"<p>Die Beratungslehrkraft stellt sich vor: Wir als Beratungsteam sind f\u00fcr alle da: f\u00fcr Sch\u00fcler*innen, Lehrkr\u00e4fte und Eltern. Wir helfen bei Konflikten, Fragen und \u00c4ngsten. Frau Rahn ist erreichbar unter: &#x65;&#108;&#102;i&#x2e;&#x72;&#97;h&#x6e;&#x40;&#103;ym&#x6e;&#97;&#115;i&#x75;&#x6d;&#45;o&#x65;&#x64;&#101;&#109;e&#x2e;&#x64;&#101; Frau Kaftan ist erreichbar unter &#x62;&#x65;&#x61;&#x74;&#101;&#46;kaf&#x74;&#x61;&#x6e;&#x40;&#103;&#121;mna&#x73;&#x69;&#x75;&#x6d;&#45;&#111;&#101;de&#x6d;&#x65;&#x2e;&#x64;&#101; Wer kann die Hilfe des Beratungsteams annehmen? Das Beratungsteam ist f\u00fcr Sch\u00fcler\/innen, Eltern und Lehrkr\u00e4fte gleicherma\u00dfen da. Was k\u00f6nnen wir tun? Beratungslehrkr\u00e4fte und Schulsozialarbeiterinnnen unterliegen der Schweigepflicht! Alle Gespr\u00e4che sind daher absolut vertraulich.<\/p>\n","protected":false},"author":9193531,"featured_media":0,"comment_status":"closed","ping_status":"closed","sticky":false,"template":"","format":"standard","meta":{"footnotes":""},"categories":[48],"tags":[],"class_list":["post-1198","post","type-post","status-publish","format-standard","hentry","category-beratungunterstuetzung"],"_links":{"self":[{"href":"https:\/\/wordpress.nibis.de\/gymoedeme\/wp-json\/wp\/v2\/posts\/1198","targetHints":{"allow":["GET"]}}],"collection":[{"href":"https:\/\/wordpress.nibis.de\/gymoedeme\/wp-json\/wp\/v2\/posts"}],"about":[{"href":"https:\/\/wordpress.nibis.de\/gymoedeme\/wp-json\/wp\/v2\/types\/post"}],"author":[{"embeddable":true,"href":"https:\/\/wordpress.nibis.de\/gymoedeme\/wp-json\/wp\/v2\/users\/9193531"}],"replies":[{"embeddable":true,"href":"https:\/\/wordpress.nibis.de\/gymoedeme\/wp-json\/wp\/v2\/comments?post=1198"}],"version-history":[{"count":69,"href":"https:\/\/wordpress.nibis.de\/gymoedeme\/wp-json\/wp\/v2\/posts\/1198\/revisions"}],"predecessor-version":[{"id":9070,"href":"https:\/\/wordpress.nibis.de\/gymoedeme\/wp-json\/wp\/v2\/posts\/1198\/revisions\/9070"}],"wp:attachment":[{"href":"https:\/\/wordpress.nibis.de\/gymoedeme\/wp-json\/wp\/v2\/media?parent=1198"}],"wp:term":[{"taxonomy":"category","embeddable":true,"href":"https:\/\/wordpress.nibis.de\/gymoedeme\/wp-json\/wp\/v2\/categories?post=1198"},{"taxonomy":"post_tag","embeddable":true,"href":"https:\/\/wordpress.nibis.de\/gymoedeme\/wp-json\/wp\/v2\/tags?post=1198"}],"curies":[{"name":"wp","href":"https:\/\/api.w.org\/{rel}","templated":true}]}}