{"id":1453,"date":"2019-08-05T15:40:38","date_gmt":"2019-08-05T13:40:38","guid":{"rendered":"https:\/\/wordpress.nibis.de\/gymoedeme\/?p=1453"},"modified":"2019-08-05T15:45:04","modified_gmt":"2019-08-05T13:45:04","slug":"bericht-ueber-die-fahrt-des-seminarfachs-magie-und-magier-nach-duesseldorf-30-01-01-02-19","status":"publish","type":"post","link":"https:\/\/wordpress.nibis.de\/gymoedeme\/bericht-ueber-die-fahrt-des-seminarfachs-magie-und-magier-nach-duesseldorf-30-01-01-02-19\/","title":{"rendered":"Bericht \u00fcber die Fahrt des Seminarfachs \u201eMagie und Magier\u201c nach D\u00fcsseldorf (30.01.-01.02.19)"},"content":{"rendered":"\n<ul class=\"wp-block-gallery columns-2 is-cropped wp-block-gallery-1 is-layout-flex wp-block-gallery-is-layout-flex\"><li class=\"blocks-gallery-item\"><figure><img loading=\"lazy\" decoding=\"async\" width=\"550\" height=\"309\" src=\"https:\/\/wordpress.nibis.de\/gymoedeme\/files\/2019\/08\/gym-oedeme_19255-1.jpg\" alt=\"\" data-id=\"1455\" data-link=\"https:\/\/wordpress.nibis.de\/gymoedeme\/?attachment_id=1455\" class=\"wp-image-1455\" srcset=\"https:\/\/wordpress.nibis.de\/gymoedeme\/files\/2019\/08\/gym-oedeme_19255-1.jpg 550w, https:\/\/wordpress.nibis.de\/gymoedeme\/files\/2019\/08\/gym-oedeme_19255-1-250x141.jpg 250w\" sizes=\"auto, (max-width: 550px) 100vw, 550px\" \/><\/figure><\/li><li class=\"blocks-gallery-item\"><figure><img loading=\"lazy\" decoding=\"async\" width=\"550\" height=\"309\" src=\"https:\/\/wordpress.nibis.de\/gymoedeme\/files\/2019\/08\/gym-oedeme_19256.jpg\" alt=\"\" data-id=\"1456\" data-link=\"https:\/\/wordpress.nibis.de\/gymoedeme\/?attachment_id=1456\" class=\"wp-image-1456\" srcset=\"https:\/\/wordpress.nibis.de\/gymoedeme\/files\/2019\/08\/gym-oedeme_19256.jpg 550w, https:\/\/wordpress.nibis.de\/gymoedeme\/files\/2019\/08\/gym-oedeme_19256-250x141.jpg 250w\" sizes=\"auto, (max-width: 550px) 100vw, 550px\" \/><\/figure><\/li><li class=\"blocks-gallery-item\"><figure><img loading=\"lazy\" decoding=\"async\" width=\"550\" height=\"309\" src=\"https:\/\/wordpress.nibis.de\/gymoedeme\/files\/2019\/08\/gym-oedeme_19257.jpg\" alt=\"\" data-id=\"1457\" data-link=\"https:\/\/wordpress.nibis.de\/gymoedeme\/?attachment_id=1457\" class=\"wp-image-1457\" srcset=\"https:\/\/wordpress.nibis.de\/gymoedeme\/files\/2019\/08\/gym-oedeme_19257.jpg 550w, https:\/\/wordpress.nibis.de\/gymoedeme\/files\/2019\/08\/gym-oedeme_19257-250x141.jpg 250w\" sizes=\"auto, (max-width: 550px) 100vw, 550px\" \/><\/figure><\/li><\/ul>\n\n\n\n<p>13 Sch\u00fclerinnen und Sch\u00fcler fuhren unter der Leitung von Herrn Altenburg w\u00e4hrend der Zeugnisferien nach D\u00fcsseldorf. Die Fahrt fand im Rahmen des Seminarfachs mit dem Thema \u201eMagie und Magier im 20. und 21. Jahrhundert\u201c statt, zu dem es zahlreiche kulturgeschichtliche Ankn\u00fcpfungspunkte in den besuchten Museen gibt. Hier ihr Bericht:<\/p>\n\n\n\n<!--more Weiterlesen-->\n\n\n\n<p>Wir sind am Mittwochvormittag nach der Schule zu unserer Studienfahrt losgefahren und gegen 16 Uhr in D\u00fcsseldorf angekommen. Untergebracht waren wir in der Jugendherberge in unmittelbarer N\u00e4he des Rheins. Die Zimmer und das Fr\u00fchst\u00fcck waren einer Jugendherberge entsprechend gut, jedoch st\u00f6rte es ein wenig, dass freies W-LAN nur in den Aufenthaltsbereichen zu empfangen war.<br>Am Abend war ein Teil der Gruppe im Museum K20 bei einer \u00f6ffentlichen Lesung des bekannten Schriftstellers Navid Kermani. Er las aus seinen Werken \u201eAusnahmezustand\u201c sowie \u201eEntlang den Gr\u00e4ben\u201c und bereicherte seine Vortr\u00e4ge mit pers\u00f6nlichen Anekdoten. Bei seinen Texten handelte es sich um Reportagen aus ehemaligen und gegenw\u00e4rtigen Krisengebieten. Angesichts eines Durchschnittsalters von 60 Jahren im Publikum haben wir uns wacker geschlagen.<br>Am Donnerstagmorgen ging unsere Reise weiter, als wir die nordrhein-westf\u00e4lische Kunstsammlung K20 besuchten, in der Kunstwerke des 20. Jahrhunderts zu sehen sind. Die Einstimmung f\u00fcr die Sonderausstellung bildet eine Pr\u00e4sentation von Werken Paul Klees; die Sonderausstellung selbst konzentriert sich auf ausgew\u00e4hlte Beispiele moderner Kunst au\u00dferhalb der westlichen L\u00e4nder. Mit Werken aus Japan, Georgien, Nigeria, Mexiko oder Indien gew\u00e4hrt das Museum ungewohnte Blicke auf die Kunstgeschichte. Zusammen mit einer F\u00fchrerin konnten wir verschiedene Zug\u00e4nge zu den Kunstwerken erarbeiten. Im Anschluss hatten wir in einem Workshop die M\u00f6glichkeit, selbst mit Methoden der Surrealisten kreativ zu werden.<br>Am Abend erhielten wir eine weitere F\u00fchrung durch das Filmmuseum zu dem Thema \u201eWarum wir uns so gerne gruseln\u201c. Nach einem kurzen Gang durch die Ausstellung durften wir in einem kleinen Kino Platz nehmen und sahen mehrere Ausschnitte aus Horrorfilmen. Dabei haben sich nicht wenige von uns wirklich gegruselt und vor Schrecken geschrien. Aus den Beispielen konnten wir erarbeiten, dass vor allem der Ton f\u00fcr Spannung sorgt und eine Person, die im Film rot gekleidet ist, oft stirbt. Damit wurde der Donnerstag beendet und wir gingen mit Angst vor Albtr\u00e4umen ins Bett\u2026<br>Am letzten Tag waren wir im Museum K21, das Kunst des 21. Jahrhunderts pr\u00e4sentiert. Bei einer F\u00fchrung wurde uns eine Auswahl gezeigt, die von Schattenspiele \u00fcber Kitsch bis zu Spinnenweben und Bronzestatuen reichte. Aufgrund ihrer Aktualit\u00e4t gewannen wir einen leichten Zugang zu den Werken. Das gro\u00dfe Finale bildete eine Installation in Form eines Spinnennetzes, das 27 Meter \u00fcber dem Hallenboden des Museums gespannt ist. Dies konnten wir in kleinen Gruppen begehen, wobei nur die Schwindelfreien sich weit hervor wagten. Vielleicht ist dies ja ein Vorschlag f\u00fcr die zuk\u00fcnftige Gestaltung der Pausenr\u00e4ume unserer Schule? (Lea Asche, Kajsa Becker, Daniel Behrends, Lea Fuhrmann, Moritz Lei\u00df, Philip Mei\u00dfner, Anna Schoke, Gesinde Schweiger, Niklas Tran, Tassja Wehrt und Evita Wentland aus dem 12. Jahrgang)\n\n<\/p>\n","protected":false},"excerpt":{"rendered":"<p>13 Sch\u00fclerinnen und Sch\u00fcler fuhren unter der Leitung von Herrn Altenburg w\u00e4hrend der Zeugnisferien nach D\u00fcsseldorf. Die Fahrt fand im Rahmen des Seminarfachs mit dem Thema \u201eMagie und Magier im 20. und 21. Jahrhundert\u201c statt, zu dem es zahlreiche kulturgeschichtliche Ankn\u00fcpfungspunkte in den besuchten Museen gibt. Hier ihr Bericht:<\/p>\n","protected":false},"author":1411,"featured_media":0,"comment_status":"closed","ping_status":"closed","sticky":false,"template":"","format":"standard","meta":{"footnotes":""},"categories":[34],"tags":[],"class_list":["post-1453","post","type-post","status-publish","format-standard","hentry","category-seminarfach"],"_links":{"self":[{"href":"https:\/\/wordpress.nibis.de\/gymoedeme\/wp-json\/wp\/v2\/posts\/1453","targetHints":{"allow":["GET"]}}],"collection":[{"href":"https:\/\/wordpress.nibis.de\/gymoedeme\/wp-json\/wp\/v2\/posts"}],"about":[{"href":"https:\/\/wordpress.nibis.de\/gymoedeme\/wp-json\/wp\/v2\/types\/post"}],"author":[{"embeddable":true,"href":"https:\/\/wordpress.nibis.de\/gymoedeme\/wp-json\/wp\/v2\/users\/1411"}],"replies":[{"embeddable":true,"href":"https:\/\/wordpress.nibis.de\/gymoedeme\/wp-json\/wp\/v2\/comments?post=1453"}],"version-history":[{"count":2,"href":"https:\/\/wordpress.nibis.de\/gymoedeme\/wp-json\/wp\/v2\/posts\/1453\/revisions"}],"predecessor-version":[{"id":1461,"href":"https:\/\/wordpress.nibis.de\/gymoedeme\/wp-json\/wp\/v2\/posts\/1453\/revisions\/1461"}],"wp:attachment":[{"href":"https:\/\/wordpress.nibis.de\/gymoedeme\/wp-json\/wp\/v2\/media?parent=1453"}],"wp:term":[{"taxonomy":"category","embeddable":true,"href":"https:\/\/wordpress.nibis.de\/gymoedeme\/wp-json\/wp\/v2\/categories?post=1453"},{"taxonomy":"post_tag","embeddable":true,"href":"https:\/\/wordpress.nibis.de\/gymoedeme\/wp-json\/wp\/v2\/tags?post=1453"}],"curies":[{"name":"wp","href":"https:\/\/api.w.org\/{rel}","templated":true}]}}