{"id":2983,"date":"2020-04-16T14:30:03","date_gmt":"2020-04-16T12:30:03","guid":{"rendered":"https:\/\/wordpress.nibis.de\/gymoedeme\/?p=2983"},"modified":"2020-04-19T12:40:19","modified_gmt":"2020-04-19T10:40:19","slug":"bericht-zu-jugend-forscht-schueler-experimentieren-2020","status":"publish","type":"post","link":"https:\/\/wordpress.nibis.de\/gymoedeme\/bericht-zu-jugend-forscht-schueler-experimentieren-2020\/","title":{"rendered":"Bericht zu \u201eJugend forscht \/ Sch\u00fcler experimentieren 2020\u201c"},"content":{"rendered":"\n<p>In diesem Jahr k\u00e4mpften beim Regionalwettbewerb \u201eJugend forscht \/ Sch\u00fcler experimentieren\u201c am 6. und 7. Februar 2020 an der Leuphana Universit\u00e4t in L\u00fcneburg 101 Teilnehmerinnen und Teilnehmer mit 60 Projekten in sieben verschiedenen Fachgebieten um die Teilnahme am Landeswettbewerb. Die j\u00fcngeren Sch\u00fclerinnen und Sch\u00fcler bis 15 Jahre pr\u00e4sentierten ihre Ergebnisse in 29 Projekten im Rahmen von \u201eSch\u00fcler experimentieren\u201c. 31 Projekte wurden von den Jugendlichen ab 15 Jahren in der Sparte \u201eJugend forscht\u201c vorgestellt.<\/p>\n\n\n\n<p>Aus der \u201eHelle\nK\u00f6pfe\u201c-Chemie-AG traten Erik Kather und Tomas Scharffe (beide 7A) mit ihrem\nProjekt \u201eScharffe Katherlysatoren\u201c an, in dem sie versucht haben einen\nm\u00f6glichst effektiven Grillanz\u00fcnder selbst herzustellen. Ebenfalls im Fachgebiet\nChemie in der Kategorie \u201eSch\u00fcler experimentieren\u201c war Bjarne Noller (7F)\nerstmals in diesem Jahr dabei. In seinem Projekt \u201eAus Holz mach Papier\u201c hat er\nverschiedene Methoden zur Papierherstellung getestet und miteinander\nverglichen. F\u00fcr seine Leistung wurde Bjarne als Neuling in der AG mit einem 2.\nPreis belohnt! Als \u201ealter Hase\u201c pr\u00e4sentierte Julien Boek (11B) im Fachgebiet\nChemie in der Kategorie \u201eJugend forscht\u201c die aktuellen Untersuchungsergebnisse\n\u00fcber seinen nachhaltigen Kunststoff, an dem er schon seit mehreren Jahren\nforscht. Seine unerm\u00fcdliche Forschung wurde am Ende mit dem Sonderpreis \u201eReset\nPlastic\u201c in H\u00f6he von 75,- \u20ac ausgezeichnet! Aus der \u201eHelle K\u00f6pfe\u201c-Programmier-AG\ntraten S\u00f6ren Heintzmann und Tjorven Patragst (beide 8A) sowie Andrei Lian (8B)\nim Fachgebiet Technik in der Kategorie \u201eSch\u00fcler experimentieren\u201c an. Animiert\nvon den beliebten Tonieboxen haben sie Audiosysteme selbst gebaut und den\nEinsatz beim Lernen wie z.B. zum Vokabellernen untersucht. F\u00fcr ihre Arbeit\nwurden sie mit dem 2. Preis belohnt!<\/p>\n\n\n\n<p>Das Gymnasium Oedeme war aber\nnicht nur mit den sieben Teilnehmern vertreten. Neben Frau Buchholz, Frau Wille\nund Herrn Wehlen, die unsere Teilnehmer betreuten, bewertete Frau Haake als\nJurorin die Projekte im Fachgebiet Physik. Als alle Teilnehmer am\nFreitagvormittag ihre Projekte der \u00d6ffentlichkeit vorstellten, besuchten uns\ndie Klassen 7A und 8A, um sich die inspirierenden Projektideen pr\u00e4sentieren zu\nlassen und nat\u00fcrlich auch um ihre Mitsch\u00fcler mental zu unterst\u00fctzen. F\u00fcr die\ntolle musikalische Umrahmung der Siegerehrung, die den H\u00f6hepunkt des\nWettbewerbs darstellte, sorgte wie auch in den letzten Jahren die Bigband\nunserer Schule mit Herrn Loheide und Frau Niehoff. <\/p>\n\n\n\n<p>Neben den individuellen\nPlatzierungen erhielt das Gymnasium Oedeme in diesem Jahr den Schulpreis f\u00fcr\nbesonderes Engagement bei der F\u00f6rderung von Sch\u00fclerinnen und Sch\u00fclern im\nmathematischen, naturwissenschaftlichen und technischen Bereich. Neben der\nUrkunde haben wir ein Preisgeld in H\u00f6he von 250,- \u20ac bekommen, das in zuk\u00fcnftige\nProjekte flie\u00dfen kann! Habt ihr auch Lust an einem spannenden Projekt zu\narbeiten und eventuell schon im n\u00e4chsten Jahr beim Regionalwettbewerb \u201eJugend\nforscht \/ Sch\u00fcler experimentieren\u201c anzutreten? Dann schaut doch mal in einer\nunserer \u201eHelle K\u00f6pfe\u201c-AGs in der Physik, Chemie oder Informatik vorbei. Wir\nfreuen uns auf euch!<\/p>\n\n\n\n<p>Steffi Wille<\/p>\n","protected":false},"excerpt":{"rendered":"<p>In diesem Jahr k\u00e4mpften beim Regionalwettbewerb \u201eJugend forscht \/ Sch\u00fcler experimentieren\u201c am 6. und 7. Februar 2020 an der Leuphana Universit\u00e4t in L\u00fcneburg 101 Teilnehmerinnen und Teilnehmer mit 60 Projekten in sieben verschiedenen Fachgebieten um die Teilnahme am Landeswettbewerb. Die j\u00fcngeren Sch\u00fclerinnen und Sch\u00fcler bis 15 Jahre pr\u00e4sentierten ihre Ergebnisse in 29 Projekten im Rahmen von \u201eSch\u00fcler experimentieren\u201c. 31 Projekte wurden von den Jugendlichen ab 15 Jahren in der Sparte \u201eJugend forscht\u201c vorgestellt. Aus der \u201eHelle K\u00f6pfe\u201c-Chemie-AG traten Erik Kather&hellip; <a class=\"continue\" href=\"https:\/\/wordpress.nibis.de\/gymoedeme\/bericht-zu-jugend-forscht-schueler-experimentieren-2020\/\">Weiterlesen:<span> Bericht zu \u201eJugend forscht \/ Sch\u00fcler experimentieren 2020\u201c<\/span><\/a><\/p>\n","protected":false},"author":1411,"featured_media":0,"comment_status":"closed","ping_status":"closed","sticky":false,"template":"","format":"standard","meta":{"footnotes":""},"categories":[49],"tags":[],"class_list":["post-2983","post","type-post","status-publish","format-standard","hentry","category-begabtenfoerderung"],"_links":{"self":[{"href":"https:\/\/wordpress.nibis.de\/gymoedeme\/wp-json\/wp\/v2\/posts\/2983","targetHints":{"allow":["GET"]}}],"collection":[{"href":"https:\/\/wordpress.nibis.de\/gymoedeme\/wp-json\/wp\/v2\/posts"}],"about":[{"href":"https:\/\/wordpress.nibis.de\/gymoedeme\/wp-json\/wp\/v2\/types\/post"}],"author":[{"embeddable":true,"href":"https:\/\/wordpress.nibis.de\/gymoedeme\/wp-json\/wp\/v2\/users\/1411"}],"replies":[{"embeddable":true,"href":"https:\/\/wordpress.nibis.de\/gymoedeme\/wp-json\/wp\/v2\/comments?post=2983"}],"version-history":[{"count":3,"href":"https:\/\/wordpress.nibis.de\/gymoedeme\/wp-json\/wp\/v2\/posts\/2983\/revisions"}],"predecessor-version":[{"id":3020,"href":"https:\/\/wordpress.nibis.de\/gymoedeme\/wp-json\/wp\/v2\/posts\/2983\/revisions\/3020"}],"wp:attachment":[{"href":"https:\/\/wordpress.nibis.de\/gymoedeme\/wp-json\/wp\/v2\/media?parent=2983"}],"wp:term":[{"taxonomy":"category","embeddable":true,"href":"https:\/\/wordpress.nibis.de\/gymoedeme\/wp-json\/wp\/v2\/categories?post=2983"},{"taxonomy":"post_tag","embeddable":true,"href":"https:\/\/wordpress.nibis.de\/gymoedeme\/wp-json\/wp\/v2\/tags?post=2983"}],"curies":[{"name":"wp","href":"https:\/\/api.w.org\/{rel}","templated":true}]}}