{"id":5197,"date":"2021-10-05T07:46:56","date_gmt":"2021-10-05T05:46:56","guid":{"rendered":"https:\/\/wordpress.nibis.de\/gymoedeme\/?p=5197"},"modified":"2021-11-21T12:34:54","modified_gmt":"2021-11-21T11:34:54","slug":"fahrt-zur-preisverleihung-im-geschichtswettbewerb-in-hannover-28-09-21","status":"publish","type":"post","link":"https:\/\/wordpress.nibis.de\/gymoedeme\/fahrt-zur-preisverleihung-im-geschichtswettbewerb-in-hannover-28-09-21\/","title":{"rendered":"Fahrt zur Preisverleihung im Geschichtswettbewerb in Hannover (28.09.21)"},"content":{"rendered":"\n<figure class=\"wp-block-gallery columns-2 is-cropped is-style-tw-img-rounded wp-block-gallery-1 is-layout-flex wp-block-gallery-is-layout-flex\"><ul class=\"blocks-gallery-grid\"><li class=\"blocks-gallery-item\"><figure><a href=\"https:\/\/wordpress.nibis.de\/gymoedeme\/files\/2021\/10\/Preistraeger_Niedersachsen-scaled.jpg\"><img loading=\"lazy\" decoding=\"async\" width=\"1200\" height=\"675\" src=\"https:\/\/wordpress.nibis.de\/gymoedeme\/files\/2021\/10\/Preistraeger_Niedersachsen-1200x675.jpg\" alt=\"\" data-id=\"5198\" data-full-url=\"https:\/\/wordpress.nibis.de\/gymoedeme\/files\/2021\/10\/Preistraeger_Niedersachsen-scaled.jpg\" data-link=\"https:\/\/wordpress.nibis.de\/gymoedeme\/?attachment_id=5198\" class=\"wp-image-5198\" srcset=\"https:\/\/wordpress.nibis.de\/gymoedeme\/files\/2021\/10\/Preistraeger_Niedersachsen-1200x675.jpg 1200w, https:\/\/wordpress.nibis.de\/gymoedeme\/files\/2021\/10\/Preistraeger_Niedersachsen-850x478.jpg 850w\" sizes=\"auto, (max-width: 1200px) 100vw, 1200px\" \/><\/a><\/figure><\/li><li class=\"blocks-gallery-item\"><figure><a href=\"https:\/\/wordpress.nibis.de\/gymoedeme\/files\/2021\/10\/Paulsen_Poetschick_Altenburg_Busemann_2-scaled.jpg\"><img loading=\"lazy\" decoding=\"async\" width=\"1200\" height=\"675\" src=\"https:\/\/wordpress.nibis.de\/gymoedeme\/files\/2021\/10\/Paulsen_Poetschick_Altenburg_Busemann_2-1200x675.jpg\" alt=\"\" data-id=\"5199\" data-full-url=\"https:\/\/wordpress.nibis.de\/gymoedeme\/files\/2021\/10\/Paulsen_Poetschick_Altenburg_Busemann_2-scaled.jpg\" data-link=\"https:\/\/wordpress.nibis.de\/gymoedeme\/?attachment_id=5199\" class=\"wp-image-5199\" srcset=\"https:\/\/wordpress.nibis.de\/gymoedeme\/files\/2021\/10\/Paulsen_Poetschick_Altenburg_Busemann_2-1200x675.jpg 1200w, https:\/\/wordpress.nibis.de\/gymoedeme\/files\/2021\/10\/Paulsen_Poetschick_Altenburg_Busemann_2-850x478.jpg 850w\" sizes=\"auto, (max-width: 1200px) 100vw, 1200px\" \/><\/a><\/figure><\/li><li class=\"blocks-gallery-item\"><figure><a href=\"https:\/\/wordpress.nibis.de\/gymoedeme\/files\/2021\/10\/Paulsen_Altenburg_Horstkoetter_Busemann-scaled.jpg\"><img loading=\"lazy\" decoding=\"async\" width=\"1200\" height=\"675\" src=\"https:\/\/wordpress.nibis.de\/gymoedeme\/files\/2021\/10\/Paulsen_Altenburg_Horstkoetter_Busemann-1200x675.jpg\" alt=\"\" data-id=\"5200\" data-full-url=\"https:\/\/wordpress.nibis.de\/gymoedeme\/files\/2021\/10\/Paulsen_Altenburg_Horstkoetter_Busemann-scaled.jpg\" data-link=\"https:\/\/wordpress.nibis.de\/gymoedeme\/?attachment_id=5200\" class=\"wp-image-5200\" srcset=\"https:\/\/wordpress.nibis.de\/gymoedeme\/files\/2021\/10\/Paulsen_Altenburg_Horstkoetter_Busemann-1200x675.jpg 1200w, https:\/\/wordpress.nibis.de\/gymoedeme\/files\/2021\/10\/Paulsen_Altenburg_Horstkoetter_Busemann-850x478.jpg 850w\" sizes=\"auto, (max-width: 1200px) 100vw, 1200px\" \/><\/a><\/figure><\/li><li class=\"blocks-gallery-item\"><figure><a href=\"https:\/\/wordpress.nibis.de\/gymoedeme\/files\/2021\/10\/Altenburg_Poetschick_Horstkoetter_Paulsen-scaled.jpg\"><img loading=\"lazy\" decoding=\"async\" width=\"1200\" height=\"675\" src=\"https:\/\/wordpress.nibis.de\/gymoedeme\/files\/2021\/10\/Altenburg_Poetschick_Horstkoetter_Paulsen-1200x675.jpg\" alt=\"\" data-id=\"5201\" data-full-url=\"https:\/\/wordpress.nibis.de\/gymoedeme\/files\/2021\/10\/Altenburg_Poetschick_Horstkoetter_Paulsen-scaled.jpg\" data-link=\"https:\/\/wordpress.nibis.de\/gymoedeme\/?attachment_id=5201\" class=\"wp-image-5201\" srcset=\"https:\/\/wordpress.nibis.de\/gymoedeme\/files\/2021\/10\/Altenburg_Poetschick_Horstkoetter_Paulsen-1200x675.jpg 1200w, https:\/\/wordpress.nibis.de\/gymoedeme\/files\/2021\/10\/Altenburg_Poetschick_Horstkoetter_Paulsen-850x478.jpg 850w\" sizes=\"auto, (max-width: 1200px) 100vw, 1200px\" \/><\/a><\/figure><\/li><\/ul><\/figure>\n\n\n\n<p>Bei sch\u00f6nem Wetter und ein wenig gespannt auf die folgende Preisverleihung fuhren wir, Anna P\u00f6tschick und Johannes Horstk\u00f6tter (Jahrgang 13) mit unserem Lehrer Dr. Altenburg, morgens mit dem Zug nach Hannover. Dort angekommen besichtigten wir kurz auf eigene Faust die Stadt und machten einen Zwischenstopp in einem Caf\u00e9 am Ballhof. Die Preisverleihung fand im Forum des Landtags statt. Dort hob der Vizepr\u00e4sident Bernd Busemann in seinen einleitenden Worten unter anderem die Leistung hervor, dass die anwesenden Sieger aus einer recht gro\u00dfen Zahl von Beitr\u00e4gen ausgew\u00e4hlt worden seien. Im Hauptteil der Veranstaltung wurden die Beitr\u00e4ge der einzelnen Preistr\u00e4ger vorgestellt. Hier wurden wir ein wenig \u00fcberrascht, weil wir als erste Preistr\u00e4ger nach vorne gerufen wurden und gleich in einem kleinen Interview nach unseren pers\u00f6nlichen Erfahrungen zu unserer Arbeit gefragt wurden. Nebenbei wurden Fotos mit Vizepr\u00e4sident Busemann aufgenommen. Anschlie\u00dfend wurden auch die anderen Preistr\u00e4ger geehrt und allen stets applaudiert. Am Ende gab es noch ein Gruppenfoto \u2013 diesmal ohne Masken; genauso wie ein Bild mit unserer Gruppe und Dr. Thomas Paulsen, Mitglied im Vorstand der K\u00f6rber-Stiftung, welche den Wettbewerb alle zwei Jahre ausrichtet. Die Verleihung wurde mit einem kleinen Empfang mit Lunchpaket abgerundet, dessen Inhalt wir auf der R\u00fcckfahrt am Nachmittag verzehrten.<\/p>\n<p>Bericht von Anna P\u00f6tschik und Johannes Horstk\u00f6tter \u2013 Bilder von K\u00f6rbers-Stiftung\u00a0\/ Claudia H\u00f6hne<\/p>\n","protected":false},"excerpt":{"rendered":"<p>Bei sch\u00f6nem Wetter und ein wenig gespannt auf die folgende Preisverleihung fuhren wir, Anna P\u00f6tschick und Johannes Horstk\u00f6tter (Jahrgang 13) mit unserem Lehrer Dr. Altenburg, morgens mit dem Zug nach Hannover. Dort angekommen besichtigten wir kurz auf eigene Faust die Stadt und machten einen Zwischenstopp in einem Caf\u00e9 am Ballhof. Die Preisverleihung fand im Forum des Landtags statt. Dort hob der Vizepr\u00e4sident Bernd Busemann in seinen einleitenden Worten unter anderem die Leistung hervor, dass die anwesenden Sieger aus einer recht&hellip; <a class=\"continue\" href=\"https:\/\/wordpress.nibis.de\/gymoedeme\/fahrt-zur-preisverleihung-im-geschichtswettbewerb-in-hannover-28-09-21\/\">Weiterlesen:<span> Fahrt zur Preisverleihung im Geschichtswettbewerb in Hannover (28.09.21)<\/span><\/a><\/p>\n","protected":false},"author":1411,"featured_media":0,"comment_status":"closed","ping_status":"closed","sticky":false,"template":"","format":"standard","meta":{"footnotes":""},"categories":[34],"tags":[],"class_list":["post-5197","post","type-post","status-publish","format-standard","hentry","category-seminarfach"],"_links":{"self":[{"href":"https:\/\/wordpress.nibis.de\/gymoedeme\/wp-json\/wp\/v2\/posts\/5197","targetHints":{"allow":["GET"]}}],"collection":[{"href":"https:\/\/wordpress.nibis.de\/gymoedeme\/wp-json\/wp\/v2\/posts"}],"about":[{"href":"https:\/\/wordpress.nibis.de\/gymoedeme\/wp-json\/wp\/v2\/types\/post"}],"author":[{"embeddable":true,"href":"https:\/\/wordpress.nibis.de\/gymoedeme\/wp-json\/wp\/v2\/users\/1411"}],"replies":[{"embeddable":true,"href":"https:\/\/wordpress.nibis.de\/gymoedeme\/wp-json\/wp\/v2\/comments?post=5197"}],"version-history":[{"count":1,"href":"https:\/\/wordpress.nibis.de\/gymoedeme\/wp-json\/wp\/v2\/posts\/5197\/revisions"}],"predecessor-version":[{"id":5202,"href":"https:\/\/wordpress.nibis.de\/gymoedeme\/wp-json\/wp\/v2\/posts\/5197\/revisions\/5202"}],"wp:attachment":[{"href":"https:\/\/wordpress.nibis.de\/gymoedeme\/wp-json\/wp\/v2\/media?parent=5197"}],"wp:term":[{"taxonomy":"category","embeddable":true,"href":"https:\/\/wordpress.nibis.de\/gymoedeme\/wp-json\/wp\/v2\/categories?post=5197"},{"taxonomy":"post_tag","embeddable":true,"href":"https:\/\/wordpress.nibis.de\/gymoedeme\/wp-json\/wp\/v2\/tags?post=5197"}],"curies":[{"name":"wp","href":"https:\/\/api.w.org\/{rel}","templated":true}]}}