{"id":8976,"date":"2025-12-05T14:49:09","date_gmt":"2025-12-05T13:49:09","guid":{"rendered":"https:\/\/wordpress.nibis.de\/gymoedeme\/?p=8976"},"modified":"2025-12-05T14:53:27","modified_gmt":"2025-12-05T13:53:27","slug":"gym-oedeme-wieder-bei-der-diesjaehrigen-junior-nba-der-hamburg-towers-05-12-2025","status":"publish","type":"post","link":"https:\/\/wordpress.nibis.de\/gymoedeme\/gym-oedeme-wieder-bei-der-diesjaehrigen-junior-nba-der-hamburg-towers-05-12-2025\/","title":{"rendered":"Gym. Oedeme wieder bei der diesj\u00e4hrigen Junior NBA der Hamburg Towers (05.12.2025)"},"content":{"rendered":"\n<figure class=\"wp-block-gallery has-nested-images columns-default is-cropped wp-block-gallery-1 is-layout-flex wp-block-gallery-is-layout-flex\">\n<figure class=\"wp-block-image size-large is-style-tw-rounded-corners\"><img loading=\"lazy\" decoding=\"async\" width=\"1200\" height=\"675\" data-id=\"8981\" src=\"https:\/\/wordpress.nibis.de\/gymoedeme\/files\/2025\/12\/image0-1-1200x675.jpeg\" alt=\"\" class=\"wp-image-8981\" srcset=\"https:\/\/wordpress.nibis.de\/gymoedeme\/files\/2025\/12\/image0-1-1200x675.jpeg 1200w, https:\/\/wordpress.nibis.de\/gymoedeme\/files\/2025\/12\/image0-1-850x478.jpeg 850w\" sizes=\"auto, (max-width: 1200px) 100vw, 1200px\" \/><\/figure>\n\n\n\n<figure class=\"wp-block-image size-large is-style-tw-rounded-corners\"><img loading=\"lazy\" decoding=\"async\" width=\"1200\" height=\"675\" data-id=\"8980\" src=\"https:\/\/wordpress.nibis.de\/gymoedeme\/files\/2025\/12\/image1-1200x675.jpeg\" alt=\"\" class=\"wp-image-8980\" srcset=\"https:\/\/wordpress.nibis.de\/gymoedeme\/files\/2025\/12\/image1-1200x675.jpeg 1200w, https:\/\/wordpress.nibis.de\/gymoedeme\/files\/2025\/12\/image1-850x478.jpeg 850w\" sizes=\"auto, (max-width: 1200px) 100vw, 1200px\" \/><\/figure>\n<\/figure>\n\n\n\n<p>Das Gymnasium Oedeme ist bei der diesj\u00e4hrigen Junior NBA der Hamburg Towers wieder mit dabei.<\/p>\n\n\n\n<p>Auch in diesem Jahr nimmt das Gymnasium Oedeme erneut mit einer reinen M\u00e4dchenmannschaft an der Junior NBA der Hamburg Towers teil. Der Auftakt f\u00fcr die Saison erfolgte traditionell mit dem Draft Day, bei dem allen 30 teilnehmenden Schulen ein NBA-Franchise zugelost wird. Die Atmosph\u00e4re in der Inselpark-Arena war \u2013 wie gewohnt \u2013 gepr\u00e4gt von gro\u00dfer Spannung, denn einige Teams der US-Profiliga z\u00e4hlen jedes Jahr zu den begehrten \u201eFavoriten\u201c.<\/p>\n\n\n\n<!--more-->\n\n\n\n<p>Unsere Mannschaft fieberte der Auslosung mit viel Vorfreude entgegen. Nachdem wir im vergangenen Jahr als Brooklyn Nets an den Start gegangen waren, war die \u00dcberraschung diesmal besonders gro\u00df: F\u00fcr die Saison 2025\/26 d\u00fcrfen wir das international bekannte und traditionsreiche Team der Los Angeles Lakers repr\u00e4sentieren \u2013 eines der ber\u00fchmtesten Franchises der gesamten NBA, beheimatet an der Westk\u00fcste der USA.<\/p>\n\n\n\n<p>Mit dieser spannenden Herausforderung vor Augen blicken wir hochmotiviert auf die bevorstehenden Spieltage und hoffen auf \u00e4hnlich starke Leistungen wie im Vorjahr. Besonders stolz sind wir auch diesmal darauf, als einziges reines M\u00e4dchenteam unter den 30 Schulen an den Start zu gehen \u2013 und gleichzeitig als einzige Schule aus Niedersachsen bei diesem ansonsten rein Hamburger Event vertreten zu sein.<\/p>\n\n\n\n<p>Wir freuen uns auf eine tolle Saison, begeisternden Basketball und viele unvergessliche Momente!<\/p>\n","protected":false},"excerpt":{"rendered":"<p>Das Gymnasium Oedeme ist bei der diesj\u00e4hrigen Junior NBA der Hamburg Towers wieder mit dabei. Auch in diesem Jahr nimmt das Gymnasium Oedeme erneut mit einer reinen M\u00e4dchenmannschaft an der Junior NBA der Hamburg Towers teil. Der Auftakt f\u00fcr die Saison erfolgte traditionell mit dem Draft Day, bei dem allen 30 teilnehmenden Schulen ein NBA-Franchise zugelost wird. Die Atmosph\u00e4re in der Inselpark-Arena war \u2013 wie gewohnt \u2013 gepr\u00e4gt von gro\u00dfer Spannung, denn einige Teams der US-Profiliga z\u00e4hlen jedes Jahr zu&hellip; <a class=\"continue\" href=\"https:\/\/wordpress.nibis.de\/gymoedeme\/gym-oedeme-wieder-bei-der-diesjaehrigen-junior-nba-der-hamburg-towers-05-12-2025\/\">Weiterlesen:<span> Gym. Oedeme wieder bei der diesj\u00e4hrigen Junior NBA der Hamburg Towers (05.12.2025)<\/span><\/a><\/p>\n","protected":false},"author":1411,"featured_media":0,"comment_status":"closed","ping_status":"closed","sticky":false,"template":"","format":"standard","meta":{"footnotes":""},"categories":[19],"tags":[],"class_list":["post-8976","post","type-post","status-publish","format-standard","hentry","category-aktuelles"],"_links":{"self":[{"href":"https:\/\/wordpress.nibis.de\/gymoedeme\/wp-json\/wp\/v2\/posts\/8976","targetHints":{"allow":["GET"]}}],"collection":[{"href":"https:\/\/wordpress.nibis.de\/gymoedeme\/wp-json\/wp\/v2\/posts"}],"about":[{"href":"https:\/\/wordpress.nibis.de\/gymoedeme\/wp-json\/wp\/v2\/types\/post"}],"author":[{"embeddable":true,"href":"https:\/\/wordpress.nibis.de\/gymoedeme\/wp-json\/wp\/v2\/users\/1411"}],"replies":[{"embeddable":true,"href":"https:\/\/wordpress.nibis.de\/gymoedeme\/wp-json\/wp\/v2\/comments?post=8976"}],"version-history":[{"count":4,"href":"https:\/\/wordpress.nibis.de\/gymoedeme\/wp-json\/wp\/v2\/posts\/8976\/revisions"}],"predecessor-version":[{"id":8985,"href":"https:\/\/wordpress.nibis.de\/gymoedeme\/wp-json\/wp\/v2\/posts\/8976\/revisions\/8985"}],"wp:attachment":[{"href":"https:\/\/wordpress.nibis.de\/gymoedeme\/wp-json\/wp\/v2\/media?parent=8976"}],"wp:term":[{"taxonomy":"category","embeddable":true,"href":"https:\/\/wordpress.nibis.de\/gymoedeme\/wp-json\/wp\/v2\/categories?post=8976"},{"taxonomy":"post_tag","embeddable":true,"href":"https:\/\/wordpress.nibis.de\/gymoedeme\/wp-json\/wp\/v2\/tags?post=8976"}],"curies":[{"name":"wp","href":"https:\/\/api.w.org\/{rel}","templated":true}]}}