{"id":8986,"date":"2025-12-05T14:55:49","date_gmt":"2025-12-05T13:55:49","guid":{"rendered":"https:\/\/wordpress.nibis.de\/gymoedeme\/?p=8986"},"modified":"2025-12-05T14:55:49","modified_gmt":"2025-12-05T13:55:49","slug":"kreisentscheid-jugend-trainiert-fuer-olympia-basketball-wk-ii-der-maedchen-am-gymnasium-oedeme-05-12-2025","status":"publish","type":"post","link":"https:\/\/wordpress.nibis.de\/gymoedeme\/kreisentscheid-jugend-trainiert-fuer-olympia-basketball-wk-ii-der-maedchen-am-gymnasium-oedeme-05-12-2025\/","title":{"rendered":"Kreisentscheid \u201eJugend trainiert f\u00fcr Olympia\u201c \u2013 Basketball WK II der M\u00e4dchen am Gymnasium Oedeme (05.12.2025)"},"content":{"rendered":"\n<figure class=\"wp-block-image size-large is-style-tw-rounded-corners\"><img loading=\"lazy\" decoding=\"async\" width=\"1200\" height=\"675\" src=\"https:\/\/wordpress.nibis.de\/gymoedeme\/files\/2025\/12\/image0-1-1-1200x675.jpeg\" alt=\"\" class=\"wp-image-8987\" srcset=\"https:\/\/wordpress.nibis.de\/gymoedeme\/files\/2025\/12\/image0-1-1-1200x675.jpeg 1200w, https:\/\/wordpress.nibis.de\/gymoedeme\/files\/2025\/12\/image0-1-1-850x478.jpeg 850w\" sizes=\"auto, (max-width: 1200px) 100vw, 1200px\" \/><\/figure>\n\n\n\n<p>In diesem Jahr durfte das Gymnasium Oedeme den Kreisentscheid im Wettbewerb \u201eJugend trainiert f\u00fcr Olympia\u201c in der Wettkampfklasse II der M\u00e4dchen ausrichten. Obwohl nur eine Begegnung auf dem Spielplan stand, bot das Duell mit der benachbarten Wilhelm-Raabe-Schule spannenden und fairen Basketballsport.<\/p>\n\n\n\n<!--more-->\n\n\n\n<p>Vor heimischem Publikum zeigte unser Team eine starke Leistung und pr\u00e4sentierte sich k\u00e4mpferisch, geschlossen und hochmotiviert. Die G\u00e4ste erwiesen sich spielerisch jedoch als \u00fcberlegen, da ihre Mannschaft fast vollst\u00e4ndig aus Vereinsspielerinnen bestand und entsprechend gut eingespielt war. Dadurch hatten sie einen kleinen, aber sp\u00fcrbaren Vorteil.<\/p>\n\n\n\n<p>Trotzdem war das Event ein voller Erfolg: Unsere Spielerinnen hielten entschlossen dagegen, nutzten die M\u00f6glichkeit, wertvolle Erfahrungen zu sammeln, und zeigten viele gute Aktionen auf dem Feld. Da beide Mannschaften bereits f\u00fcr den Bezirksentscheid qualifiziert waren, stand der Tag ganz im Zeichen eines innerst\u00e4dtischen Freundschaftsspiels, das von Fairness und gegenseitigem Respekt gepr\u00e4gt war.<\/p>\n\n\n\n<p>Nun hei\u00dft es: weiter flei\u00dfig trainieren, als Team wachsen und sich optimal auf den Bezirksentscheid im Februar vorbereiten. Wir freuen uns schon jetzt auf die kommenden Spiele und dr\u00fccken unseren M\u00e4dchen fest die Daumen!<\/p>\n","protected":false},"excerpt":{"rendered":"<p>In diesem Jahr durfte das Gymnasium Oedeme den Kreisentscheid im Wettbewerb \u201eJugend trainiert f\u00fcr Olympia\u201c in der Wettkampfklasse II der M\u00e4dchen ausrichten. Obwohl nur eine Begegnung auf dem Spielplan stand, bot das Duell mit der benachbarten Wilhelm-Raabe-Schule spannenden und fairen Basketballsport.<\/p>\n","protected":false},"author":1411,"featured_media":0,"comment_status":"closed","ping_status":"closed","sticky":false,"template":"","format":"standard","meta":{"footnotes":""},"categories":[19],"tags":[],"class_list":["post-8986","post","type-post","status-publish","format-standard","hentry","category-aktuelles"],"_links":{"self":[{"href":"https:\/\/wordpress.nibis.de\/gymoedeme\/wp-json\/wp\/v2\/posts\/8986","targetHints":{"allow":["GET"]}}],"collection":[{"href":"https:\/\/wordpress.nibis.de\/gymoedeme\/wp-json\/wp\/v2\/posts"}],"about":[{"href":"https:\/\/wordpress.nibis.de\/gymoedeme\/wp-json\/wp\/v2\/types\/post"}],"author":[{"embeddable":true,"href":"https:\/\/wordpress.nibis.de\/gymoedeme\/wp-json\/wp\/v2\/users\/1411"}],"replies":[{"embeddable":true,"href":"https:\/\/wordpress.nibis.de\/gymoedeme\/wp-json\/wp\/v2\/comments?post=8986"}],"version-history":[{"count":1,"href":"https:\/\/wordpress.nibis.de\/gymoedeme\/wp-json\/wp\/v2\/posts\/8986\/revisions"}],"predecessor-version":[{"id":8988,"href":"https:\/\/wordpress.nibis.de\/gymoedeme\/wp-json\/wp\/v2\/posts\/8986\/revisions\/8988"}],"wp:attachment":[{"href":"https:\/\/wordpress.nibis.de\/gymoedeme\/wp-json\/wp\/v2\/media?parent=8986"}],"wp:term":[{"taxonomy":"category","embeddable":true,"href":"https:\/\/wordpress.nibis.de\/gymoedeme\/wp-json\/wp\/v2\/categories?post=8986"},{"taxonomy":"post_tag","embeddable":true,"href":"https:\/\/wordpress.nibis.de\/gymoedeme\/wp-json\/wp\/v2\/tags?post=8986"}],"curies":[{"name":"wp","href":"https:\/\/api.w.org\/{rel}","templated":true}]}}