{"id":9744,"date":"2026-02-10T15:38:52","date_gmt":"2026-02-10T14:38:52","guid":{"rendered":"https:\/\/wordpress.nibis.de\/gymoedeme\/?p=9744"},"modified":"2026-02-10T15:42:40","modified_gmt":"2026-02-10T14:42:40","slug":"bezirksentscheid-jugend-trainiert-fuer-olympia-maedchen-team-souveraen-fuer-den-landesentscheid-qualifiziert-6-februar-2026","status":"publish","type":"post","link":"https:\/\/wordpress.nibis.de\/gymoedeme\/bezirksentscheid-jugend-trainiert-fuer-olympia-maedchen-team-souveraen-fuer-den-landesentscheid-qualifiziert-6-februar-2026\/","title":{"rendered":"Bezirksentscheid Jugend trainiert f\u00fcr Olympia: M\u00e4dchen-Team souver\u00e4n f\u00fcr den Landesentscheid qualifiziert (6. Februar 2026)"},"content":{"rendered":"\n<figure class=\"wp-block-image size-full is-style-tw-rounded-corners\"><img loading=\"lazy\" decoding=\"async\" width=\"2560\" height=\"1920\" src=\"https:\/\/wordpress.nibis.de\/gymoedeme\/files\/2026\/02\/image0-scaled.jpeg\" alt=\"\" class=\"wp-image-9745\" srcset=\"https:\/\/wordpress.nibis.de\/gymoedeme\/files\/2026\/02\/image0-scaled.jpeg 2560w, https:\/\/wordpress.nibis.de\/gymoedeme\/files\/2026\/02\/image0-188x141.jpeg 188w, https:\/\/wordpress.nibis.de\/gymoedeme\/files\/2026\/02\/image0-768x576.jpeg 768w, https:\/\/wordpress.nibis.de\/gymoedeme\/files\/2026\/02\/image0-100x75.jpeg 100w, https:\/\/wordpress.nibis.de\/gymoedeme\/files\/2026\/02\/image0-1536x1152.jpeg 1536w, https:\/\/wordpress.nibis.de\/gymoedeme\/files\/2026\/02\/image0-2048x1536.jpeg 2048w, https:\/\/wordpress.nibis.de\/gymoedeme\/files\/2026\/02\/image0-360x270.jpeg 360w\" sizes=\"auto, (max-width: 2560px) 100vw, 2560px\" \/><\/figure>\n\n\n\n<p>Am vergangenen Freitag fand am Gymnasium Oedeme der Bezirksentscheid von\u00a0<em>Jugend trainiert f\u00fcr Olympia<\/em>\u00a0in der Wettkampfklasse IV der M\u00e4dchen statt. Vor heimischem Publikum zeigte unser Schulteam eine beeindruckende Leistung und lie\u00df von Beginn an keinen Zweifel daran, dass es an diesem Tag hochmotiviert zur Sache gehen w\u00fcrde.<\/p>\n\n\n\n<!--more-->\n\n\n\n<p>Das Team, bestehend aus sieben engagierten Spielerinnen, startete konzentriert und mit gro\u00dfer Spielfreude in das Turnier. Das hohe Engagement zahlte sich schnell aus und konnte direkt in Punkte umgem\u00fcnzt werden. Gegen die drei weiteren teilnehmenden Schulen dominierte unser Team das Geschehen deutlich und qualifizierte sich mit klaren Siegen verdient f\u00fcr den Landesentscheid.<\/p>\n\n\n\n<p>Im ersten Spiel gegen das Vincent-L\u00fcbeck-Gymnasium aus Stade gelang ein \u00fcberzeugender 61:2-Erfolg. Auch im zweiten Spiel gegen das Athenaeum aus Stade, den sp\u00e4teren Zweitplatzierten, zeigten unsere M\u00e4dchen eine herausragende Leistung und gewannen eindrucksvoll mit 69:3. Das abschlie\u00dfende Spiel im Modus \u201eJeder gegen Jeden\u201c entschieden sie schlie\u00dflich souver\u00e4n mit 45:2 gegen die Eichenschule aus Schee\u00dfel f\u00fcr sich.<\/p>\n\n\n\n<figure class=\"wp-block-gallery has-nested-images columns-default is-cropped wp-block-gallery-1 is-layout-flex wp-block-gallery-is-layout-flex\">\n<figure class=\"wp-block-image size-full is-style-tw-rounded-corners\"><img loading=\"lazy\" decoding=\"async\" width=\"1920\" height=\"2560\" data-id=\"9746\" src=\"https:\/\/wordpress.nibis.de\/gymoedeme\/files\/2026\/02\/image1-scaled.jpeg\" alt=\"\" class=\"wp-image-9746\" srcset=\"https:\/\/wordpress.nibis.de\/gymoedeme\/files\/2026\/02\/image1-scaled.jpeg 1920w, https:\/\/wordpress.nibis.de\/gymoedeme\/files\/2026\/02\/image1-106x141.jpeg 106w, https:\/\/wordpress.nibis.de\/gymoedeme\/files\/2026\/02\/image1-768x1024.jpeg 768w, https:\/\/wordpress.nibis.de\/gymoedeme\/files\/2026\/02\/image1-100x133.jpeg 100w, https:\/\/wordpress.nibis.de\/gymoedeme\/files\/2026\/02\/image1-1152x1536.jpeg 1152w, https:\/\/wordpress.nibis.de\/gymoedeme\/files\/2026\/02\/image1-1536x2048.jpeg 1536w, https:\/\/wordpress.nibis.de\/gymoedeme\/files\/2026\/02\/image1-202x270.jpeg 202w\" sizes=\"auto, (max-width: 1920px) 100vw, 1920px\" \/><\/figure>\n<\/figure>\n\n\n\n<p>Mit diesen beeindruckenden Ergebnissen blickt das Team nun voller Vorfreude auf den Landesentscheid am 5. M\u00e4rz. Wir gratulieren den Spielerinnen herzlich zu dieser starken Leistung und dr\u00fccken f\u00fcr die n\u00e4chste Runde fest die Daumen \u2013 weiter so! \ud83c\udfc0\ud83d\udc4f<\/p>\n","protected":false},"excerpt":{"rendered":"<p>Am vergangenen Freitag fand am Gymnasium Oedeme der Bezirksentscheid von\u00a0Jugend trainiert f\u00fcr Olympia\u00a0in der Wettkampfklasse IV der M\u00e4dchen statt. Vor heimischem Publikum zeigte unser Schulteam eine beeindruckende Leistung und lie\u00df von Beginn an keinen Zweifel daran, dass es an diesem Tag hochmotiviert zur Sache gehen w\u00fcrde.<\/p>\n","protected":false},"author":1411,"featured_media":0,"comment_status":"closed","ping_status":"closed","sticky":false,"template":"","format":"standard","meta":{"footnotes":""},"categories":[19],"tags":[],"class_list":["post-9744","post","type-post","status-publish","format-standard","hentry","category-aktuelles"],"_links":{"self":[{"href":"https:\/\/wordpress.nibis.de\/gymoedeme\/wp-json\/wp\/v2\/posts\/9744","targetHints":{"allow":["GET"]}}],"collection":[{"href":"https:\/\/wordpress.nibis.de\/gymoedeme\/wp-json\/wp\/v2\/posts"}],"about":[{"href":"https:\/\/wordpress.nibis.de\/gymoedeme\/wp-json\/wp\/v2\/types\/post"}],"author":[{"embeddable":true,"href":"https:\/\/wordpress.nibis.de\/gymoedeme\/wp-json\/wp\/v2\/users\/1411"}],"replies":[{"embeddable":true,"href":"https:\/\/wordpress.nibis.de\/gymoedeme\/wp-json\/wp\/v2\/comments?post=9744"}],"version-history":[{"count":2,"href":"https:\/\/wordpress.nibis.de\/gymoedeme\/wp-json\/wp\/v2\/posts\/9744\/revisions"}],"predecessor-version":[{"id":9749,"href":"https:\/\/wordpress.nibis.de\/gymoedeme\/wp-json\/wp\/v2\/posts\/9744\/revisions\/9749"}],"wp:attachment":[{"href":"https:\/\/wordpress.nibis.de\/gymoedeme\/wp-json\/wp\/v2\/media?parent=9744"}],"wp:term":[{"taxonomy":"category","embeddable":true,"href":"https:\/\/wordpress.nibis.de\/gymoedeme\/wp-json\/wp\/v2\/categories?post=9744"},{"taxonomy":"post_tag","embeddable":true,"href":"https:\/\/wordpress.nibis.de\/gymoedeme\/wp-json\/wp\/v2\/tags?post=9744"}],"curies":[{"name":"wp","href":"https:\/\/api.w.org\/{rel}","templated":true}]}}