{"id":472,"date":"2018-12-06T19:19:41","date_gmt":"2018-12-06T18:19:41","guid":{"rendered":"http:\/\/wordpress.nibis.de\/hittnews\/?p=472"},"modified":"2018-12-20T10:12:35","modified_gmt":"2018-12-20T09:12:35","slug":"unser-grosses-ziel-ist-eine-einheitliche-erlaubnis-fuer-die-benutzung-von-tablet-computer-die-schuelerinitiative-pro-tablet-computer-stellt-sich-den-fragen-von-hittnews","status":"publish","type":"post","link":"https:\/\/wordpress.nibis.de\/hittnews\/2018\/12\/06\/unser-grosses-ziel-ist-eine-einheitliche-erlaubnis-fuer-die-benutzung-von-tablet-computer-die-schuelerinitiative-pro-tablet-computer-stellt-sich-den-fragen-von-hittnews\/","title":{"rendered":"&#8222;Unser gro\u00dfes Ziel ist eine einheitliche Erlaubnis f\u00fcr die Benutzung von Tablet-Computer&#8220; &#8211; Die Sch\u00fclerinitiative pro Tablet-Computer stellt sich den Fragen von hittnews"},"content":{"rendered":"<p><strong><span style=\"font-family: 'trebuchet ms', geneva, sans-serif\">Aktuell diskutieren Bund und L\u00e4nder \u00fcber die Digitalisierung an Schulen. Sogar ein \u00c4nderung des Grundgesetzes steht im Raum. Grund genug f\u00fcr hittnews, sich mit der Sch\u00fclerinitiative pro Tablet-Computer unserer Schule zu treffen und ihr Fragen zu Digitalisierungsprozessen an unserer Schule zu stellen.<!--more--><\/span><\/strong><\/p>\n<p><strong><span style=\"font-family: 'trebuchet ms', geneva, sans-serif\">hittnews: Was ist denn \u00fcberhaupt der Vorteil von Tablet-Computern in der Schule?<\/span><\/strong><\/p>\n<p><span style=\"font-family: 'trebuchet ms', geneva, sans-serif\">Sch\u00fclerinitiative pro Tablet-Computer: Zun\u00e4chst einmal denken die meisten als erstes daran, mit einem Stift das, was andere in ihre Hefte schreiben, auf dem Tablet-Computer mitzuschreiben. Dies ist sicherlich richtig, aber nur ein Vorteil von vielen. So k\u00f6nnen zum Beispiel auch bei kleinen Gruppenarbeiten schnell eindrucksvolle PowerPoint-Pr\u00e4sentationen mit hochaufl\u00f6senden Bildern bzw. beeindruckenden Diagrammen und professionellen Statistiken erstellt werden, die nachher auf dem ActiveBoard interaktiv pr\u00e4sentiert werden k\u00f6nnen. Hinzu kommt der Verzicht auf schwere Schulmaterialien, aber auch die Synchronisation zwischen Smartphone, Tablet und Notebook, wodurch man immer alle Materialien dabei hat, ebenso wie viele weitere tolle M\u00f6glichkeiten, wie leistungsf\u00e4hige Mathematikprogramme, das Videoschnittprogramm oder Grafikprogramme f\u00fcr das Erstellen von hochwertigen Schaubildern.<\/span><\/p>\n<p><strong><span style=\"font-family: 'trebuchet ms', geneva, sans-serif\">hittnews: Was sind eure n\u00e4chsten Ziele?<\/span><\/strong><\/p>\n<p><span style=\"font-family: 'trebuchet ms', geneva, sans-serif\">SI: Unser gro\u00dfes Ziel ist eine einheitliche Erlaubnis f\u00fcr die Benutzung von Tablet-Computer hier am Gymnasium Hittfeld. Wir sind aktuell dabei, die Sch\u00fcler und Sch\u00fclerrinnen, Lehrer und Lehrerinnen und die weiteren Beteiligten unsere Schulgemeinschaft \u00fcber das Projekt, \u00fcber den Tablet-Computer und \u00fcber die Vorteile zu informieren, aber auch auf die Nachteile einzugehen. Momentan sind wir in der Informationsphase, aber fangen schon an erste Entscheidungen mit der Schulleitung zu treffen. Eben zum Beispiel hatten wir ein gutes Gespr\u00e4ch mit Frau H\u00f6nniger und Frau Bethke. Aber auch mit anderen Fachlehrerinnen und Fachlehrern haben wir bereits ausf\u00fchrlich gesprochen.<\/span><\/p>\n<p><strong><span style=\"font-family: 'trebuchet ms', geneva, sans-serif\">hittnews: Wann w\u00fcrde es diese einheitliche Regel geben?<\/span><\/strong><\/p>\n<p><span style=\"font-family: 'trebuchet ms', geneva, sans-serif\">SI: Wir arbeiten auf Hochtouren daran, allerdings m\u00fcssen noch einige Sachen gekl\u00e4rt werden, damit so etwas passiert. Aktuell gibt es noch Bedenken, doch diese sind mit Kompromissen und vielen Gespr\u00e4chen ausr\u00e4umbar. Es lassen sich noch keine genauen Angaben machen, doch wir sind da dran. Momentan m\u00fcssen wir vor allem die Sch\u00fclerinnen und Sch\u00fclern unterst\u00fctzen, die einen Tablet-Computer im Fachunterricht verwenden m\u00f6chten.<\/span><\/p>\n<p><strong><span style=\"font-family: 'trebuchet ms', geneva, sans-serif\">hittnews: Das hei\u00dft, dass wir noch selbst versuchen m\u00fcssen, die einzelnen Lehrer zu \u00fcberzeugen. Habt ihr daf\u00fcr Tipps?<\/span><\/strong><\/p>\n<p><span style=\"font-family: 'trebuchet ms', geneva, sans-serif\">SI: Wichtig ist nicht, provokant zu den Lehrerinnen und Lehrern zu sein. Wenn ihr euch einen Tablet-Computer gekauft habt und ihr ihn gerne einsetzen wollt, geht ihr am besten nicht so zum Lehrer: &#8222;So, ich habe jetzt einen Tablet-Computer, ich will damit schreiben.&#8220; Sondern ihr geht ganz vorsichtig ran, am besten schon vor dem Kauf und fragt erstmal, ob sie Tablet-Computer schon kennen, erkl\u00e4rt ihnen Funktion und Vorteile und weist sie auf den Gebrauch in anderen Klassen hin. Am Ende kommt die entscheidende Frage: &#8222;W\u00fcrden Sie zulassen, dass wir den Tablet-Computer im Unterricht benutzen?\u201c In den meisten F\u00e4llen kommt ein &#8222;Ja&#8220;, aber auch ein &#8222;Nein&#8220; ist erstmal zu akzeptieren. Wenn es da noch Bedenken und Fragen von einzelnen Sch\u00fclern und Sch\u00fclerinnen gibt, sollten die sich vielleicht an uns, die Sch\u00fclerinitiative pro Tablet-Computer, wenden. Wir geben gerne Tipps und haben mit solchen Lehrergespr\u00e4chen bereits eine Menge Erfahrung.<br \/>\n<\/span><\/p>\n<p><strong><span style=\"font-family: 'trebuchet ms', geneva, sans-serif\">hittnews: Welchen Vorschlag habt ihr, wenn die Lehrer mit einem Blick auf den Bildschirm kontrollieren wollen, ob die Sch\u00fcler ihre Aufgaben gemacht haben?<\/span><\/strong><\/p>\n<p><span style=\"font-family: 'trebuchet ms', geneva, sans-serif\">SI: Einfach zulassen, denn es ist ihr gutes Recht und die Sch\u00fcler, die einen Tablet-Computer haben, sollten sicherstellen, dass sie ihre Aufgaben machen, sodass die Kontrolle durch eine Fachlehrkraft kein Problem werden sollte.<\/span><\/p>\n<p><strong><span style=\"font-family: 'trebuchet ms', geneva, sans-serif\">hittnews: Und was ist, wenn man z.B. Aufgaben oder eine ganze Mappe abgeben soll?<\/span><\/strong><\/p>\n<p><span style=\"font-family: 'trebuchet ms', geneva, sans-serif\">SI: Dann sollten die Dateien an die Fachlehrkraft \u00fcbergeben werden. Die meisten bevorzugen den USB-Stick, ebenfalls m\u00f6glich sind Mail oder Nextcloud.<\/span><\/p>\n<p><strong><span style=\"font-family: 'trebuchet ms', geneva, sans-serif\">hittnews: Was passiert, wenn der Akku des Tablets leer wird und man nicht mehr mitschreiben kann?<\/span><\/strong><\/p>\n<p><span style=\"font-family: 'trebuchet ms', geneva, sans-serif\">SI: Das ist uns eigentlich noch nicht geschehen, da wir unsere Ger\u00e4te immer, bevor wir in die Schule gehen, komplett laden. Im SV-Raum ist auch f\u00fcr die meisten Tablets ein Ladeger\u00e4t. Wenn man da mal Not am Mann ist, k\u00f6nnen wir da immer aushelfen. Und sonst kann man sich auch das Ladeger\u00e4t mitnehmen und dann im Unterricht aufladen, aber eigentlich halten die Akkus mehr als einen Schultag. Julian hat den ganzen Tag mit dem Tablet-Computer gearbeitet und hat immer noch 44% Akkuleistung. Es ist seit knapp zwei Jahren Tablet-Computer-Einsatz noch kein einziger Zukunftsdenker ohne Akku &#8222;verdurstet&#8220;.<\/span><\/p>\n<p><strong><span style=\"font-family: 'trebuchet ms', geneva, sans-serif\">hittnews: Was passiert, wenn das Ger\u00e4t kaputtgeht? Habe ich dann Datenverlust?<br \/>\n<\/span><\/strong><\/p>\n<p><span style=\"font-family: 'trebuchet ms', geneva, sans-serif\">SI: Es ist immer sinnvoll, alle seine Daten zu sichern, z.B. auf einer externen Festplatte. Der Vorteil ist, dass von Mappen und Heften keine Sicherheitskopien gemacht werden k\u00f6nnen &#8211; von digitalen Dokumenten schon!<\/span><\/p>\n<p><strong><span style=\"font-family: trebuchet ms, geneva, sans-serif\"><span class=\"x_s2\">hittnews<\/span><span class=\"x_s2\">: Was sind eurer Meinung\u00a0<\/span><span class=\"x_s2\">nach die Nachteile<\/span><span class=\"x_s2\">\u00a0an einem Tablet- Computer?<\/span><\/span><\/strong><\/p>\n<p><span style=\"font-family: trebuchet ms, geneva, sans-serif\"><span class=\"x_s3\">SI: F\u00fcr uns ist ein Nachteil, das<\/span><span class=\"x_s3\">s<\/span><span class=\"x_s3\">\u00a0die Anschaffung\u00a0<\/span><span class=\"x_s3\">sehr viel<\/span><span class=\"x_s3\">\u00a0Geld kostet und sich nicht jeder dies\u00a0<\/span><span class=\"x_s3\">leisten<\/span><span class=\"x_s3\">\u00a0kann.<\/span><\/span><\/p>\n<p><span class=\"x_s3\" style=\"font-family: trebuchet ms, geneva, sans-serif\"><strong><span class=\"x_s2\">hittnews<\/span><span class=\"x_s2\">: <\/span>Zudem sind einige noch Lehrer und Lehrerinnen dagegen.<\/strong><\/span><\/p>\n<p><span style=\"font-family: trebuchet ms, geneva, sans-serif\"><span class=\"x_s3\">Frau\u00a0<\/span><span class=\"x_s3\">Hardinghaus-Spendlin<\/span><span class=\"x_s3\">\u00a0hat uns angesprochen bez\u00fcglich der Mappen-Abgabe, weil sie gerne die Mappen einsammelt<\/span><span class=\"x_s3\">. <\/span><\/span><span class=\"x_s3\" style=\"font-family: trebuchet ms, geneva, sans-serif\">Unsere Empfehlung ist die Mappen einfach per E-Mail an die Lehrer zuschicken.<\/span><\/p>\n<p><strong><span style=\"font-family: trebuchet ms, geneva, sans-serif\"><span class=\"x_s2\">hittnews<\/span><span class=\"x_s2\">: Wenn man ein nicht sehr hochwertiges Modell eines Tablet- Computers besitzt, kann es zu Mobbing kommen. Was sagt ihr dazu?<\/span><\/span><\/strong><\/p>\n<p><span style=\"font-family: trebuchet ms, geneva, sans-serif\"><span class=\"x_s3\">SI: Wir glauben nicht das dies zu Mobbing f\u00fchren wird, da es sehr viele a<\/span><span class=\"x_s3\">nd<\/span><span class=\"x_s3\">ere\u00a0<\/span><span class=\"x_s3\">Gr\u00fcnde gibt, warum man gemobbt werden k\u00f6nnte,<\/span><span class=\"x_s3\">\u00a0wenn man z.B. nicht so viel Geld hat und sich teure Kleidung oder ein Smartphone nicht leisten kann<\/span><span class=\"x_s3\">. Au\u00dferdem haben\u00a0<\/span><span class=\"x_s3\">bis jetzt<\/span><span class=\"x_s3\">\u00a0nur wenige Sch\u00fcler\u00a0<\/span><span class=\"x_s3\">Interesse<\/span><span class=\"x_s3\">\u00a0an\u00a0<\/span><span class=\"x_s3\">einem Tablet- Computer<\/span><span class=\"x_s3\">, sodass es unser Meinung nach dies nicht zu Mobbing f\u00fchrt<\/span><span class=\"x_s3\">.<\/span><\/span><\/p>\n<p><strong><span style=\"font-family: trebuchet ms, geneva, sans-serif\"><span class=\"x_s2\">hittnews<\/span><span class=\"x_s2\">: Die Studie von<\/span><span class=\"x_s2\">\u00a0der\u00a0<\/span><\/span><\/strong><a id=\"LPlnk407992\" name=\"x__GoBack\"><\/a><strong><span style=\"font-family: trebuchet ms, geneva, sans-serif\"><span class=\"x_s2\">London\u00a0<\/span><span class=\"x_s2\">School<\/span><span class=\"x_s2\">\u00a0<\/span><span class=\"x_s2\">of<\/span><span class=\"x_s2\">E<\/span><span class=\"x_s2\">conomics\u00a0<\/span><span class=\"x_s2\">besagt, dass<\/span><span class=\"x_s2\">\u00a0Sch\u00fcler<\/span><span class=\"x_s2\">\u00a0und Sch\u00fclerinnen\u00a0<\/span><span class=\"x_s2\">bessere Noten schreibe<\/span><span class=\"x_s2\">n<\/span><span class=\"x_s2\">, wenn\u00a0<\/span><span class=\"x_s2\">Smartphones\/Tablet-Computer\u00a0<\/span><span class=\"x_s2\">in der Schule\u00a0<\/span><span class=\"x_s2\">verboten sind<\/span><span class=\"x_s2\">.<\/span><span class=\"x_s2\">\u00a0<\/span><span class=\"x_s2\">K\u00f6nnt ihr das best\u00e4tigen?<\/span><\/span><\/strong><\/p>\n<p><span style=\"font-family: trebuchet ms, geneva, sans-serif\"><span class=\"x_s3\">SI: Es kommt nat\u00fcrlich auf die<\/span><span class=\"x_s3\">\u00a0<\/span><span class=\"x_s3\">Nutzung an, wenn diese Ger\u00e4te sinnvoll zum\u00a0<\/span><span class=\"x_s3\">Arbeiten<\/span><span class=\"x_s3\">\u00a0genutzt werden<\/span><span class=\"x_s3\">, sollte das nicht so sein. <\/span><\/span><span class=\"x_s3\" style=\"font-family: trebuchet ms, geneva, sans-serif\">In B\u00fcros zum Beispiel, wo man auch produktiv arbeiten soll, arbeitet man heutzutage auch mit Computern. <\/span><span class=\"x_s3\" style=\"font-family: trebuchet ms, geneva, sans-serif\">Insofern k\u00f6nnen wir dies nicht best\u00e4tigen, sogar im Gegenteil. <\/span><span class=\"x_s3\" style=\"font-family: trebuchet ms, geneva, sans-serif\">Ich z.B. habe im letzten Jahr, als ich mit dem Tablet-Computer gearbeitet habe, mein mit Abstand bestes Zeugnis geschrieben.<\/span><\/p>\n<p><strong><span style=\"font-family: trebuchet ms, geneva, sans-serif\"><span class=\"x_s2\">hittnews<\/span><span class=\"x_s2\">:<\/span><span class=\"x_s2\">\u00a0<\/span><span class=\"x_s2\">Es entsteht Konsumdruck<\/span><span class=\"x_s2\">,<\/span><span class=\"x_s2\">\u00a0d<\/span><span class=\"x_s2\">as\u00a0<\/span><span class=\"x_s2\">kann\u00a0<\/span><span class=\"x_s2\">doch auch zu\u00a0<\/span><span class=\"x_s2\">Mobbing<\/span><span class=\"x_s2\">\u00a0f\u00fchren, weil\u00a0<\/span><span class=\"x_s2\">ma<\/span><span class=\"x_s2\">n sich\u00a0<\/span><span class=\"x_s2\">jedes Jahr ein neues Ger\u00e4t kaufen<\/span><span class=\"x_s2\"> &#8222;<\/span><span class=\"x_s2\">muss&#8220;<\/span><span class=\"x_s2\">, oder?<\/span><\/span><\/strong><\/p>\n<p><span style=\"font-family: trebuchet ms, geneva, sans-serif\"><span class=\"x_s3\">SI:<\/span><span class=\"x_s3\">\u00a0<\/span><span class=\"x_s3\">Das glaub ich nicht, also ich zum Beispiel habe mein Surface schon relativ lange und ich sehe keinen Grund mir ein neues zukaufen. <\/span><\/span><span class=\"x_s3\" style=\"font-family: trebuchet ms, geneva, sans-serif\">Ich kenne auch Leute die noch viel \u00e4ltere Ger\u00e4te nutzen, ein Freund von mir hat ein vier Jahre altes Ger\u00e4t. <\/span><span style=\"font-family: trebuchet ms, geneva, sans-serif\"><span class=\"x_s3\">Aber n<\/span><span class=\"x_s3\">at\u00fcrlich kann\u00a0<\/span><span class=\"x_s3\">die<\/span><span class=\"x_s3\">s bei einigen\u00a0<\/span><span class=\"x_s3\">Entstehen<\/span><span class=\"x_s3\">. <\/span><\/span><span style=\"font-family: trebuchet ms, geneva, sans-serif\"><span class=\"x_s3\">Jedoch kann es das auch<\/span><span class=\"x_s3\">\u00a0genauso bei Smartphones<\/span><span class=\"x_s3\">und\u00a0<\/span><span class=\"x_s3\">Schulranzen<\/span><span class=\"x_s3\">\u00a0<\/span><span class=\"x_s3\">geben<\/span><span class=\"x_s3\">.\u00a0<\/span><\/span><\/p>\n<p><strong><span style=\"font-family: trebuchet ms, geneva, sans-serif\"><span class=\"x_s2\">hittnews<\/span><span class=\"x_s2\">: Durch die Ger\u00e4te entsteht Strahlung und diese kann dem Gehirn schaden<\/span><span class=\"x_s2\">, oder?<\/span><\/span><\/strong><\/p>\n<p><span style=\"font-family: trebuchet ms, geneva, sans-serif\"><span class=\"x_s3\">SI<\/span><span class=\"x_s3\">: Dies ist nicht nachgewiesen,<\/span><span class=\"x_s3\">\u00a0ob<\/span><span class=\"x_s3\">\u00a0diese Dosis an Strahlung sch\u00e4dlich<\/span><span class=\"x_s3\">\u00a0ist<\/span><span class=\"x_s3\">. Au\u00dferdem haben sehr viele Sch\u00fcler ein Smartphone, welche noch viel mehr Strahlung haben als die Tablet-Computer. <\/span><\/span><span class=\"x_s3\" style=\"font-family: trebuchet ms, geneva, sans-serif\">Insofern sollte auch das kein Problem darstellen.<\/span><\/p>\n<p><strong><span style=\"font-family: 'trebuchet ms', geneva, sans-serif\">hittnews: Welche Apps oder Programme k\u00f6nnt ihr f\u00fcr die jeweiligen Ger\u00e4te empfehlen?<\/span><\/strong><\/p>\n<p><span style=\"font-family: 'trebuchet ms', geneva, sans-serif\">SI: Generell k\u00f6nnen wir Windows empfehlen, weil Power Point, Word, Excel und Office Lens, ein Scanner f\u00fcr Arbeitsbl\u00e4tter, Standartprogramme f\u00fcr Windows sind und so f\u00fcr den Fachunterricht wirklich geeignet sind. Zudem stehen unter Windows als vollwertiges Betriebssystem mehr Anwendungen (z.B. Scratch, PowerPoint mit allen Funktionen oder ein offenes Dateisystem) zur Verf\u00fcgung als auf einem mobilen System wie Android oder iOS.<\/span><\/p>\n<p><strong><span style=\"font-family: 'trebuchet ms', geneva, sans-serif\">hittnews: Welche Ger\u00e4te k\u00f6nntet ihr f\u00fcr kleines Geld empfehlen?<\/span><\/strong><\/p>\n<p><span style=\"font-family: 'trebuchet ms', geneva, sans-serif\">SI: Es gibt viele gute Tablet-Computer auf dem Markt, von denen wir als Initiative verschiedene Ger\u00e4te ausprobiert und getestet haben. Jedes Ger\u00e4t hat seine Vor-, aber auch seine Nachteile. Wichtige Punkte f\u00fcr die Schule sollten auf jeden Fall ein aktiver Eingabestift, eine andockbare Tastatur und ein USB-Anschluss f\u00fcr den schnellen Datenaustausch sein. Wir haben in der Schule viele verschiedenen Kategorien getestet, unter anderem das Apple iPad, Android-Tablets sowie Windows-Tablets. Wir empfehlen immer sehr gerne das Surface Go der Firma Microsoft. Dieses ist ab etwa 420\u20ac erh\u00e4ltlich, allerdings sollten f\u00fcr die Schule auf jeden Fall das zugeh\u00f6rige Type Cover als Tastatur und den Surface Pen als Stift extra gekauft werden. Etwas g\u00fcnstiger ist hingegen das ASUS Transformer Mini, welches bereits mit Stift und Tastatur ab etwa 360\u20ac erh\u00e4ltlich ist.<\/span><\/p>\n<p><span style=\"font-family: 'trebuchet ms', geneva, sans-serif\">Erfahrungsberichte, Tipps und Empfehlungen ver\u00f6ffentlichen wir in unserem Online-Blog &#8222;Neues Lernen&#8220; auf unserer Homepage.<\/span><\/p>\n<p><strong><span style=\"font-family: 'trebuchet ms', geneva, sans-serif\">hittnews: Wieso empfehlt ihr denn nicht das Bildungs-iPad?<\/span><\/strong><\/p>\n<p><span style=\"font-family: 'trebuchet ms', geneva, sans-serif\">Das neue iPad ist ein tolles Ger\u00e4t, aber f\u00fcr den Schulgebrauch unserer Meinung nach noch nicht ausgereift.<\/span><\/p>\n<p><strong><span style=\"font-family: 'trebuchet ms', geneva, sans-serif\">hittnews: Tastatur oder Stift?<\/span><\/strong><\/p>\n<p><span style=\"font-family: 'trebuchet ms', geneva, sans-serif\">SI: Beides am besten. Wir wollen auf jeden Fall auf keines von beidem verzichten.<\/span><\/p>\n<p><strong><span style=\"font-family: 'trebuchet ms', geneva, sans-serif\">hittnews: Was w\u00fcrdet ihr nehmen, wenn ihr euch entscheiden m\u00fcsstet?<\/span><\/strong><\/p>\n<p><span style=\"font-family: 'trebuchet ms', geneva, sans-serif\">SI: Naja, zum Mitschreiben reicht der Stift meistens aus, die anderen m\u00fcssen ja schlie\u00dflich auch den Stift benutzen und wie willst du mit der Tastatur irgendwelche komplizierten chemischen Formeln eingeben? <\/span><span style=\"font-family: 'trebuchet ms', geneva, sans-serif\">Aber dennoch ist eine Tastatur f\u00fcr Pr\u00e4sentationen, langen Texten und schnelles Mitschreiben h\u00e4ufig praktischer.<\/span><\/p>\n<p>&nbsp;<\/p>\n<p>&nbsp;<\/p>\n<p><strong><span style=\"font-family: 'trebuchet ms', geneva, sans-serif\">hittnews: Was erhofft ihr euch von der Schulvorstandsitzung am 04.12.2018?<\/span><\/strong><\/p>\n<p><span style=\"font-family: 'trebuchet ms', geneva, sans-serif\">SI: Wir erhoffen uns, dass der Schulvorstand \u00fcber unsere Initiative informiert wird, denn alle vier Sch\u00fclervertreter im Schulvorstand sind auch Initiativen-Mitglieder. Au\u00dferdem wollen wir viele Lehrer, Lehrerinnen und Eltern am Lernen mit digitalen Medien begeistern. Ein Digitalkonzept soll dort langfristig auch vorgestellt werden.<\/span><\/p>\n<p><strong><span style=\"font-family: 'trebuchet ms', geneva, sans-serif\">hittnews: Vielen Dank f\u00fcr das Interview.<\/span><\/strong><\/p>\n<p><span style=\"font-family: 'trebuchet ms', geneva, sans-serif\">SI: Vielen Dank f\u00fcr die Fragen und f\u00fcr das Interesse.<\/span><\/p>\n<p>&nbsp;<\/p>\n<p><span style=\"font-family: 'trebuchet ms', geneva, sans-serif\">Die Website der Sch\u00fclerinitiative pro Tablet-Computer:<\/span><br \/>\n<a href=\"https:\/\/schuelerinitiative-tabletpc.jimdofree.com\/\"><span style=\"font-family: 'trebuchet ms', geneva, sans-serif\">https:\/\/schuelerinitiative-tabletpc.jimdofree.com\/<\/span><\/a><\/p>\n","protected":false},"excerpt":{"rendered":"<p>Aktuell diskutieren Bund und L\u00e4nder \u00fcber die Digitalisierung an Schulen. Sogar ein \u00c4nderung des Grundgesetzes steht im Raum. Grund genug f\u00fcr hittnews, sich mit der Sch\u00fclerinitiative pro Tablet-Computer unserer Schule zu treffen und ihr Fragen zu Digitalisierungsprozessen an unserer Schule zu stellen.<\/p>\n","protected":false},"author":9192849,"featured_media":0,"comment_status":"closed","ping_status":"closed","sticky":false,"template":"","format":"standard","meta":{"footnotes":""},"categories":[1],"tags":[4,6,5],"class_list":["post-472","post","type-post","status-publish","format-standard","hentry","category-allgemein","tag-digitalisierung","tag-interview","tag-schuelerinitiative-pro-tablet-computer"],"_links":{"self":[{"href":"https:\/\/wordpress.nibis.de\/hittnews\/wp-json\/wp\/v2\/posts\/472","targetHints":{"allow":["GET"]}}],"collection":[{"href":"https:\/\/wordpress.nibis.de\/hittnews\/wp-json\/wp\/v2\/posts"}],"about":[{"href":"https:\/\/wordpress.nibis.de\/hittnews\/wp-json\/wp\/v2\/types\/post"}],"author":[{"embeddable":true,"href":"https:\/\/wordpress.nibis.de\/hittnews\/wp-json\/wp\/v2\/users\/9192849"}],"replies":[{"embeddable":true,"href":"https:\/\/wordpress.nibis.de\/hittnews\/wp-json\/wp\/v2\/comments?post=472"}],"version-history":[{"count":17,"href":"https:\/\/wordpress.nibis.de\/hittnews\/wp-json\/wp\/v2\/posts\/472\/revisions"}],"predecessor-version":[{"id":501,"href":"https:\/\/wordpress.nibis.de\/hittnews\/wp-json\/wp\/v2\/posts\/472\/revisions\/501"}],"wp:attachment":[{"href":"https:\/\/wordpress.nibis.de\/hittnews\/wp-json\/wp\/v2\/media?parent=472"}],"wp:term":[{"taxonomy":"category","embeddable":true,"href":"https:\/\/wordpress.nibis.de\/hittnews\/wp-json\/wp\/v2\/categories?post=472"},{"taxonomy":"post_tag","embeddable":true,"href":"https:\/\/wordpress.nibis.de\/hittnews\/wp-json\/wp\/v2\/tags?post=472"}],"curies":[{"name":"wp","href":"https:\/\/api.w.org\/{rel}","templated":true}]}}