{"id":2524,"date":"2022-05-04T12:57:00","date_gmt":"2022-05-04T10:57:00","guid":{"rendered":"https:\/\/wordpress.nibis.de\/hmo\/?p=2524"},"modified":"2022-05-05T13:41:18","modified_gmt":"2022-05-05T11:41:18","slug":"elterncafe-zur-projektwoche","status":"publish","type":"post","link":"https:\/\/wordpress.nibis.de\/hmo\/aktuelles\/elterncafe-zur-projektwoche\/","title":{"rendered":"Elterncaf\u00e9 zur Projektwoche"},"content":{"rendered":"\n<p>Liebe Sch\u00fclerinnen und Sch\u00fcler, liebe Lehrerinnen und Lehrer, liebe Eltern,<\/p>\n<p>das Elterncaf\u00e9 zur Abschlussfeier der Projektwoche war ein voller Erfolg.<\/p>\n<p>Nicht ein Kuchenkr\u00fcmel ist \u00fcbriggeblieben und wir konnten 301 Euro Spendengelder zu Gunsten der Ukraine einsammeln.<\/p>\n<p>Die Spendenkiste f\u00fcr Sch\u00fclerinnen und Sch\u00fcler aus der Ukraine, die in n\u00e4chster Zeit an unsere Schule kommen werden, platzte auch aus allen N\u00e4hten. Wir werden daraus nach Bedarf die Kinder und Jugendlichen versorgen.<\/p>\n<p>Die Kisten mit den Lebensmittelspenden f\u00fcr die Tafel haben wir bereits am Samstag \u00fcbergeben k\u00f6nnen. Besonders gefreut hat sich Marianne Abeln von der Tafel \u00fcber das viele Salz und den Zucker. Zurzeit besuchen die Tafel regelm\u00e4\u00dfig 60 Familien oder Einzelpersonen, Frau Abeln geht aber davon aus, dass es im Sommer bis zu 100 werden. Da auch die Superm\u00e4rkte immer knapper kalkulieren und sie nur das abgeben d\u00fcrfen, was \u00fcbrig ist, wird die Tafel zunehmend auf private Spenden angewiesen sein. Wer also noch spenden m\u00f6chte, jederzeit und gerne.<br \/>Die Tafel l\u00e4sst ein gro\u00dfes Dankesch\u00f6n an die Eltern der HMO ausrichten. Voraussichtlich sind diese Lebensmittel auch schon Anfang der Woche verteilt.<\/p>\n<p>Zum Schluss m\u00f6chten wir Euch noch ganz besonders Danken. F\u00fcr Eure Hilfe, f\u00fcr Eure Spenden und f\u00fcr Euren guten Appetit.<\/p>\n<p>Euer<\/p>\n<p>Schulelternrat<\/p>\n\n\n\n<figure class=\"wp-block-gallery has-nested-images columns-default is-cropped wp-block-gallery-1 is-layout-flex wp-block-gallery-is-layout-flex\">\n<figure class=\"wp-block-image size-large\"><img loading=\"lazy\" decoding=\"async\" width=\"416\" height=\"471\" data-id=\"2526\" src=\"https:\/\/wordpress.nibis.de\/hmo\/files\/2022\/05\/Bild1.jpg\" alt=\"\" class=\"wp-image-2526\" \/><\/figure>\n\n\n\n<figure class=\"wp-block-image size-large\"><img loading=\"lazy\" decoding=\"async\" width=\"310\" height=\"509\" data-id=\"2525\" src=\"https:\/\/wordpress.nibis.de\/hmo\/files\/2022\/05\/Bild2.jpg\" alt=\"\" class=\"wp-image-2525\" \/><\/figure>\n<\/figure>\n","protected":false},"excerpt":{"rendered":"<p>Liebe Sch\u00fclerinnen und Sch\u00fcler, liebe Lehrerinnen und Lehrer, liebe Eltern, das Elterncaf\u00e9 zur Abschlussfeier der Projektwoche war ein voller Erfolg. Nicht ein Kuchenkr\u00fcmel ist \u00fcbriggeblieben und wir konnten 301 Euro <a class=\"more-link\" href=\"https:\/\/wordpress.nibis.de\/hmo\/aktuelles\/elterncafe-zur-projektwoche\/\">Continue Reading &rarr;<\/a><\/p>\n","protected":false},"author":9193876,"featured_media":0,"comment_status":"closed","ping_status":"closed","sticky":false,"template":"","format":"standard","meta":{"footnotes":""},"categories":[32,28],"tags":[],"class_list":["post-2524","post","type-post","status-publish","format-standard","hentry","category-125-jaehriges-jubilaeum","category-aktuelles"],"_links":{"self":[{"href":"https:\/\/wordpress.nibis.de\/hmo\/wp-json\/wp\/v2\/posts\/2524","targetHints":{"allow":["GET"]}}],"collection":[{"href":"https:\/\/wordpress.nibis.de\/hmo\/wp-json\/wp\/v2\/posts"}],"about":[{"href":"https:\/\/wordpress.nibis.de\/hmo\/wp-json\/wp\/v2\/types\/post"}],"author":[{"embeddable":true,"href":"https:\/\/wordpress.nibis.de\/hmo\/wp-json\/wp\/v2\/users\/9193876"}],"replies":[{"embeddable":true,"href":"https:\/\/wordpress.nibis.de\/hmo\/wp-json\/wp\/v2\/comments?post=2524"}],"version-history":[{"count":1,"href":"https:\/\/wordpress.nibis.de\/hmo\/wp-json\/wp\/v2\/posts\/2524\/revisions"}],"predecessor-version":[{"id":2527,"href":"https:\/\/wordpress.nibis.de\/hmo\/wp-json\/wp\/v2\/posts\/2524\/revisions\/2527"}],"wp:attachment":[{"href":"https:\/\/wordpress.nibis.de\/hmo\/wp-json\/wp\/v2\/media?parent=2524"}],"wp:term":[{"taxonomy":"category","embeddable":true,"href":"https:\/\/wordpress.nibis.de\/hmo\/wp-json\/wp\/v2\/categories?post=2524"},{"taxonomy":"post_tag","embeddable":true,"href":"https:\/\/wordpress.nibis.de\/hmo\/wp-json\/wp\/v2\/tags?post=2524"}],"curies":[{"name":"wp","href":"https:\/\/api.w.org\/{rel}","templated":true}]}}