{"id":2544,"date":"2022-05-05T13:37:23","date_gmt":"2022-05-05T11:37:23","guid":{"rendered":"https:\/\/wordpress.nibis.de\/hmo\/?p=2544"},"modified":"2022-05-05T13:37:24","modified_gmt":"2022-05-05T11:37:24","slug":"interkulturelles-backen","status":"publish","type":"post","link":"https:\/\/wordpress.nibis.de\/hmo\/125-jaehriges-jubilaeum\/interkulturelles-backen\/","title":{"rendered":"Interkulturelles Backen"},"content":{"rendered":"\n<p>Eine Woche lang haben Sch\u00fclerinnen und Sch\u00fcler Rezepte aus unterschiedlichen Kulturen gebacken und ihre Produkte an die Sch\u00fclerschaft verkauft.<\/p>\n<p>Sch\u00fclerfazit am Ende der Projektwoche: &#8222;Ich w\u00fcnsche mir eine neue K\u00fcche!&#8220;<\/p>\n\n\n\n<figure class=\"wp-block-gallery has-nested-images columns-default is-cropped wp-block-gallery-1 is-layout-flex wp-block-gallery-is-layout-flex\">\n<figure class=\"wp-block-image size-large\"><img loading=\"lazy\" decoding=\"async\" width=\"1200\" height=\"675\" data-id=\"2545\" src=\"https:\/\/wordpress.nibis.de\/hmo\/files\/2022\/05\/20220427_103649-1200x675.jpg\" alt=\"\" class=\"wp-image-2545\" srcset=\"https:\/\/wordpress.nibis.de\/hmo\/files\/2022\/05\/20220427_103649-1200x675.jpg 1200w, https:\/\/wordpress.nibis.de\/hmo\/files\/2022\/05\/20220427_103649-850x478.jpg 850w, https:\/\/wordpress.nibis.de\/hmo\/files\/2022\/05\/20220427_103649-250x141.jpg 250w\" sizes=\"auto, (max-width: 1200px) 100vw, 1200px\" \/><\/figure>\n<\/figure>\n","protected":false},"excerpt":{"rendered":"<p>Eine Woche lang haben Sch\u00fclerinnen und Sch\u00fcler Rezepte aus unterschiedlichen Kulturen gebacken und ihre Produkte an die Sch\u00fclerschaft verkauft. Sch\u00fclerfazit am Ende der Projektwoche: &#8222;Ich w\u00fcnsche mir eine neue K\u00fcche!&#8220;<\/p>\n","protected":false},"author":9193876,"featured_media":0,"comment_status":"closed","ping_status":"closed","sticky":false,"template":"","format":"standard","meta":{"footnotes":""},"categories":[32],"tags":[],"class_list":["post-2544","post","type-post","status-publish","format-standard","hentry","category-125-jaehriges-jubilaeum"],"_links":{"self":[{"href":"https:\/\/wordpress.nibis.de\/hmo\/wp-json\/wp\/v2\/posts\/2544","targetHints":{"allow":["GET"]}}],"collection":[{"href":"https:\/\/wordpress.nibis.de\/hmo\/wp-json\/wp\/v2\/posts"}],"about":[{"href":"https:\/\/wordpress.nibis.de\/hmo\/wp-json\/wp\/v2\/types\/post"}],"author":[{"embeddable":true,"href":"https:\/\/wordpress.nibis.de\/hmo\/wp-json\/wp\/v2\/users\/9193876"}],"replies":[{"embeddable":true,"href":"https:\/\/wordpress.nibis.de\/hmo\/wp-json\/wp\/v2\/comments?post=2544"}],"version-history":[{"count":1,"href":"https:\/\/wordpress.nibis.de\/hmo\/wp-json\/wp\/v2\/posts\/2544\/revisions"}],"predecessor-version":[{"id":2546,"href":"https:\/\/wordpress.nibis.de\/hmo\/wp-json\/wp\/v2\/posts\/2544\/revisions\/2546"}],"wp:attachment":[{"href":"https:\/\/wordpress.nibis.de\/hmo\/wp-json\/wp\/v2\/media?parent=2544"}],"wp:term":[{"taxonomy":"category","embeddable":true,"href":"https:\/\/wordpress.nibis.de\/hmo\/wp-json\/wp\/v2\/categories?post=2544"},{"taxonomy":"post_tag","embeddable":true,"href":"https:\/\/wordpress.nibis.de\/hmo\/wp-json\/wp\/v2\/tags?post=2544"}],"curies":[{"name":"wp","href":"https:\/\/api.w.org\/{rel}","templated":true}]}}