{"id":2552,"date":"2022-05-09T14:14:53","date_gmt":"2022-05-09T12:14:53","guid":{"rendered":"https:\/\/wordpress.nibis.de\/hmo\/?p=2552"},"modified":"2022-05-09T14:18:25","modified_gmt":"2022-05-09T12:18:25","slug":"der-traum-vom-fliegen","status":"publish","type":"post","link":"https:\/\/wordpress.nibis.de\/hmo\/125-jaehriges-jubilaeum\/der-traum-vom-fliegen\/","title":{"rendered":"Der Traum vom Fliegen"},"content":{"rendered":"\n<p>Im Projekt &#8222;Der Traum vom Fliegen&#8220; haben die Sch\u00fcler:innen Hintergr\u00fcnde zur historischen Entwicklung der Luftfahrt erarbeitet und Modelle verschiedener Flugzeuge gebaut. Ein Papierfliegerwettbewerb rundete die Woche ab. Als H\u00f6hepunkt der Woche erarbeiteten die Sch\u00fcler:innen die Grundlagen zum Wetterballon und lie\u00dfen einen solchen steigen.\u00a0<\/p>\n<p>Die Aufnahmen kann man sich <a href=\"https:\/\/www.youtube.com\/watch?v=sCNVqQ-rj34\">hier<\/a> anschauen.<\/p>\n<p>\u00a0<\/p>\n\n\n\n<figure class=\"wp-block-gallery has-nested-images columns-default is-cropped wp-block-gallery-1 is-layout-flex wp-block-gallery-is-layout-flex\">\n<figure class=\"wp-block-image size-large\"><img loading=\"lazy\" decoding=\"async\" width=\"1200\" height=\"675\" data-id=\"2555\" src=\"https:\/\/wordpress.nibis.de\/hmo\/files\/2022\/05\/Image-12-1200x675.jpg\" alt=\"\" class=\"wp-image-2555\" srcset=\"https:\/\/wordpress.nibis.de\/hmo\/files\/2022\/05\/Image-12-1200x675.jpg 1200w, https:\/\/wordpress.nibis.de\/hmo\/files\/2022\/05\/Image-12-850x478.jpg 850w, https:\/\/wordpress.nibis.de\/hmo\/files\/2022\/05\/Image-12-250x141.jpg 250w\" sizes=\"auto, (max-width: 1200px) 100vw, 1200px\" \/><\/figure>\n\n\n\n<figure class=\"wp-block-image size-large\"><img loading=\"lazy\" decoding=\"async\" width=\"1200\" height=\"675\" data-id=\"2554\" src=\"https:\/\/wordpress.nibis.de\/hmo\/files\/2022\/05\/Image-13-1200x675.jpg\" alt=\"\" class=\"wp-image-2554\" srcset=\"https:\/\/wordpress.nibis.de\/hmo\/files\/2022\/05\/Image-13-1200x675.jpg 1200w, https:\/\/wordpress.nibis.de\/hmo\/files\/2022\/05\/Image-13-850x478.jpg 850w, https:\/\/wordpress.nibis.de\/hmo\/files\/2022\/05\/Image-13-250x141.jpg 250w\" sizes=\"auto, (max-width: 1200px) 100vw, 1200px\" \/><\/figure>\n\n\n\n<figure class=\"wp-block-image size-large\"><img loading=\"lazy\" decoding=\"async\" width=\"1200\" height=\"675\" data-id=\"2553\" src=\"https:\/\/wordpress.nibis.de\/hmo\/files\/2022\/05\/Image-14-1200x675.jpg\" alt=\"\" class=\"wp-image-2553\" srcset=\"https:\/\/wordpress.nibis.de\/hmo\/files\/2022\/05\/Image-14-1200x675.jpg 1200w, https:\/\/wordpress.nibis.de\/hmo\/files\/2022\/05\/Image-14-850x478.jpg 850w, https:\/\/wordpress.nibis.de\/hmo\/files\/2022\/05\/Image-14-250x141.jpg 250w\" sizes=\"auto, (max-width: 1200px) 100vw, 1200px\" \/><\/figure>\n\n\n\n<figure class=\"wp-block-image size-large\"><img loading=\"lazy\" decoding=\"async\" width=\"720\" height=\"675\" data-id=\"2556\" src=\"https:\/\/wordpress.nibis.de\/hmo\/files\/2022\/05\/Image-1-720x675.jpg\" alt=\"\" class=\"wp-image-2556\" \/><\/figure>\n\n\n\n<figure class=\"wp-block-image size-large\"><img loading=\"lazy\" decoding=\"async\" width=\"1200\" height=\"675\" data-id=\"2557\" src=\"https:\/\/wordpress.nibis.de\/hmo\/files\/2022\/05\/Image-1594-1200x675.jpg\" alt=\"\" class=\"wp-image-2557\" srcset=\"https:\/\/wordpress.nibis.de\/hmo\/files\/2022\/05\/Image-1594-1200x675.jpg 1200w, https:\/\/wordpress.nibis.de\/hmo\/files\/2022\/05\/Image-1594-850x478.jpg 850w, https:\/\/wordpress.nibis.de\/hmo\/files\/2022\/05\/Image-1594-250x141.jpg 250w\" sizes=\"auto, (max-width: 1200px) 100vw, 1200px\" \/><\/figure>\n<\/figure>\n","protected":false},"excerpt":{"rendered":"<p>Im Projekt &#8222;Der Traum vom Fliegen&#8220; haben die Sch\u00fcler:innen Hintergr\u00fcnde zur historischen Entwicklung der Luftfahrt erarbeitet und Modelle verschiedener Flugzeuge gebaut. Ein Papierfliegerwettbewerb rundete die Woche ab. Als H\u00f6hepunkt der <a class=\"more-link\" href=\"https:\/\/wordpress.nibis.de\/hmo\/125-jaehriges-jubilaeum\/der-traum-vom-fliegen\/\">Continue Reading &rarr;<\/a><\/p>\n","protected":false},"author":9193876,"featured_media":0,"comment_status":"closed","ping_status":"closed","sticky":false,"template":"","format":"standard","meta":{"footnotes":""},"categories":[32],"tags":[],"class_list":["post-2552","post","type-post","status-publish","format-standard","hentry","category-125-jaehriges-jubilaeum"],"_links":{"self":[{"href":"https:\/\/wordpress.nibis.de\/hmo\/wp-json\/wp\/v2\/posts\/2552","targetHints":{"allow":["GET"]}}],"collection":[{"href":"https:\/\/wordpress.nibis.de\/hmo\/wp-json\/wp\/v2\/posts"}],"about":[{"href":"https:\/\/wordpress.nibis.de\/hmo\/wp-json\/wp\/v2\/types\/post"}],"author":[{"embeddable":true,"href":"https:\/\/wordpress.nibis.de\/hmo\/wp-json\/wp\/v2\/users\/9193876"}],"replies":[{"embeddable":true,"href":"https:\/\/wordpress.nibis.de\/hmo\/wp-json\/wp\/v2\/comments?post=2552"}],"version-history":[{"count":1,"href":"https:\/\/wordpress.nibis.de\/hmo\/wp-json\/wp\/v2\/posts\/2552\/revisions"}],"predecessor-version":[{"id":2558,"href":"https:\/\/wordpress.nibis.de\/hmo\/wp-json\/wp\/v2\/posts\/2552\/revisions\/2558"}],"wp:attachment":[{"href":"https:\/\/wordpress.nibis.de\/hmo\/wp-json\/wp\/v2\/media?parent=2552"}],"wp:term":[{"taxonomy":"category","embeddable":true,"href":"https:\/\/wordpress.nibis.de\/hmo\/wp-json\/wp\/v2\/categories?post=2552"},{"taxonomy":"post_tag","embeddable":true,"href":"https:\/\/wordpress.nibis.de\/hmo\/wp-json\/wp\/v2\/tags?post=2552"}],"curies":[{"name":"wp","href":"https:\/\/api.w.org\/{rel}","templated":true}]}}