{"id":2575,"date":"2022-05-09T14:26:44","date_gmt":"2022-05-09T12:26:44","guid":{"rendered":"https:\/\/wordpress.nibis.de\/hmo\/?p=2575"},"modified":"2022-05-09T14:26:54","modified_gmt":"2022-05-09T12:26:54","slug":"regionale-verbundenheit-leben-vor-100-jahren-in-aschendorf","status":"publish","type":"post","link":"https:\/\/wordpress.nibis.de\/hmo\/125-jaehriges-jubilaeum\/regionale-verbundenheit-leben-vor-100-jahren-in-aschendorf\/","title":{"rendered":"Regionale Verbundenheit &#8211; Leben vor 100 Jahren in Aschendorf"},"content":{"rendered":"\n<p>Im Rahmen der Projektwoche widmeten sich die <strong>Medienscouts<\/strong> unserer Schule einem Kooperationsprojekt mit dem <strong>Heimat- und B\u00fcrgerverein Aschendorf<\/strong>. Ziel war die Ausstattung und <strong>Digitalisierung<\/strong> der vorhandenen Informationstafeln des Heimathofes mit <strong>QR-Codes<\/strong>.<\/p>\n<p>Dazu arbeiteten die Sch\u00fclerInnen eine Woche lang auf dem Gel\u00e4nde des Heimat- und B\u00fcrgervereins. Sie erstellten Videos, Bilder, 360-Grad-Aufnahmen, Audiodateien und f\u00fchrten Interviews, die es den Besuchern zuk\u00fcnftig erm\u00f6glichen, sich einen umfassenden Einblick in das Leben und Arbeiten vergangener Zeiten zu verschaffen.<\/p>\n<p>Zitat eines Sch\u00fclers: \u201eEs hat Spa\u00df gemacht, etwas Bleibendes zu schaffen, das auch zuk\u00fcnftig von den Besuchern des Heimatvereins genutzt werden kann!\u201c<\/p>\n\n\n\n<figure class=\"wp-block-gallery has-nested-images columns-default is-cropped wp-block-gallery-1 is-layout-flex wp-block-gallery-is-layout-flex\">\n<figure class=\"wp-block-image size-large\"><img loading=\"lazy\" decoding=\"async\" width=\"1200\" height=\"675\" data-id=\"2576\" src=\"https:\/\/wordpress.nibis.de\/hmo\/files\/2022\/05\/IMG202204271032513-2-1200x675.jpg\" alt=\"\" class=\"wp-image-2576\" srcset=\"https:\/\/wordpress.nibis.de\/hmo\/files\/2022\/05\/IMG202204271032513-2-1200x675.jpg 1200w, https:\/\/wordpress.nibis.de\/hmo\/files\/2022\/05\/IMG202204271032513-2-850x478.jpg 850w, https:\/\/wordpress.nibis.de\/hmo\/files\/2022\/05\/IMG202204271032513-2-250x141.jpg 250w\" sizes=\"auto, (max-width: 1200px) 100vw, 1200px\" \/><\/figure>\n<\/figure>\n","protected":false},"excerpt":{"rendered":"<p>Im Rahmen der Projektwoche widmeten sich die Medienscouts unserer Schule einem Kooperationsprojekt mit dem Heimat- und B\u00fcrgerverein Aschendorf. Ziel war die Ausstattung und Digitalisierung der vorhandenen Informationstafeln des Heimathofes mit <a class=\"more-link\" href=\"https:\/\/wordpress.nibis.de\/hmo\/125-jaehriges-jubilaeum\/regionale-verbundenheit-leben-vor-100-jahren-in-aschendorf\/\">Continue Reading &rarr;<\/a><\/p>\n","protected":false},"author":9193876,"featured_media":0,"comment_status":"closed","ping_status":"closed","sticky":false,"template":"","format":"standard","meta":{"footnotes":""},"categories":[32],"tags":[],"class_list":["post-2575","post","type-post","status-publish","format-standard","hentry","category-125-jaehriges-jubilaeum"],"_links":{"self":[{"href":"https:\/\/wordpress.nibis.de\/hmo\/wp-json\/wp\/v2\/posts\/2575","targetHints":{"allow":["GET"]}}],"collection":[{"href":"https:\/\/wordpress.nibis.de\/hmo\/wp-json\/wp\/v2\/posts"}],"about":[{"href":"https:\/\/wordpress.nibis.de\/hmo\/wp-json\/wp\/v2\/types\/post"}],"author":[{"embeddable":true,"href":"https:\/\/wordpress.nibis.de\/hmo\/wp-json\/wp\/v2\/users\/9193876"}],"replies":[{"embeddable":true,"href":"https:\/\/wordpress.nibis.de\/hmo\/wp-json\/wp\/v2\/comments?post=2575"}],"version-history":[{"count":2,"href":"https:\/\/wordpress.nibis.de\/hmo\/wp-json\/wp\/v2\/posts\/2575\/revisions"}],"predecessor-version":[{"id":2578,"href":"https:\/\/wordpress.nibis.de\/hmo\/wp-json\/wp\/v2\/posts\/2575\/revisions\/2578"}],"wp:attachment":[{"href":"https:\/\/wordpress.nibis.de\/hmo\/wp-json\/wp\/v2\/media?parent=2575"}],"wp:term":[{"taxonomy":"category","embeddable":true,"href":"https:\/\/wordpress.nibis.de\/hmo\/wp-json\/wp\/v2\/categories?post=2575"},{"taxonomy":"post_tag","embeddable":true,"href":"https:\/\/wordpress.nibis.de\/hmo\/wp-json\/wp\/v2\/tags?post=2575"}],"curies":[{"name":"wp","href":"https:\/\/api.w.org\/{rel}","templated":true}]}}