{"id":2709,"date":"2022-07-15T13:05:15","date_gmt":"2022-07-15T11:05:15","guid":{"rendered":"https:\/\/wordpress.nibis.de\/hmo\/?p=2709"},"modified":"2022-07-15T13:05:18","modified_gmt":"2022-07-15T11:05:18","slug":"ferienbeginn","status":"publish","type":"post","link":"https:\/\/wordpress.nibis.de\/hmo\/aktuelles\/ferienbeginn\/","title":{"rendered":"Ferienbeginn"},"content":{"rendered":"\n<p>Am Mittwoch starteten alle Sch\u00fclerinnen und Sch\u00fcler in die Sommerpause. Wir w\u00fcnschen eine tolle und erholsame Ferienzeit.\u00a0<\/p>\n<p>Hier noch ein paar Bilder unterschiedlicher Klassen beim abschie\u00dfenden Wandertag.<\/p>\n\n\n\n<figure class=\"wp-block-gallery has-nested-images columns-default is-cropped wp-block-gallery-1 is-layout-flex wp-block-gallery-is-layout-flex\">\n<figure class=\"wp-block-image size-large\"><img decoding=\"async\" data-id=\"2710\" src=\"https:\/\/wordpress.nibis.de\/hmo\/files\/2022\/07\/1.jpg\" alt=\"\" class=\"wp-image-2710\" \/><\/figure>\n\n\n\n<figure class=\"wp-block-image size-large\"><img decoding=\"async\" data-id=\"2711\" src=\"https:\/\/wordpress.nibis.de\/hmo\/files\/2022\/07\/2.jpg\" alt=\"\" class=\"wp-image-2711\" \/><\/figure>\n\n\n\n<figure class=\"wp-block-image size-large\"><img decoding=\"async\" data-id=\"2712\" src=\"https:\/\/wordpress.nibis.de\/hmo\/files\/2022\/07\/3.jpg\" alt=\"\" class=\"wp-image-2712\" \/><\/figure>\n\n\n\n<figure class=\"wp-block-image size-large\"><img decoding=\"async\" data-id=\"2715\" src=\"https:\/\/wordpress.nibis.de\/hmo\/files\/2022\/07\/4-1200x675.jpg\" alt=\"\" class=\"wp-image-2715\" \/><\/figure>\n\n\n\n<figure class=\"wp-block-image size-large\"><img decoding=\"async\" data-id=\"2717\" src=\"https:\/\/wordpress.nibis.de\/hmo\/files\/2022\/07\/5-1200x675.jpg\" alt=\"\" class=\"wp-image-2717\" \/><\/figure>\n\n\n\n<figure class=\"wp-block-image size-large\"><img decoding=\"async\" data-id=\"2716\" src=\"https:\/\/wordpress.nibis.de\/hmo\/files\/2022\/07\/6-1200x675.jpg\" alt=\"\" class=\"wp-image-2716\" \/><\/figure>\n\n\n\n<figure class=\"wp-block-image size-large\"><img decoding=\"async\" data-id=\"2720\" src=\"https:\/\/wordpress.nibis.de\/hmo\/files\/2022\/07\/7-1200x675.jpg\" alt=\"\" class=\"wp-image-2720\" \/><\/figure>\n\n\n\n<figure class=\"wp-block-image size-large\"><img decoding=\"async\" data-id=\"2714\" src=\"https:\/\/wordpress.nibis.de\/hmo\/files\/2022\/07\/8-1152x675.jpg\" alt=\"\" class=\"wp-image-2714\" \/><\/figure>\n\n\n\n<figure class=\"wp-block-image size-large\"><img decoding=\"async\" data-id=\"2713\" src=\"https:\/\/wordpress.nibis.de\/hmo\/files\/2022\/07\/9-1152x675.jpg\" alt=\"\" class=\"wp-image-2713\" \/><\/figure>\n\n\n\n<figure class=\"wp-block-image size-large\"><img decoding=\"async\" data-id=\"2718\" src=\"https:\/\/wordpress.nibis.de\/hmo\/files\/2022\/07\/10-1152x675.jpg\" alt=\"\" class=\"wp-image-2718\" \/><\/figure>\n\n\n\n<figure class=\"wp-block-image size-large\"><img decoding=\"async\" data-id=\"2719\" src=\"https:\/\/wordpress.nibis.de\/hmo\/files\/2022\/07\/11-1152x675.jpg\" alt=\"\" class=\"wp-image-2719\" \/><\/figure>\n\n\n\n<figure class=\"wp-block-image size-large\"><img decoding=\"async\" data-id=\"2721\" src=\"https:\/\/wordpress.nibis.de\/hmo\/files\/2022\/07\/12-1200x675.jpg\" alt=\"\" class=\"wp-image-2721\" \/><\/figure>\n\n\n\n<figure class=\"wp-block-image size-large\"><img decoding=\"async\" data-id=\"2722\" src=\"https:\/\/wordpress.nibis.de\/hmo\/files\/2022\/07\/13-1200x675.jpg\" alt=\"\" class=\"wp-image-2722\" \/><\/figure>\n\n\n\n<figure class=\"wp-block-image size-large\"><img decoding=\"async\" data-id=\"2723\" src=\"https:\/\/wordpress.nibis.de\/hmo\/files\/2022\/07\/14-1200x675.jpg\" alt=\"\" class=\"wp-image-2723\" \/><\/figure>\n\n\n\n<figure class=\"wp-block-image size-large\"><img decoding=\"async\" data-id=\"2724\" src=\"https:\/\/wordpress.nibis.de\/hmo\/files\/2022\/07\/15-1200x675.jpg\" alt=\"\" class=\"wp-image-2724\" \/><\/figure>\n<\/figure>\n","protected":false},"excerpt":{"rendered":"<p>Am Mittwoch starteten alle Sch\u00fclerinnen und Sch\u00fcler in die Sommerpause. Wir w\u00fcnschen eine tolle und erholsame Ferienzeit.\u00a0 Hier noch ein paar Bilder unterschiedlicher Klassen beim abschie\u00dfenden Wandertag.<\/p>\n","protected":false},"author":9193876,"featured_media":0,"comment_status":"closed","ping_status":"closed","sticky":false,"template":"","format":"standard","meta":{"footnotes":""},"categories":[28],"tags":[],"class_list":["post-2709","post","type-post","status-publish","format-standard","hentry","category-aktuelles"],"_links":{"self":[{"href":"https:\/\/wordpress.nibis.de\/hmo\/wp-json\/wp\/v2\/posts\/2709","targetHints":{"allow":["GET"]}}],"collection":[{"href":"https:\/\/wordpress.nibis.de\/hmo\/wp-json\/wp\/v2\/posts"}],"about":[{"href":"https:\/\/wordpress.nibis.de\/hmo\/wp-json\/wp\/v2\/types\/post"}],"author":[{"embeddable":true,"href":"https:\/\/wordpress.nibis.de\/hmo\/wp-json\/wp\/v2\/users\/9193876"}],"replies":[{"embeddable":true,"href":"https:\/\/wordpress.nibis.de\/hmo\/wp-json\/wp\/v2\/comments?post=2709"}],"version-history":[{"count":1,"href":"https:\/\/wordpress.nibis.de\/hmo\/wp-json\/wp\/v2\/posts\/2709\/revisions"}],"predecessor-version":[{"id":2725,"href":"https:\/\/wordpress.nibis.de\/hmo\/wp-json\/wp\/v2\/posts\/2709\/revisions\/2725"}],"wp:attachment":[{"href":"https:\/\/wordpress.nibis.de\/hmo\/wp-json\/wp\/v2\/media?parent=2709"}],"wp:term":[{"taxonomy":"category","embeddable":true,"href":"https:\/\/wordpress.nibis.de\/hmo\/wp-json\/wp\/v2\/categories?post=2709"},{"taxonomy":"post_tag","embeddable":true,"href":"https:\/\/wordpress.nibis.de\/hmo\/wp-json\/wp\/v2\/tags?post=2709"}],"curies":[{"name":"wp","href":"https:\/\/api.w.org\/{rel}","templated":true}]}}