{"id":2728,"date":"2022-07-30T16:54:32","date_gmt":"2022-07-30T14:54:32","guid":{"rendered":"https:\/\/wordpress.nibis.de\/hmo\/?p=2728"},"modified":"2022-07-30T17:14:04","modified_gmt":"2022-07-30T15:14:04","slug":"besuch-in-der-botschaft-des-staates-israel-in-berlin","status":"publish","type":"post","link":"https:\/\/wordpress.nibis.de\/hmo\/aktuelles\/besuch-in-der-botschaft-des-staates-israel-in-berlin\/","title":{"rendered":"\u00dcbergabe des Antrags zur Anerkennung von Victoria Prinzessin zu Bentheim und Steinfurt als &#8222;Gerechte unter den V\u00f6lkern&#8220;  in der Botschaft des Staates Israel in Berlin"},"content":{"rendered":"\n<p>Am 27.07.2022 war es soweit: Die Leiter des Projektes &#8222;Stille Heldin: Victoria Prinzessin zu Bentheim und Steinfurt&#8220; Petra Natelberg, Anna L\u00fcsing-Hauert, Paul Thoben und Sandra Schulte \u00fcbergaben der israelischen Botschaft einen Antrag zur Anerkennung von Victoria Prinzessin zu Bentheim und Steinfurt als Gerechte unter den V\u00f6lkern.<\/p>\n<p>Nachdem alle Dokumente zur Anerkennung gesammelt und der Antrag fertiggestellt war, nahm die Heinrich-Middendorf-Oberschule Aschendorf Kontakt mit der Botschaft des Staates Israel in Berlin auf und bat um einen Termin, um die Unterlagen pers\u00f6nlich zur Weiterleitung an Yad Vashem \u00fcbergeben zu k\u00f6nnen. Gro\u00df war die Freude als kurze Zeit sp\u00e4ter ein Anruf von Sandra Witte, Mitarbeiterin der Presseabteilung der Botschaft und Beauftragte &#8222;Gerechte unter den V\u00f6lkern&#8220;, mit einer Einladung in die Botschaft folgte.<\/p>\n<p>Am 27.07.2022 wurden die vier Kolleginnen und Kollegen der Heinrich-Middendorf Aschendorf sehr herzlich von dem Gesandten-Botschaftsrat Yaki Lopez, Leiter der Abteilung \u00d6ffentlichkeitsarbeit und Sandra Witte empfangen. Das Treffen war erf\u00fcllt mit sch\u00f6nen Gespr\u00e4chen und Ideen wurden entwickelt. L\u00f6blich wurde auch das Engagement der beteiligten Sch\u00fclerinnen und Sch\u00fcler erw\u00e4hnt. Besonders war ein Einblick in die Akte zur Ernennung zum Gerechten unter den V\u00f6lkern des Schulnamengebers Pater Dr. Heinrich Middendorf SCJ. Der sch\u00f6nste Akt war schlie\u00dflich die \u00dcbergabe des Antrags f\u00fcr Victoria Prinzessin zu Bentheim und Steinfurt, der nun mit der diplomatischen Post an Yad Vashem weitergeleitet wird.<\/p>\n<p>Es war ein wundervolles Erlebnis den Antrag pers\u00f6nlich \u00fcberreichen zu k\u00f6nnen &#8211; nicht zuletzt durch die herzliche und freundliche Art von Yaki Lopez und Sandra Witte, die uns im weiteren Prozess eng begleiten m\u00f6chte. Wir freuen uns sehr \u00fcber die Zusammenarbeit.<\/p>\n<div id=\"attachment_2729\" style=\"width: 336px\" class=\"wp-caption alignnone\"><img loading=\"lazy\" decoding=\"async\" aria-describedby=\"caption-attachment-2729\" class=\"wp-image-2729\" src=\"https:\/\/wordpress.nibis.de\/hmo\/files\/2022\/07\/Foto-1-scaled.jpg\" alt=\"\" width=\"326\" height=\"245\" \/><p id=\"caption-attachment-2729\" class=\"wp-caption-text\"><span style=\"font-size: 8pt\">von links: Konrektorin S. Schulte, Lehrerin P. Natelberg, Gesandten-Botschaftsrat Yaki Lopez, Lehrerin A. L\u00fcsing-Hauert, Konrektor a.D. P. Thoben<\/span><\/p><\/div>\n<div id=\"attachment_2730\" style=\"width: 337px\" class=\"wp-caption alignnone\"><img loading=\"lazy\" decoding=\"async\" aria-describedby=\"caption-attachment-2730\" class=\"wp-image-2730\" src=\"https:\/\/wordpress.nibis.de\/hmo\/files\/2022\/07\/Foto-2-scaled.jpg\" alt=\"\" width=\"327\" height=\"245\" srcset=\"https:\/\/wordpress.nibis.de\/hmo\/files\/2022\/07\/Foto-2-scaled.jpg 2560w, https:\/\/wordpress.nibis.de\/hmo\/files\/2022\/07\/Foto-2-768x576.jpg 768w, https:\/\/wordpress.nibis.de\/hmo\/files\/2022\/07\/Foto-2-1536x1152.jpg 1536w, https:\/\/wordpress.nibis.de\/hmo\/files\/2022\/07\/Foto-2-2048x1536.jpg 2048w\" sizes=\"auto, (max-width: 327px) 100vw, 327px\" \/><p id=\"caption-attachment-2730\" class=\"wp-caption-text\"><span style=\"font-size: 8pt\">von links: Konrektorin S. Schulte, Lehrerin P. Natelberg, Beauftragte &#8222;Gerechte unter den V\u00f6lkern&#8220; und Presseabteilung der Botschaft des israelischen Staates Sandra Witte, Lehrerin A. L\u00fcsing-Hauert, Konrektor a.D. P. Thoben<\/span><\/p><\/div>\n","protected":false},"excerpt":{"rendered":"<p>Am 27.07.2022 war es soweit: Die Leiter des Projektes &#8222;Stille Heldin: Victoria Prinzessin zu Bentheim und Steinfurt&#8220; Petra Natelberg, Anna L\u00fcsing-Hauert, Paul Thoben und Sandra Schulte \u00fcbergaben der israelischen Botschaft <a class=\"more-link\" href=\"https:\/\/wordpress.nibis.de\/hmo\/aktuelles\/besuch-in-der-botschaft-des-staates-israel-in-berlin\/\">Continue Reading &rarr;<\/a><\/p>\n","protected":false},"author":930,"featured_media":0,"comment_status":"closed","ping_status":"closed","sticky":false,"template":"","format":"standard","meta":{"footnotes":""},"categories":[32,28],"tags":[],"class_list":["post-2728","post","type-post","status-publish","format-standard","hentry","category-125-jaehriges-jubilaeum","category-aktuelles"],"_links":{"self":[{"href":"https:\/\/wordpress.nibis.de\/hmo\/wp-json\/wp\/v2\/posts\/2728","targetHints":{"allow":["GET"]}}],"collection":[{"href":"https:\/\/wordpress.nibis.de\/hmo\/wp-json\/wp\/v2\/posts"}],"about":[{"href":"https:\/\/wordpress.nibis.de\/hmo\/wp-json\/wp\/v2\/types\/post"}],"author":[{"embeddable":true,"href":"https:\/\/wordpress.nibis.de\/hmo\/wp-json\/wp\/v2\/users\/930"}],"replies":[{"embeddable":true,"href":"https:\/\/wordpress.nibis.de\/hmo\/wp-json\/wp\/v2\/comments?post=2728"}],"version-history":[{"count":2,"href":"https:\/\/wordpress.nibis.de\/hmo\/wp-json\/wp\/v2\/posts\/2728\/revisions"}],"predecessor-version":[{"id":2733,"href":"https:\/\/wordpress.nibis.de\/hmo\/wp-json\/wp\/v2\/posts\/2728\/revisions\/2733"}],"wp:attachment":[{"href":"https:\/\/wordpress.nibis.de\/hmo\/wp-json\/wp\/v2\/media?parent=2728"}],"wp:term":[{"taxonomy":"category","embeddable":true,"href":"https:\/\/wordpress.nibis.de\/hmo\/wp-json\/wp\/v2\/categories?post=2728"},{"taxonomy":"post_tag","embeddable":true,"href":"https:\/\/wordpress.nibis.de\/hmo\/wp-json\/wp\/v2\/tags?post=2728"}],"curies":[{"name":"wp","href":"https:\/\/api.w.org\/{rel}","templated":true}]}}