{"id":1224,"date":"2022-03-20T15:53:23","date_gmt":"2022-03-20T14:53:23","guid":{"rendered":"https:\/\/wordpress.nibis.de\/hsm\/?p=1224"},"modified":"2022-03-20T15:53:23","modified_gmt":"2022-03-20T14:53:23","slug":"wir-setzen-ein-zeichen-fuer-den-frieden-auf-der-welt","status":"publish","type":"post","link":"https:\/\/wordpress.nibis.de\/hsm\/wir-setzen-ein-zeichen-fuer-den-frieden-auf-der-welt\/","title":{"rendered":"WIR SETZEN EIN ZEICHEN F\u00dcR DEN FRIEDEN AUF DER WELT"},"content":{"rendered":"\n\n\n<pre class=\"wp-block-preformatted\">Die Sch\u00fclerinnen und Sch\u00fcler der HS Meinersen haben aus ihren H\u00e4nden eine Friedenstaube gelegt und diese mit ihren W\u00fcnschen f\u00fcr alle Menschen auf der Erde beschriftet!\n\nHSM ... f\u00fcr FRIEDEN, FREIHEIT und MENSCHLICHKEIT!\n<\/pre>\n\n\n\n<figure class=\"wp-block-image size-large\"><img loading=\"lazy\" decoding=\"async\" width=\"1024\" height=\"683\" src=\"https:\/\/wordpress.nibis.de\/hsm\/files\/2022\/03\/HSM-fuer-den-Frieden-1024x683.jpg\" alt=\"\" class=\"wp-image-1221\" srcset=\"https:\/\/wordpress.nibis.de\/hsm\/files\/2022\/03\/HSM-fuer-den-Frieden-1024x683.jpg 1024w, https:\/\/wordpress.nibis.de\/hsm\/files\/2022\/03\/HSM-fuer-den-Frieden-300x200.jpg 300w, https:\/\/wordpress.nibis.de\/hsm\/files\/2022\/03\/HSM-fuer-den-Frieden-768x512.jpg 768w, https:\/\/wordpress.nibis.de\/hsm\/files\/2022\/03\/HSM-fuer-den-Frieden-1536x1024.jpg 1536w, https:\/\/wordpress.nibis.de\/hsm\/files\/2022\/03\/HSM-fuer-den-Frieden-2048x1365.jpg 2048w\" sizes=\"auto, (max-width: 1024px) 100vw, 1024px\" \/><\/figure>\n\n\n\n<figure class=\"wp-block-image size-large\"><img loading=\"lazy\" decoding=\"async\" width=\"1024\" height=\"813\" src=\"https:\/\/wordpress.nibis.de\/hsm\/files\/2022\/03\/HSM-Friedenstaube-2-1024x813.jpg\" alt=\"\" class=\"wp-image-1222\" srcset=\"https:\/\/wordpress.nibis.de\/hsm\/files\/2022\/03\/HSM-Friedenstaube-2-1024x813.jpg 1024w, https:\/\/wordpress.nibis.de\/hsm\/files\/2022\/03\/HSM-Friedenstaube-2-300x238.jpg 300w, https:\/\/wordpress.nibis.de\/hsm\/files\/2022\/03\/HSM-Friedenstaube-2-768x610.jpg 768w, https:\/\/wordpress.nibis.de\/hsm\/files\/2022\/03\/HSM-Friedenstaube-2.jpg 1034w\" sizes=\"auto, (max-width: 1024px) 100vw, 1024px\" \/><\/figure>\n","protected":false},"excerpt":{"rendered":"<p>Die Sch\u00fclerinnen und Sch\u00fcler der HS Meinersen haben aus ihren H\u00e4nden eine Friedenstaube gelegt und diese mit ihren W\u00fcnschen f\u00fcr alle Menschen auf der Erde beschriftet! HSM &#8230; f\u00fcr FRIEDEN, FREIHEIT und MENSCHLICHKEIT!<\/p>\n","protected":false},"author":9192962,"featured_media":0,"comment_status":"closed","ping_status":"closed","sticky":false,"template":"","format":"standard","meta":{"footnotes":""},"categories":[1],"tags":[],"class_list":["post-1224","post","type-post","status-publish","format-standard","hentry","category-allgemein"],"_links":{"self":[{"href":"https:\/\/wordpress.nibis.de\/hsm\/wp-json\/wp\/v2\/posts\/1224","targetHints":{"allow":["GET"]}}],"collection":[{"href":"https:\/\/wordpress.nibis.de\/hsm\/wp-json\/wp\/v2\/posts"}],"about":[{"href":"https:\/\/wordpress.nibis.de\/hsm\/wp-json\/wp\/v2\/types\/post"}],"author":[{"embeddable":true,"href":"https:\/\/wordpress.nibis.de\/hsm\/wp-json\/wp\/v2\/users\/9192962"}],"replies":[{"embeddable":true,"href":"https:\/\/wordpress.nibis.de\/hsm\/wp-json\/wp\/v2\/comments?post=1224"}],"version-history":[{"count":1,"href":"https:\/\/wordpress.nibis.de\/hsm\/wp-json\/wp\/v2\/posts\/1224\/revisions"}],"predecessor-version":[{"id":1225,"href":"https:\/\/wordpress.nibis.de\/hsm\/wp-json\/wp\/v2\/posts\/1224\/revisions\/1225"}],"wp:attachment":[{"href":"https:\/\/wordpress.nibis.de\/hsm\/wp-json\/wp\/v2\/media?parent=1224"}],"wp:term":[{"taxonomy":"category","embeddable":true,"href":"https:\/\/wordpress.nibis.de\/hsm\/wp-json\/wp\/v2\/categories?post=1224"},{"taxonomy":"post_tag","embeddable":true,"href":"https:\/\/wordpress.nibis.de\/hsm\/wp-json\/wp\/v2\/tags?post=1224"}],"curies":[{"name":"wp","href":"https:\/\/api.w.org\/{rel}","templated":true}]}}