{"id":40,"date":"2026-02-13T12:47:46","date_gmt":"2026-02-13T11:47:46","guid":{"rendered":"https:\/\/wordpress.nibis.de\/igswedemark\/?p=40"},"modified":"2026-04-02T12:14:38","modified_gmt":"2026-04-02T10:14:38","slug":"die-schule-wurde-umbenannt-margot-friedlaender-gesamtschule-wedemark","status":"publish","type":"post","link":"https:\/\/wordpress.nibis.de\/igswedemark\/2026\/02\/13\/die-schule-wurde-umbenannt-margot-friedlaender-gesamtschule-wedemark\/","title":{"rendered":"Die Schule wurde umbenannt: \u201eMargot-Friedl\u00e4nder-Gesamtschule Wedemark\u201c"},"content":{"rendered":"\n<p>Neuer Name, gleiche Schule. Wir wollen nun noch einmal zur\u00fcckschauen, auf den Weg, den unsere Schule w\u00e4hrend des Umbennenungsprozesses gehen musste.<\/p>\n\n\n\n<!--more-->\n\n\n\n<p>Zusammen mit einer neuen Schulleitung kam auch die Idee eines neuen Schulnamens, Logos und einer neuen Homepage, als Teil eines neuen Schulkonzeptes. Vielf\u00e4ltige Ideen kamen aus der Sch\u00fcler-, Lehrer- und Elternschaft. Letztendlich sollten wir die Wahl zwischen \u201eMargot-Friedl\u00e4nder-Gesamtschule Wedemark\u201c, \u201eIrena-Sendler-Gesamtschule Wedemark\u201c und \u201eTolkien-Gesamtschule Wedemark\u201c treffen. Wir als Sch\u00fclerschaft w\u00e4hlten den Namen \u201eMargot-Friedl\u00e4nder-Gesamtschule Wedemark\u201c. F\u00fcr die \u00c4nderung des Schulnamens mussten noch andere Parteien ihre Zustimmung geben. Der Schulvorstand hat sich generell f\u00fcr eine Namens\u00e4nderung ausgesprochen und auch dem Namen ,,Margot-Friedl\u00e4nder-Gesammtschule Wedemark\u2018\u2018 haben sie zugestimmt.<\/p>\n\n\n\n<p>Die Gemeinde brauchte noch eine Stellungnahme der Sch\u00fclervertretung, die auch fertiggestellt wurde. Nachdem noch die Margot-Friedl\u00e4nder-Stiftung ihr Einverst\u00e4ndnis erteilte, dass wir ihren Namen verwenden durften, stimmte der Gemeinderad am 26.01.2026 unserem Antrag zur Namens\u00e4nderung zu. Laut B\u00fcrgermeister Herrn Zychlinski haben alle demokratischen Parteien dem Antrag zugestimmt mit lediglich einer Gegenstimme.<\/p>\n\n\n\n<p>Am Folgetag, dem Holocaust-Gedenktag, wurde die Schulflagge gehisst, auf der das IGS-Logo, die EU-Flagge und eine Regenbogenflagge zu sehen sind. Zudem wurde eine weitere Flagge zu Ehren unserer Schulpatronin Margot Friedl\u00e4nder, die f\u00fcr Demokratie und Menschlichkeit steht, gehisst und die feststehende Namens\u00e4nderung verk\u00fcndet.<\/p>\n\n\n\n<p>Damit waren die letzten Schritte geschafft und seit dem 01. Februar 2026 hei\u00dft die IGS Wedemark nun offiziell \u201eMargot-Friedl\u00e4nder-Gesamtschule Wedemark\u2018\u2018<\/p>\n\n\n\n<p>von Malena (11.3)<\/p>\n\n\n\n<p><\/p>\n","protected":false},"excerpt":{"rendered":"<p>Neuer Name, gleiche Schule. Wir wollen nun noch einmal zur\u00fcckschauen, auf den Weg, den unsere Schule w\u00e4hrend des Umbennenungsprozesses gehen musste.<\/p>\n","protected":false},"author":9194791,"featured_media":46,"comment_status":"closed","ping_status":"closed","sticky":false,"template":"","format":"standard","meta":{"footnotes":""},"categories":[1],"tags":[],"class_list":["post-40","post","type-post","status-publish","format-standard","has-post-thumbnail","hentry","category-allgemein"],"_links":{"self":[{"href":"https:\/\/wordpress.nibis.de\/igswedemark\/wp-json\/wp\/v2\/posts\/40","targetHints":{"allow":["GET"]}}],"collection":[{"href":"https:\/\/wordpress.nibis.de\/igswedemark\/wp-json\/wp\/v2\/posts"}],"about":[{"href":"https:\/\/wordpress.nibis.de\/igswedemark\/wp-json\/wp\/v2\/types\/post"}],"author":[{"embeddable":true,"href":"https:\/\/wordpress.nibis.de\/igswedemark\/wp-json\/wp\/v2\/users\/9194791"}],"replies":[{"embeddable":true,"href":"https:\/\/wordpress.nibis.de\/igswedemark\/wp-json\/wp\/v2\/comments?post=40"}],"version-history":[{"count":2,"href":"https:\/\/wordpress.nibis.de\/igswedemark\/wp-json\/wp\/v2\/posts\/40\/revisions"}],"predecessor-version":[{"id":43,"href":"https:\/\/wordpress.nibis.de\/igswedemark\/wp-json\/wp\/v2\/posts\/40\/revisions\/43"}],"wp:featuredmedia":[{"embeddable":true,"href":"https:\/\/wordpress.nibis.de\/igswedemark\/wp-json\/wp\/v2\/media\/46"}],"wp:attachment":[{"href":"https:\/\/wordpress.nibis.de\/igswedemark\/wp-json\/wp\/v2\/media?parent=40"}],"wp:term":[{"taxonomy":"category","embeddable":true,"href":"https:\/\/wordpress.nibis.de\/igswedemark\/wp-json\/wp\/v2\/categories?post=40"},{"taxonomy":"post_tag","embeddable":true,"href":"https:\/\/wordpress.nibis.de\/igswedemark\/wp-json\/wp\/v2\/tags?post=40"}],"curies":[{"name":"wp","href":"https:\/\/api.w.org\/{rel}","templated":true}]}}