{"id":62,"date":"2026-04-08T17:33:17","date_gmt":"2026-04-08T15:33:17","guid":{"rendered":"https:\/\/wordpress.nibis.de\/igswedemark\/?p=62"},"modified":"2026-04-20T14:22:15","modified_gmt":"2026-04-20T12:22:15","slug":"neuster-stand-des-aquarium-projektes-der-6-3","status":"publish","type":"post","link":"https:\/\/wordpress.nibis.de\/igswedemark\/2026\/04\/08\/neuster-stand-des-aquarium-projektes-der-6-3\/","title":{"rendered":"Neuster Stand des Aquarium-Projektes der 6.3"},"content":{"rendered":"\n<p>Im vergangenen Jahr berichtete Lennart aus der 6.3 hier im Newsletter \u00fcber das Aquarium, das sich seine Klasse angeschafft hatte. Jetzt nach einem halben Jahr haben wir uns mit der Stammgruppenlehrerin Frau Wehrend getroffen, um den Verlauf des Projektes seitdem nachzuverfolgen.<\/p>\n\n\n\n<!--more-->\n\n\n\n<p>Zu Beginn des Projektes war das Aquarium eine Leihgabe des Schulbiologiezentrums. Leider war das bereitgestellte Material teilweise nicht funktionsf\u00e4hig, wodurch es zu ein paar Pannen gekommen ist. Beispielsweise gab es in einem Aquarium undichte Stellen, deshalb musste es umgetauscht werden. Ebenso war einer der Heizstrahler defekt, weshalb einige Fische starben.<\/p>\n\n\n\n<p>Da die ganze Klasse nicht wollte, dass das Projekt so endet, nutzten sie die Erl\u00f6se des Weihnachtsbasars, um ein eigenes funktionsf\u00e4higes Aquarium zu kaufen, das bis auf unbestimmte Zeit in ihrer Klasse bleiben wird. Die f\u00fcnf neuen Fische wurden freundlicherweise von Frau Waschkus\u2018 Nachbarin bereitgestellt. Zudem bereiteten die Sch\u00fcler bereiteten Pr\u00e4sentationen zu verschiedenen Fischarten vor, die leicht in Aquarien gehalten werden k\u00f6nnen. Aus denen konnten dann die Fische ausgew\u00e4hlt werden, die bald ins Aquarium einziehen d\u00fcrften.<\/p>\n\n\n\n<p>Auch der Prozess des F\u00fctterns der Fische hat sich im Verlauf des halben Jahres weiterentwickelt: Vom t\u00e4glichen F\u00fcttern durch Frau Wehrend und die Sch\u00fcler hin zu einem Futterautomaten, der das F\u00fcttern \u00fcbernimmt, damit es nicht vergessen wird. Einen Wischer gibt es, um das Aquarium zu reinigen.<\/p>\n\n\n\n<p>Zusammenfassend war das Projekt sehr motivierend f\u00fcr die Sch\u00fcler und sie haben ein Verantwortungsbewusstsein f\u00fcr die Fische entwickelt. Nach einiger Zeit hat die anf\u00e4ngliche Begeisterung nachgelassen, trotzdem freut sich die Klasse weiterhin \u00fcber die Fische und die M\u00f6glichkeit, es ausprobiert zu haben. Da sie ein eigenes Aquarium haben, kann man sagen, dass es ein fester Bestandteil ihrer Klasse geworden ist.<\/p>\n\n\n\n<p>Quelle: Interview mit Frau Wehrend<\/p>\n\n\n\n<p>von Malena (11.3) und Josy (11.1)<\/p>\n\n\n\n<p><\/p>\n","protected":false},"excerpt":{"rendered":"<p>Im vergangenen Jahr berichtete Lennart aus der 6.3 hier im Newsletter \u00fcber das Aquarium, das sich seine Klasse angeschafft hatte. Jetzt nach einem halben Jahr haben wir uns mit der Stammgruppenlehrerin Frau Wehrend getroffen, um den Verlauf des Projektes seitdem&#8230; <a class=\"more-link\" href=\"https:\/\/wordpress.nibis.de\/igswedemark\/2026\/04\/08\/neuster-stand-des-aquarium-projektes-der-6-3\/\">Weiterlesen &rarr;<\/a><\/p>\n","protected":false},"author":9194791,"featured_media":63,"comment_status":"open","ping_status":"open","sticky":false,"template":"","format":"standard","meta":{"footnotes":""},"categories":[1],"tags":[],"class_list":["post-62","post","type-post","status-publish","format-standard","has-post-thumbnail","hentry","category-allgemein"],"_links":{"self":[{"href":"https:\/\/wordpress.nibis.de\/igswedemark\/wp-json\/wp\/v2\/posts\/62","targetHints":{"allow":["GET"]}}],"collection":[{"href":"https:\/\/wordpress.nibis.de\/igswedemark\/wp-json\/wp\/v2\/posts"}],"about":[{"href":"https:\/\/wordpress.nibis.de\/igswedemark\/wp-json\/wp\/v2\/types\/post"}],"author":[{"embeddable":true,"href":"https:\/\/wordpress.nibis.de\/igswedemark\/wp-json\/wp\/v2\/users\/9194791"}],"replies":[{"embeddable":true,"href":"https:\/\/wordpress.nibis.de\/igswedemark\/wp-json\/wp\/v2\/comments?post=62"}],"version-history":[{"count":1,"href":"https:\/\/wordpress.nibis.de\/igswedemark\/wp-json\/wp\/v2\/posts\/62\/revisions"}],"predecessor-version":[{"id":64,"href":"https:\/\/wordpress.nibis.de\/igswedemark\/wp-json\/wp\/v2\/posts\/62\/revisions\/64"}],"wp:featuredmedia":[{"embeddable":true,"href":"https:\/\/wordpress.nibis.de\/igswedemark\/wp-json\/wp\/v2\/media\/63"}],"wp:attachment":[{"href":"https:\/\/wordpress.nibis.de\/igswedemark\/wp-json\/wp\/v2\/media?parent=62"}],"wp:term":[{"taxonomy":"category","embeddable":true,"href":"https:\/\/wordpress.nibis.de\/igswedemark\/wp-json\/wp\/v2\/categories?post=62"},{"taxonomy":"post_tag","embeddable":true,"href":"https:\/\/wordpress.nibis.de\/igswedemark\/wp-json\/wp\/v2\/tags?post=62"}],"curies":[{"name":"wp","href":"https:\/\/api.w.org\/{rel}","templated":true}]}}