{"id":3183,"date":"2025-12-09T20:16:32","date_gmt":"2025-12-09T19:16:32","guid":{"rendered":"https:\/\/wordpress.nibis.de\/kgssalzh\/?p=3183"},"modified":"2025-12-09T20:16:32","modified_gmt":"2025-12-09T19:16:32","slug":"seminarfahrtabend-des-jahrgangs-13-ein-abend-wie-im-film","status":"publish","type":"post","link":"https:\/\/wordpress.nibis.de\/kgssalzh\/seminarfahrtabend-des-jahrgangs-13-ein-abend-wie-im-film\/","title":{"rendered":"Seminarfahrtabend des Jahrgangs 13 \u2013 Ein Abend wie im Film"},"content":{"rendered":"\n<p>Am&nbsp;<strong>06. November 2025<\/strong>&nbsp;fand im Forum und Oberstufentrakt unserer Schule der traditionelle&nbsp;<strong>Seminarfahrtabend des 13. Jahrgangs<\/strong>&nbsp;statt.&nbsp;<strong>Ab 18:00 Uhr<\/strong>&nbsp;pr\u00e4sentierten die Sch\u00fclerinnen und Sch\u00fcler ihre im September durchgef\u00fchrten Seminarfahrten \u2013 mit viel Kreativit\u00e4t, Engagement und Liebe zum Detail.<\/p>\n\n\n\n<figure class=\"wp-block-gallery has-nested-images columns-default is-cropped wp-block-gallery-1 is-layout-flex wp-block-gallery-is-layout-flex\">\n<figure class=\"wp-block-image size-large\"><img loading=\"lazy\" decoding=\"async\" width=\"1200\" height=\"675\" data-id=\"3196\" src=\"https:\/\/wordpress.nibis.de\/kgssalzh\/files\/2025\/12\/35957AB1-A61F-4770-812B-3E12D801686F-1200x675.jpeg\" alt=\"\" class=\"wp-image-3196\" srcset=\"https:\/\/wordpress.nibis.de\/kgssalzh\/files\/2025\/12\/35957AB1-A61F-4770-812B-3E12D801686F-1200x675.jpeg 1200w, https:\/\/wordpress.nibis.de\/kgssalzh\/files\/2025\/12\/35957AB1-A61F-4770-812B-3E12D801686F-850x478.jpeg 850w, https:\/\/wordpress.nibis.de\/kgssalzh\/files\/2025\/12\/35957AB1-A61F-4770-812B-3E12D801686F-250x141.jpeg 250w\" sizes=\"auto, (max-width: 1200px) 100vw, 1200px\" \/><\/figure>\n\n\n\n<figure class=\"wp-block-image size-large\"><img loading=\"lazy\" decoding=\"async\" width=\"1200\" height=\"675\" data-id=\"3192\" src=\"https:\/\/wordpress.nibis.de\/kgssalzh\/files\/2025\/12\/667D856F-97CC-4F33-A0DE-578DDA17D899-1200x675.jpeg\" alt=\"\" class=\"wp-image-3192\" srcset=\"https:\/\/wordpress.nibis.de\/kgssalzh\/files\/2025\/12\/667D856F-97CC-4F33-A0DE-578DDA17D899-1200x675.jpeg 1200w, https:\/\/wordpress.nibis.de\/kgssalzh\/files\/2025\/12\/667D856F-97CC-4F33-A0DE-578DDA17D899-850x478.jpeg 850w, https:\/\/wordpress.nibis.de\/kgssalzh\/files\/2025\/12\/667D856F-97CC-4F33-A0DE-578DDA17D899-250x141.jpeg 250w\" sizes=\"auto, (max-width: 1200px) 100vw, 1200px\" \/><\/figure>\n\n\n\n<figure class=\"wp-block-image size-large\"><img loading=\"lazy\" decoding=\"async\" width=\"1200\" height=\"675\" data-id=\"3193\" src=\"https:\/\/wordpress.nibis.de\/kgssalzh\/files\/2025\/12\/A8CE8C87-9310-44F3-B901-CDA85A607D6C-1200x675.jpeg\" alt=\"\" class=\"wp-image-3193\" srcset=\"https:\/\/wordpress.nibis.de\/kgssalzh\/files\/2025\/12\/A8CE8C87-9310-44F3-B901-CDA85A607D6C-1200x675.jpeg 1200w, https:\/\/wordpress.nibis.de\/kgssalzh\/files\/2025\/12\/A8CE8C87-9310-44F3-B901-CDA85A607D6C-850x478.jpeg 850w, https:\/\/wordpress.nibis.de\/kgssalzh\/files\/2025\/12\/A8CE8C87-9310-44F3-B901-CDA85A607D6C-250x141.jpeg 250w\" sizes=\"auto, (max-width: 1200px) 100vw, 1200px\" \/><\/figure>\n\n\n\n<figure class=\"wp-block-image size-large\"><img loading=\"lazy\" decoding=\"async\" width=\"1200\" height=\"675\" data-id=\"3194\" src=\"https:\/\/wordpress.nibis.de\/kgssalzh\/files\/2025\/12\/D4C7D3CF-9A30-42AE-B491-07B8E095078C-1200x675.jpeg\" alt=\"\" class=\"wp-image-3194\" srcset=\"https:\/\/wordpress.nibis.de\/kgssalzh\/files\/2025\/12\/D4C7D3CF-9A30-42AE-B491-07B8E095078C-1200x675.jpeg 1200w, https:\/\/wordpress.nibis.de\/kgssalzh\/files\/2025\/12\/D4C7D3CF-9A30-42AE-B491-07B8E095078C-850x478.jpeg 850w, https:\/\/wordpress.nibis.de\/kgssalzh\/files\/2025\/12\/D4C7D3CF-9A30-42AE-B491-07B8E095078C-250x141.jpeg 250w\" sizes=\"auto, (max-width: 1200px) 100vw, 1200px\" \/><\/figure>\n<\/figure>\n\n\n\n<p>Nach einer&nbsp;<strong>gemeinsamen Begr\u00fc\u00dfung im Forum<\/strong>&nbsp;startete der Abend mit den selbst produzierten&nbsp;<strong>Trailern zu den Seminarfahrten<\/strong>. Passend zum diesj\u00e4hrigen Abimotto&nbsp;<em>\u201eAbiversial \u2013 13 Jahre im falschen Film\u201c<\/em>&nbsp;wurde das Ganze als echte&nbsp;<strong>Filmpremiere<\/strong>&nbsp;inszeniert: Popcorn wurde verteilt, und selbst gestaltete&nbsp;<strong>Filmplakate<\/strong>&nbsp;erinnerten an gro\u00dfe Kinoproduktionen \u2013 nur eben mit den Stars aus dem eigenen Jahrgang.<\/p>\n\n\n\n<p>Anschlie\u00dfend \u00f6ffneten die drei Tutorien auf&nbsp;<strong>drei Etagen des Oberstufentrakts<\/strong>&nbsp;ihre T\u00fcren. Jede Etage stand dabei ganz im Zeichen des jeweiligen&nbsp;<strong>Seminarfachs und Reiseziels<\/strong>:<\/p>\n\n\n\n<ol start=\"1\" class=\"wp-block-list\">\n<li><strong>Seminarfach H\u00fcdepohl\/Krieter \u2013 \u201eVom Leben gezeichnet\u201c \u2013 Nizza (Frankreich)<\/strong><br>Franz\u00f6sisches Flair mit Cr\u00eapes und Riviera-Feeling erwartete die Besucherinnen und Besucher. Auch wurde aufgrund des Anschlages ein Gedenkraum eingerichtet.<\/li>\n\n\n\n<li><strong>Seminarfach Werth\/Meyer \u2013 \u201eEnergie\u201c \u2013 Viareggio (Italien)<\/strong><br>Hier gab es Espresso, Tiramis\u00fa und interaktive Stationen rund um Energieerlebnisse der Reise.<\/li>\n\n\n\n<li><strong>Seminarfach Vogt \u2013 \u201eBewegter Alpenraum\u201c \u2013 Salzburg, M\u00fcnchen, Obertauern (\u00d6sterreich)<\/strong><br>Z\u00fcnftig bayerisch-\u00f6sterreichisch mit Brezeln, Almh\u00fcttensuppe und einem Hauch Oktoberfest.<\/li>\n<\/ol>\n\n\n\n<p>Die Sch\u00fclerinnen und Sch\u00fcler hatten&nbsp;<strong>Flure und Klassenr\u00e4ume aufwendig dekoriert<\/strong>&nbsp;und mit&nbsp;<strong>Themenr\u00e4umen<\/strong>&nbsp;wie einem Escape Room, einem Casino oder einer Karaokebar gestaltet \u2013 inspiriert von Aktivit\u00e4ten, die sie auf ihren Fahrten erlebt hatten.<\/p>\n\n\n\n<p>Der Aufwand war enorm: Schon&nbsp;<strong>den ganzen Tag \u00fcber<\/strong>&nbsp;wurde aufgebaut, gekocht und geschm\u00fcckt, bevor der Abend in entspannter Atmosph\u00e4re mit G\u00e4sten aus Sch\u00fclerschaft, Elternschaft und Kollegium gefeiert werden konnte. Der&nbsp;<strong>Abbau dauerte bis Mitternacht<\/strong>&nbsp;\u2013 doch die Begeisterung und das Gemeinschaftsgef\u00fchl machten jede M\u00fche wett.<\/p>\n\n\n\n<p>Ein herzlicher&nbsp;<strong>Dank gilt allen Beteiligten<\/strong>, insbesondere den engagierten Sch\u00fclerinnen und Sch\u00fclern, den Tutorinnen und Tutoren, den unterst\u00fctzenden Eltern \u2013 und nat\u00fcrlich&nbsp;<strong>unseren Hausmeistern<\/strong>, ohne deren Hilfe ein solcher Abend nicht m\u00f6glich w\u00e4re.<\/p>\n","protected":false},"excerpt":{"rendered":"<p>Am&nbsp;06. November 2025&nbsp;fand im Forum und Oberstufentrakt unserer Schule der traditionelle&nbsp;Seminarfahrtabend des 13. Jahrgangs&nbsp;statt.&nbsp;Ab 18:00 Uhr&nbsp;pr\u00e4sentierten die Sch\u00fclerinnen und Sch\u00fcler ihre im September durchgef\u00fchrten Seminarfahrten &hellip; <\/p>\n","protected":false},"author":9194303,"featured_media":3194,"comment_status":"closed","ping_status":"closed","sticky":false,"template":"","format":"standard","meta":{"footnotes":""},"categories":[1],"tags":[],"class_list":["post-3183","post","type-post","status-publish","format-standard","has-post-thumbnail","hentry","category-allgemein"],"_links":{"self":[{"href":"https:\/\/wordpress.nibis.de\/kgssalzh\/wp-json\/wp\/v2\/posts\/3183","targetHints":{"allow":["GET"]}}],"collection":[{"href":"https:\/\/wordpress.nibis.de\/kgssalzh\/wp-json\/wp\/v2\/posts"}],"about":[{"href":"https:\/\/wordpress.nibis.de\/kgssalzh\/wp-json\/wp\/v2\/types\/post"}],"author":[{"embeddable":true,"href":"https:\/\/wordpress.nibis.de\/kgssalzh\/wp-json\/wp\/v2\/users\/9194303"}],"replies":[{"embeddable":true,"href":"https:\/\/wordpress.nibis.de\/kgssalzh\/wp-json\/wp\/v2\/comments?post=3183"}],"version-history":[{"count":1,"href":"https:\/\/wordpress.nibis.de\/kgssalzh\/wp-json\/wp\/v2\/posts\/3183\/revisions"}],"predecessor-version":[{"id":3199,"href":"https:\/\/wordpress.nibis.de\/kgssalzh\/wp-json\/wp\/v2\/posts\/3183\/revisions\/3199"}],"wp:featuredmedia":[{"embeddable":true,"href":"https:\/\/wordpress.nibis.de\/kgssalzh\/wp-json\/wp\/v2\/media\/3194"}],"wp:attachment":[{"href":"https:\/\/wordpress.nibis.de\/kgssalzh\/wp-json\/wp\/v2\/media?parent=3183"}],"wp:term":[{"taxonomy":"category","embeddable":true,"href":"https:\/\/wordpress.nibis.de\/kgssalzh\/wp-json\/wp\/v2\/categories?post=3183"},{"taxonomy":"post_tag","embeddable":true,"href":"https:\/\/wordpress.nibis.de\/kgssalzh\/wp-json\/wp\/v2\/tags?post=3183"}],"curies":[{"name":"wp","href":"https:\/\/api.w.org\/{rel}","templated":true}]}}