{"id":5946,"date":"2026-08-31T16:34:44","date_gmt":"2026-08-31T14:34:44","guid":{"rendered":"https:\/\/wordpress.nibis.de\/kgssalzh\/?p=5946"},"modified":"2026-08-31T16:38:25","modified_gmt":"2026-08-31T14:38:25","slug":"podiumsdiskussion-zur-kommunalwahl-2026","status":"publish","type":"post","link":"https:\/\/wordpress.nibis.de\/kgssalzh\/podiumsdiskussion-zur-kommunalwahl-2026\/","title":{"rendered":"Podiumsdiskussion zur Kommunalwahl 2026"},"content":{"rendered":"\n<p class=\"wp-block-paragraph\">Der Politik-Wirtschaft-Kurs des 13. Jahrgangs l\u00e4dt am <strong>Mittwoch, den 02.09.2026<\/strong>, zu einer Podiumsdiskussion anl\u00e4sslich der bevorstehenden Kommunalwahlen ein.<\/p>\n\n\n\n<p class=\"wp-block-paragraph\">Die Veranstaltung findet von <strong>09:30 bis 11:05 Uhr<\/strong> (3.\/4. Stunde) im <strong>Forum der KGS Salzhemmendorf<\/strong> statt. Eingeladen sind die Sch\u00fclerinnen und Sch\u00fcler der Jahrg\u00e4nge <strong>10 bis 13<\/strong>, die f\u00fcr die Veranstaltung vom Unterricht freigestellt werden.<\/p>\n\n\n\n<p class=\"wp-block-paragraph\">Alle weiteren Jahrg\u00e4nge haben die M\u00f6glichkeit, die Diskussion \u00fcber den <strong>YouTube-Livestream auf dem Kanal @Kanstein<\/strong> zu verfolgen. \u00dcber den Chat k\u00f6nnen zudem Fragen an die Teilnehmenden gestellt werden.<\/p>\n\n\n\n<p class=\"wp-block-paragraph\">Wir freuen uns auf eine spannende Diskussion und eine rege Beteiligung!<\/p>\n\n\n\n<p class=\"wp-block-paragraph\"><a href=\"https:\/\/www.youtube.com\/kanstein\" data-type=\"link\" data-id=\"https:\/\/www.youtube.com\/kanstein\">https:\/\/www.youtube.com\/kanstein<\/a><\/p>\n\n\n\n<div data-wp-interactive=\"core\/file\" class=\"wp-block-file\"><object data-wp-bind--hidden=\"!state.hasPdfPreview\" hidden class=\"wp-block-file__embed\" data=\"https:\/\/wordpress.nibis.de\/kgssalzh\/files\/2026\/08\/Podiumsdiskussion-Kommunalwahl.pdf\" type=\"application\/pdf\" style=\"width:100%;height:600px\" aria-label=\"Einbettung von Podiumsdiskussion Kommunalwahl.\"><\/object><a id=\"wp-block-file--media-0ccae869-3431-4c84-a7b0-4043d6216ba3\" href=\"https:\/\/wordpress.nibis.de\/kgssalzh\/files\/2026\/08\/Podiumsdiskussion-Kommunalwahl.pdf\">Podiumsdiskussion Kommunalwahl<\/a><a href=\"https:\/\/wordpress.nibis.de\/kgssalzh\/files\/2026\/08\/Podiumsdiskussion-Kommunalwahl.pdf\" class=\"wp-block-file__button wp-element-button\" download aria-describedby=\"wp-block-file--media-0ccae869-3431-4c84-a7b0-4043d6216ba3\">Herunterladen<\/a><\/div>\n","protected":false},"excerpt":{"rendered":"<p>Der Politik-Wirtschaft-Kurs des 13. Jahrgangs l\u00e4dt am Mittwoch, den 02.09.2026, zu einer Podiumsdiskussion anl\u00e4sslich der bevorstehenden Kommunalwahlen ein. Die Veranstaltung findet von 09:30 bis 11:05 &hellip; <\/p>\n","protected":false},"author":9194303,"featured_media":5955,"comment_status":"closed","ping_status":"open","sticky":false,"template":"","format":"standard","meta":{"footnotes":""},"categories":[1],"tags":[],"class_list":["post-5946","post","type-post","status-publish","format-standard","has-post-thumbnail","hentry","category-allgemein"],"_links":{"self":[{"href":"https:\/\/wordpress.nibis.de\/kgssalzh\/wp-json\/wp\/v2\/posts\/5946","targetHints":{"allow":["GET"]}}],"collection":[{"href":"https:\/\/wordpress.nibis.de\/kgssalzh\/wp-json\/wp\/v2\/posts"}],"about":[{"href":"https:\/\/wordpress.nibis.de\/kgssalzh\/wp-json\/wp\/v2\/types\/post"}],"author":[{"embeddable":true,"href":"https:\/\/wordpress.nibis.de\/kgssalzh\/wp-json\/wp\/v2\/users\/9194303"}],"replies":[{"embeddable":true,"href":"https:\/\/wordpress.nibis.de\/kgssalzh\/wp-json\/wp\/v2\/comments?post=5946"}],"version-history":[{"count":2,"href":"https:\/\/wordpress.nibis.de\/kgssalzh\/wp-json\/wp\/v2\/posts\/5946\/revisions"}],"predecessor-version":[{"id":5951,"href":"https:\/\/wordpress.nibis.de\/kgssalzh\/wp-json\/wp\/v2\/posts\/5946\/revisions\/5951"}],"wp:featuredmedia":[{"embeddable":true,"href":"https:\/\/wordpress.nibis.de\/kgssalzh\/wp-json\/wp\/v2\/media\/5955"}],"wp:attachment":[{"href":"https:\/\/wordpress.nibis.de\/kgssalzh\/wp-json\/wp\/v2\/media?parent=5946"}],"wp:term":[{"taxonomy":"category","embeddable":true,"href":"https:\/\/wordpress.nibis.de\/kgssalzh\/wp-json\/wp\/v2\/categories?post=5946"},{"taxonomy":"post_tag","embeddable":true,"href":"https:\/\/wordpress.nibis.de\/kgssalzh\/wp-json\/wp\/v2\/tags?post=5946"}],"curies":[{"name":"wp","href":"https:\/\/api.w.org\/{rel}","templated":true}]}}