{"id":5960,"date":"2026-09-02T12:41:40","date_gmt":"2026-09-02T10:41:40","guid":{"rendered":"https:\/\/wordpress.nibis.de\/kgssalzh\/?p=5960"},"modified":"2026-09-02T12:42:34","modified_gmt":"2026-09-02T10:42:34","slug":"hitzige-diskussionen-an-der-kgs-salzhemmendorf","status":"publish","type":"post","link":"https:\/\/wordpress.nibis.de\/kgssalzh\/hitzige-diskussionen-an-der-kgs-salzhemmendorf\/","title":{"rendered":"Hitzige Diskussionen an der KGS Salzhemmendorf"},"content":{"rendered":"\n<p class=\"wp-block-paragraph\">Am heutigen Mittwoch fand an der KGS Salzhemmendorf in der dritten und vierten Stunde eine Podiumsdiskussion anl\u00e4sslich der bevorstehenden Kommunalwahlen statt. Organisiert wurde die Veranstaltung vom Politik-Wirtschaft-Kurs des 13. Jahrgangs. Teilgenommen haben Thorsten Bund (CDU), Dirk H\u00fcge (AfD), Dr. Wilhelm Koops (B\u00fcndnis 90\/Die Gr\u00fcnen), Karl M\u00f6ller (Die Linke), Tim Tietz (SPD) und Markus Burgdorf (FDP). Die Sch\u00fclerinnen und Sch\u00fcler der Jahrg\u00e4nge 10 bis 13 konnten die Diskussion im Forum verfolgen. Weitere Jahrg\u00e4nge hatten die M\u00f6glichkeit, die Veranstaltung \u00fcber einen YouTube-Livestream zu verfolgen.<\/p>\n\n\n\n<p class=\"wp-block-paragraph\">Ziel der Diskussion war es, den Sch\u00fclerinnen und Sch\u00fclern einen Einblick in die Kommunalpolitik zu geben und die Positionen der teilnehmenden Politiker kennenzulernen.<\/p>\n\n\n\n<p class=\"wp-block-paragraph\">In der ersten H\u00e4lfte der Veranstaltung wurden die Fragen vom 13. Jahrgang vorbereitet und gestellt. In der zweiten H\u00e4lfte konnten die anwesenden Sch\u00fclerinnen und Sch\u00fcler selbst Fragen an die Politiker richten. Dadurch entstand eine abwechslungsreiche und direkte Diskussion.<\/p>\n\n\n\n<p class=\"wp-block-paragraph\">Thematisch wurden verschiedene kommunalpolitische Fragen behandelt, bei denen unterschiedliche politische Positionen und Vorstellungen deutlich wurden. Gleichzeitig zeigte die Diskussion, dass kommunalpolitische Entscheidungen einen direkten Einfluss auf das Leben der Menschen vor Ort haben.<\/p>\n\n\n\n<p class=\"wp-block-paragraph\">Insgesamt bot die Podiumsdiskussion eine gute M\u00f6glichkeit, sich mit den bevorstehenden Kommunalwahlen auseinanderzusetzen und die eigene politische Meinungsbildung zu f\u00f6rdern. Besonders die M\u00f6glichkeit, selbst Fragen zu stellen, sorgte f\u00fcr eine aktive Beteiligung der Sch\u00fclerinnen und Sch\u00fcler.<\/p>\n\n\n\n<figure class=\"wp-block-gallery has-nested-images columns-default is-cropped wp-block-gallery-1 is-layout-flex wp-block-gallery-is-layout-flex\">\n<figure class=\"wp-block-image size-large\"><img loading=\"lazy\" decoding=\"async\" width=\"1200\" height=\"675\" data-id=\"5963\" src=\"https:\/\/wordpress.nibis.de\/kgssalzh\/files\/2026\/09\/20260902-GSW-Podiumsdiskussionen-II-1200x675.jpeg\" alt=\"\" class=\"wp-image-5963\" srcset=\"https:\/\/wordpress.nibis.de\/kgssalzh\/files\/2026\/09\/20260902-GSW-Podiumsdiskussionen-II-1200x675.jpeg 1200w, https:\/\/wordpress.nibis.de\/kgssalzh\/files\/2026\/09\/20260902-GSW-Podiumsdiskussionen-II-850x478.jpeg 850w, https:\/\/wordpress.nibis.de\/kgssalzh\/files\/2026\/09\/20260902-GSW-Podiumsdiskussionen-II-250x141.jpeg 250w, https:\/\/wordpress.nibis.de\/kgssalzh\/files\/2026\/09\/20260902-GSW-Podiumsdiskussionen-II-768x432.jpeg 768w, https:\/\/wordpress.nibis.de\/kgssalzh\/files\/2026\/09\/20260902-GSW-Podiumsdiskussionen-II-100x56.jpeg 100w, https:\/\/wordpress.nibis.de\/kgssalzh\/files\/2026\/09\/20260902-GSW-Podiumsdiskussionen-II-1536x865.jpeg 1536w, https:\/\/wordpress.nibis.de\/kgssalzh\/files\/2026\/09\/20260902-GSW-Podiumsdiskussionen-II.jpeg 2048w\" sizes=\"auto, (max-width: 1200px) 100vw, 1200px\" \/><\/figure>\n\n\n\n<figure class=\"wp-block-image size-large\"><img loading=\"lazy\" decoding=\"async\" width=\"1162\" height=\"675\" data-id=\"5964\" src=\"https:\/\/wordpress.nibis.de\/kgssalzh\/files\/2026\/09\/20260902-GSW-Podiumsdiskussionen-III-1162x675.jpeg\" alt=\"\" class=\"wp-image-5964\" \/><figcaption class=\"wp-element-caption\">Cj8KMVNuYXBjaGF0LzE0LjIxLjEuMCAoaVBob25lMTUsNDsgaU9TIDE4LjEuMTsgZ3ppcCkSCPfJrLSAhoMFIAI=<\/figcaption><\/figure>\n<\/figure>\n","protected":false},"excerpt":{"rendered":"<p>Am heutigen Mittwoch fand an der KGS Salzhemmendorf in der dritten und vierten Stunde eine Podiumsdiskussion anl\u00e4sslich der bevorstehenden Kommunalwahlen statt. Organisiert wurde die Veranstaltung &hellip; <\/p>\n","protected":false},"author":9194303,"featured_media":5962,"comment_status":"closed","ping_status":"open","sticky":false,"template":"","format":"standard","meta":{"footnotes":""},"categories":[1,11],"tags":[],"class_list":["post-5960","post","type-post","status-publish","format-standard","has-post-thumbnail","hentry","category-allgemein","category-geisteswissenschaften"],"_links":{"self":[{"href":"https:\/\/wordpress.nibis.de\/kgssalzh\/wp-json\/wp\/v2\/posts\/5960","targetHints":{"allow":["GET"]}}],"collection":[{"href":"https:\/\/wordpress.nibis.de\/kgssalzh\/wp-json\/wp\/v2\/posts"}],"about":[{"href":"https:\/\/wordpress.nibis.de\/kgssalzh\/wp-json\/wp\/v2\/types\/post"}],"author":[{"embeddable":true,"href":"https:\/\/wordpress.nibis.de\/kgssalzh\/wp-json\/wp\/v2\/users\/9194303"}],"replies":[{"embeddable":true,"href":"https:\/\/wordpress.nibis.de\/kgssalzh\/wp-json\/wp\/v2\/comments?post=5960"}],"version-history":[{"count":2,"href":"https:\/\/wordpress.nibis.de\/kgssalzh\/wp-json\/wp\/v2\/posts\/5960\/revisions"}],"predecessor-version":[{"id":5965,"href":"https:\/\/wordpress.nibis.de\/kgssalzh\/wp-json\/wp\/v2\/posts\/5960\/revisions\/5965"}],"wp:featuredmedia":[{"embeddable":true,"href":"https:\/\/wordpress.nibis.de\/kgssalzh\/wp-json\/wp\/v2\/media\/5962"}],"wp:attachment":[{"href":"https:\/\/wordpress.nibis.de\/kgssalzh\/wp-json\/wp\/v2\/media?parent=5960"}],"wp:term":[{"taxonomy":"category","embeddable":true,"href":"https:\/\/wordpress.nibis.de\/kgssalzh\/wp-json\/wp\/v2\/categories?post=5960"},{"taxonomy":"post_tag","embeddable":true,"href":"https:\/\/wordpress.nibis.de\/kgssalzh\/wp-json\/wp\/v2\/tags?post=5960"}],"curies":[{"name":"wp","href":"https:\/\/api.w.org\/{rel}","templated":true}]}}