{"id":1149,"date":"2020-03-02T21:16:03","date_gmt":"2020-03-02T20:16:03","guid":{"rendered":"https:\/\/wordpress.nibis.de\/klartext\/?p=1149"},"modified":"2020-03-02T21:17:42","modified_gmt":"2020-03-02T20:17:42","slug":"blog-einfach-mit-klartext","status":"publish","type":"post","link":"https:\/\/wordpress.nibis.de\/klartext\/2020\/03\/02\/blog-einfach-mit-klartext\/","title":{"rendered":"Blog einfach &#8211; mit Klartext!"},"content":{"rendered":"\n<p><em>Ein Workshop f\u00fcr Lehrkr\u00e4fte und Sch\u00fclerzeitungsredaktionen.<\/em><\/p>\n<p>\u00a0<\/p>\n<p><strong>Die Zielgruppe<\/strong><\/p>\n<p>Das Angebot richtet sich vorrangig an Schulen, die an der Gr\u00fcndung einer Sch\u00fclerzeitung als Internet-Blog interessiert sind. Schulen mit einer \u201etraditionellen\u201c Print-Sch\u00fclerzeitung, die \u00fcber eine Ausweitung oder einen Umzug ins Digitale nachdenken, sind ebenfalls angesprochen. Gesucht werden Sch\u00fclerredaktionen, die jeweils mit 3-5 Sch\u00fclerinnen und Sch\u00fclern sowie der betreuenden Lehrkraft teilnehmen.<\/p>\n<p><strong>Die Inhalte<\/strong><\/p>\n<p>Der Workshop umfasst drei Schwerpunkte:<\/p>\n<ul>\n<li>Technik \/ Know How mit dem Content Management System \u201cWordPress\u201d<\/li>\n<\/ul>\n<ul>\n<li>Organisationstipps (Aufbau einer Redaktion) und<\/li>\n<li>Journalistisches Schreiben (Interviews, Berichte etc.)<\/li>\n<\/ul>\n<p><strong>Der Termin:<\/strong><\/p>\n<p>Donnerstag, den 25.6.2020, von 10 bis 16 Uhr (inklusive Mittagspause), in den R\u00e4umen der Wilhelm-Raabe-Schule Hannover, Langensalzastra\u00dfe 24.<\/p>\n<p><strong>Der Klartext Blog \u2026<\/strong><\/p>\n<p>\u2026 ist eine landesweite Plattform f\u00fcr Sch\u00fclerbeitr\u00e4ge unter <em>www.klartext-blog.de<\/em>. Die Mitarbeit beim Klartext Blog ist Teilnahmevoraussetzung. Damit wird die Netzwerkbildung unter Sch\u00fclerzeitungen gest\u00e4rkt. Die betreuende Lehrkraft erh\u00e4lt im Schuljahr 2020\/2021 eine Anrechnungsstunde auf ihre Unterrichtsverpflichtung.<\/p>\n<p><strong>Die Bewerbungsvoraussetzungen<\/strong><\/p>\n<p>Teilnehmende Schulen verf\u00fcgen \u00fcber einen Internetanschluss &gt; 6Mbit sowie die M\u00f6glichkeit zur Arbeit auf digitalen Endger\u00e4ten (PC, Laptop oder Tablet). Einverst\u00e4ndniserkl\u00e4rungen der Erziehungsberechtigten zur Teilnahme am Workshop liegen der teilnehmenden Schule vor. Das Einverst\u00e4ndnis der Teilnehmerinnen oder Teilnehmer bzw. der Erziehungsberechtigten f\u00fcr die Verwendung von Fotos, Videos und Arbeitsergebnissen w\u00e4hrend der Veranstaltung zum Zwecke der Ver\u00f6ffentlichung auf dem Klartext Blog ist ebenfalls vorhanden.<\/p>\n<p><strong>Die Bewerbung<\/strong><\/p>\n<p>Die Anzahl der teilnehmenden Schulen ist begrenzt. Bewerbungen erfolgen formlos bis zum 27.3.2020 an <a href=\"&#x6d;&#x61;&#105;&#108;to&#x3a;&#x62;&#x65;&#119;er&#x62;&#x75;&#x6e;&#103;&#101;n&#x40;&#x6b;&#x6c;&#97;&#114;t&#x65;&#x78;&#x74;&#45;&#98;lo&#x67;&#x2e;&#x64;&#101;\"><strong>&#x62;&#x65;&#119;er&#x62;&#x75;&#110;&#103;e&#x6e;&#x40;&#107;&#108;a&#x72;&#x74;&#x65;&#120;t-&#x62;&#x6c;&#111;&#103;&#46;&#x64;&#x65;<\/strong> <\/a>und werden nach der Reihenfolge des Eingangs ber\u00fccksichtigt. F\u00fcr die Bewerbung sind die folgenden Angaben wichtig: Ggf. seit wann gibt es den Plan zur Gr\u00fcndung einer Sch\u00fclerzeitungsredaktion? Ggf. auf welchen Plattformen wird ver\u00f6ffentlicht (Print, Blog etc.)? Hat die betreuende Lehrkraft Vorerfahrungen mit Sch\u00fclerzeitungen, mit Sch\u00fclerblogs und \/oder mit WordPress? Kontaktdaten der betreuenden Lehrkraft (Schule, Name, Telefon, E-Mail).<\/p>\n<p><strong>Der Kontakt<\/strong><\/p>\n<p>Fragen zur Bewerbung k\u00f6nnen ebenfalls an &#x62;&#x65;&#119;&#101;r&#x62;&#x75;&#x6e;&#103;en&#x40;&#x6b;&#108;&#97;r&#x74;&#x65;&#x78;&#116;-b&#x6c;&#x6f;&#103;&#46;d&#x65; gerichtet werden. Ausk\u00fcnfte erteilt dar\u00fcber hinaus Herr Ralf Borngr\u00e4ber, Nds. Kultusministerium, Tel.: 0511 120-7269, E-Mail: &#114;&#x61;&#108;&#x66;&#46;&#x62;&#111;&#x72;&#110;&#x67;&#114;&#x61;&#101;&#x62;&#101;&#x72;&#64;&#x6d;&#107;&#x2e;&#110;&#x69;&#101;&#x64;&#101;&#x72;&#115;&#x61;&#99;&#x68;&#115;&#x65;&#110;&#x2e;&#100;&#x65;.<\/p>\n","protected":false},"excerpt":{"rendered":"<p>Ein Workshop f\u00fcr Lehrkr\u00e4fte und Sch\u00fclerzeitungsredaktionen. \u00a0 Die Zielgruppe Das Angebot richtet sich vorrangig an Schulen, die an der Gr\u00fcndung einer Sch\u00fclerzeitung als Internet-Blog interessiert sind. Schulen mit einer \u201etraditionellen\u201c Print-Sch\u00fclerzeitung, die \u00fcber eine Ausweitung oder einen Umzug ins Digitale nachdenken, sind ebenfalls angesprochen. Gesucht werden Sch\u00fclerredaktionen, die jeweils mit 3-5 Sch\u00fclerinnen und Sch\u00fclern sowie [&hellip;]<\/p>\n","protected":false},"author":9192202,"featured_media":0,"comment_status":"closed","ping_status":"closed","sticky":false,"template":"","format":"standard","meta":{"footnotes":""},"categories":[1],"tags":[],"class_list":["post-1149","post","type-post","status-publish","format-standard","hentry","category-allgemein"],"_links":{"self":[{"href":"https:\/\/wordpress.nibis.de\/klartext\/wp-json\/wp\/v2\/posts\/1149","targetHints":{"allow":["GET"]}}],"collection":[{"href":"https:\/\/wordpress.nibis.de\/klartext\/wp-json\/wp\/v2\/posts"}],"about":[{"href":"https:\/\/wordpress.nibis.de\/klartext\/wp-json\/wp\/v2\/types\/post"}],"author":[{"embeddable":true,"href":"https:\/\/wordpress.nibis.de\/klartext\/wp-json\/wp\/v2\/users\/9192202"}],"replies":[{"embeddable":true,"href":"https:\/\/wordpress.nibis.de\/klartext\/wp-json\/wp\/v2\/comments?post=1149"}],"version-history":[{"count":2,"href":"https:\/\/wordpress.nibis.de\/klartext\/wp-json\/wp\/v2\/posts\/1149\/revisions"}],"predecessor-version":[{"id":1162,"href":"https:\/\/wordpress.nibis.de\/klartext\/wp-json\/wp\/v2\/posts\/1149\/revisions\/1162"}],"wp:attachment":[{"href":"https:\/\/wordpress.nibis.de\/klartext\/wp-json\/wp\/v2\/media?parent=1149"}],"wp:term":[{"taxonomy":"category","embeddable":true,"href":"https:\/\/wordpress.nibis.de\/klartext\/wp-json\/wp\/v2\/categories?post=1149"},{"taxonomy":"post_tag","embeddable":true,"href":"https:\/\/wordpress.nibis.de\/klartext\/wp-json\/wp\/v2\/tags?post=1149"}],"curies":[{"name":"wp","href":"https:\/\/api.w.org\/{rel}","templated":true}]}}