{"id":1168,"date":"2020-11-25T12:29:24","date_gmt":"2020-11-25T11:29:24","guid":{"rendered":"https:\/\/wordpress.nibis.de\/klartext\/?p=1168"},"modified":"2020-11-25T12:29:25","modified_gmt":"2020-11-25T11:29:25","slug":"wir-lernen-digital","status":"publish","type":"post","link":"https:\/\/wordpress.nibis.de\/klartext\/2020\/11\/25\/wir-lernen-digital\/","title":{"rendered":"Wir lernen digital!"},"content":{"rendered":"\n<p>Seit diesem Schuljahr bereitet sich die FDS Freren auf\u00a0 ihren Blog vor. Das machen wir nicht alleine. Wir bekommen Hilfe aus Hannover. Insgesamt sind dort sechs Schulen dabei, ihren Blog zu gestalten. Eigentlich sollte es auch ein Treffen geben, das f\u00e4llt wegen Corona jedoch aus. Deswegen nehmen wir an unterschiedlichen Tagen an Online-Workshops teil. Pia und ich (Emily) waren am 28. Oktober beim ersten Mal f\u00fcr unsere Schule dabei. Uns wurde zum Beispiel erkl\u00e4rt, wie man Beitr\u00e4ge erstellt. Hier lest ihr einen davon. \ud83d\ude42<\/p>\n<p>Franzi und Ricarda haben zwei Wochen sp\u00e4ter gelernt, wie man die Aufgaben in einer Redaktion gut aufteilt. Organisation ist hier gefragt!<\/p>\n<p>Am dritten Workshop-Tag sind f\u00fcr uns Joel, Maria und Joelle dabei. Sie haben den anderen Schulen unsere ersten Beitr\u00e4ge gezeigt und erkl\u00e4rt, wie es jetzt weitergeht mit fds-bunt. Bleibt dabei, dann werdet ihr es hier auch erfahren.<\/p>\n\n\n\n<figure class=\"wp-block-image size-large\"><img loading=\"lazy\" decoding=\"async\" width=\"1024\" height=\"675\" src=\"https:\/\/wordpress.nibis.de\/klartext\/files\/2020\/11\/Franzii-1024x675.jpg\" alt=\"\" class=\"wp-image-1172\"\/><figcaption>Hier sind Franzi (l.) und Ricarda bei der Videokonferenz zu sehen. Foto: Lacroix<\/figcaption><\/figure>\n","protected":false},"excerpt":{"rendered":"<p>Seit diesem Schuljahr bereitet sich die FDS Freren auf\u00a0 ihren Blog vor. Das machen wir nicht alleine. Wir bekommen Hilfe aus Hannover. Insgesamt sind dort sechs Schulen dabei, ihren Blog zu gestalten. Eigentlich sollte es auch ein Treffen geben, das f\u00e4llt wegen Corona jedoch aus. Deswegen nehmen wir an unterschiedlichen Tagen an Online-Workshops teil. Pia [&hellip;]<\/p>\n","protected":false},"author":9193624,"featured_media":0,"comment_status":"open","ping_status":"open","sticky":false,"template":"","format":"standard","meta":{"footnotes":""},"categories":[1],"tags":[],"class_list":["post-1168","post","type-post","status-publish","format-standard","hentry","category-allgemein"],"_links":{"self":[{"href":"https:\/\/wordpress.nibis.de\/klartext\/wp-json\/wp\/v2\/posts\/1168","targetHints":{"allow":["GET"]}}],"collection":[{"href":"https:\/\/wordpress.nibis.de\/klartext\/wp-json\/wp\/v2\/posts"}],"about":[{"href":"https:\/\/wordpress.nibis.de\/klartext\/wp-json\/wp\/v2\/types\/post"}],"author":[{"embeddable":true,"href":"https:\/\/wordpress.nibis.de\/klartext\/wp-json\/wp\/v2\/users\/9193624"}],"replies":[{"embeddable":true,"href":"https:\/\/wordpress.nibis.de\/klartext\/wp-json\/wp\/v2\/comments?post=1168"}],"version-history":[{"count":1,"href":"https:\/\/wordpress.nibis.de\/klartext\/wp-json\/wp\/v2\/posts\/1168\/revisions"}],"predecessor-version":[{"id":1174,"href":"https:\/\/wordpress.nibis.de\/klartext\/wp-json\/wp\/v2\/posts\/1168\/revisions\/1174"}],"wp:attachment":[{"href":"https:\/\/wordpress.nibis.de\/klartext\/wp-json\/wp\/v2\/media?parent=1168"}],"wp:term":[{"taxonomy":"category","embeddable":true,"href":"https:\/\/wordpress.nibis.de\/klartext\/wp-json\/wp\/v2\/categories?post=1168"},{"taxonomy":"post_tag","embeddable":true,"href":"https:\/\/wordpress.nibis.de\/klartext\/wp-json\/wp\/v2\/tags?post=1168"}],"curies":[{"name":"wp","href":"https:\/\/api.w.org\/{rel}","templated":true}]}}