{"id":1619,"date":"2023-04-15T09:03:17","date_gmt":"2023-04-15T07:03:17","guid":{"rendered":"https:\/\/wordpress.nibis.de\/klartext\/?p=1619"},"modified":"2023-06-20T15:06:42","modified_gmt":"2023-06-20T13:06:42","slug":"schueleraustausch-in-die-usa-mit-der-jpe-winsen-ab-ueber-den-grossen-teich","status":"publish","type":"post","link":"https:\/\/wordpress.nibis.de\/klartext\/2023\/04\/15\/schueleraustausch-in-die-usa-mit-der-jpe-winsen-ab-ueber-den-grossen-teich\/","title":{"rendered":"Sch\u00fcleraustausch in die USA \u2013 mit der JPE Winsen ab \u00fcber den gro\u00dfen Teich!"},"content":{"rendered":"\n<p>Schon lange wird an der Johann Peter Eckermann Realschule in Winsen\/ Luhe \u00fcber einen Austausch in die USA gegr\u00fcbelt:<br>Besonders unser Englischlehrer Herr Weselmann plant seit mehreren Jahren intensiv an Austauschprogrammen und kaum zu glauben, nun gibt es endlich genaue Informationen.<\/p>\n\n\n\n<div class=\"wp-block-image\"><figure class=\"aligncenter size-full is-resized\"><img loading=\"lazy\" decoding=\"async\" src=\"https:\/\/wordpress.nibis.de\/klartext\/files\/2023\/04\/schule.jpg\" alt=\"\" class=\"wp-image-1621\" width=\"446\" height=\"297\"\/><figcaption>https:\/\/www.facebook.com\/EssexNorthShore\/<\/figcaption><\/figure><\/div>\n\n\n\n<!--more-->\n\n\n\n<p>Am Montag, dem 16.01.2023 organisierte Herr Weselmann in Zusammenarbeit mit Frau Edert eine Informationsveranstaltung zu dem geplanten Amerika-Austausch.<br>Diese war allerdings nicht die erste Zusammenkunft.<br>Um genau zu sein, war es bereits die dritte Veranstaltung dieser Art. Eltern und Sch\u00fcler hatten hier die M\u00f6glichkeit auch erste eigene Fragen loszuwerden. Die Kosten wurden besprochen, der Ablauf kam auf den Tisch und auch Unklarheiten bez\u00fcglich der Versicherungen wurden gekl\u00e4rt.<\/p>\n\n\n\n<p>In den vorrangegangenen Jahren mussten die geplanten Austausche leider aufgrund von Corona-Ma\u00dfnahmen immer wieder gecancelt werden.<br>Herr Weselmann verriet nun aber, dass es inzwischen ziemlich gut aussehen w\u00fcrde. Nun plane er sogar schon eine Arbeitsgemeinschaft im zweiten Halbjahr bez\u00fcglich des Austauschs.<\/p>\n\n\n\n<p>Der Austausch ist inspiriert von dem German American Partnership Programm (GAPP), welches bereits 700 Partnerschaften zwischen deutschen und amerikanischen Schulen umfasst. Das Ziel des GAPP ist es, die jeweilig andere Sprache zu verbessern und die Kultur einzutauchen.<\/p>\n\n\n\n<p>Dies freut alle Beteiligten sehr, da bereits vom 15.04. bis zum 29.04.2023<br>ein Besuch der Sch\u00fcler und Sch\u00fclerinnen der \u201eEssex North Shore Agricultural &amp; Technical School in Danvers, Massachusetts\u201c ansteht. Zu diesem Anlass sollen viele Ausfl\u00fcge unternommen werden, die es zu planen gilt. Ein Highlight wird hier unter anderem ein Tag im Heidepark Soltau sein.<\/p>\n\n\n\n<p>Gemeinsamer Unterricht in unserer Schule ist aufgrund der sprachlichen Barrieren nur im Englischunterricht geplant. Die amerikanischen Sch\u00fcler und Sch\u00fclerinnen werden vormittags andere kulturelle Programmpunkte erleben.<\/p>\n\n\n\n<p>Nachdem unsere Sch\u00fcler und Sch\u00fclerinnen dann schon in das Vergn\u00fcgen eines amerikanischen Gastes gekommen sind, wird es f\u00fcr sie vom 16.10.- 04.11.2023 erst richtig spannend. Denn dann geht es \u00fcber den gro\u00dfen Teich.<br>Bevor es nach Boston zu den Gastfamilien geht, ist ein Abstecher nach New York geplant, wo die Sch\u00fcler der JPE vier Tage bleiben werden, um zum Beispiel den Times Square oder die Freiheitsstatue zu besuchen. Nat\u00fcrlich wird es am Big Apple auch ein Freizeitangebot geben.<br>Nach den vier Tagen geht es dann an die \u201eEssex\u201c und zu den Gastfamilien.<br>Dort werden unsere Sch\u00fcler und Sch\u00fclerinnen zur Schule gehen, Zeit mit den Gastfamilien verbringen und sogar Halloween feiern. Alles in allem wird dieser Austausch eine riesige Chance f\u00fcr unsere Sch\u00fcler und Sch\u00fclerinnen werden, um erste internationale Kontakte zu kn\u00fcpfen und ihre Englischkenntnisse deutlich zu verbessern. Au\u00dferdem (und das ist eigentlich das Wichtigste) werden sich neue Freundschaften bilden und der Spa\u00df wird sicher auch nicht zu kurz kommen\u2026. Amerika, wir kommen!<\/p>\n\n\n\n<p>Marie Luisa Rastagar, 9b, JPE Winsen\/Luhe<\/p>\n","protected":false},"excerpt":{"rendered":"<p>Schon lange wird an der Johann Peter Eckermann Realschule in Winsen\/ Luhe \u00fcber einen Austausch in die USA gegr\u00fcbelt:Besonders unser Englischlehrer Herr Weselmann plant seit mehreren Jahren intensiv an Austauschprogrammen und kaum zu glauben, nun gibt es endlich genaue Informationen.<\/p>\n","protected":false},"author":9194060,"featured_media":1621,"comment_status":"open","ping_status":"open","sticky":false,"template":"","format":"standard","meta":{"footnotes":""},"categories":[1],"tags":[],"class_list":["post-1619","post","type-post","status-publish","format-standard","has-post-thumbnail","hentry","category-allgemein"],"_links":{"self":[{"href":"https:\/\/wordpress.nibis.de\/klartext\/wp-json\/wp\/v2\/posts\/1619","targetHints":{"allow":["GET"]}}],"collection":[{"href":"https:\/\/wordpress.nibis.de\/klartext\/wp-json\/wp\/v2\/posts"}],"about":[{"href":"https:\/\/wordpress.nibis.de\/klartext\/wp-json\/wp\/v2\/types\/post"}],"author":[{"embeddable":true,"href":"https:\/\/wordpress.nibis.de\/klartext\/wp-json\/wp\/v2\/users\/9194060"}],"replies":[{"embeddable":true,"href":"https:\/\/wordpress.nibis.de\/klartext\/wp-json\/wp\/v2\/comments?post=1619"}],"version-history":[{"count":3,"href":"https:\/\/wordpress.nibis.de\/klartext\/wp-json\/wp\/v2\/posts\/1619\/revisions"}],"predecessor-version":[{"id":1642,"href":"https:\/\/wordpress.nibis.de\/klartext\/wp-json\/wp\/v2\/posts\/1619\/revisions\/1642"}],"wp:featuredmedia":[{"embeddable":true,"href":"https:\/\/wordpress.nibis.de\/klartext\/wp-json\/wp\/v2\/media\/1621"}],"wp:attachment":[{"href":"https:\/\/wordpress.nibis.de\/klartext\/wp-json\/wp\/v2\/media?parent=1619"}],"wp:term":[{"taxonomy":"category","embeddable":true,"href":"https:\/\/wordpress.nibis.de\/klartext\/wp-json\/wp\/v2\/categories?post=1619"},{"taxonomy":"post_tag","embeddable":true,"href":"https:\/\/wordpress.nibis.de\/klartext\/wp-json\/wp\/v2\/tags?post=1619"}],"curies":[{"name":"wp","href":"https:\/\/api.w.org\/{rel}","templated":true}]}}