{"id":1931,"date":"2026-04-20T14:48:12","date_gmt":"2026-04-20T12:48:12","guid":{"rendered":"https:\/\/wordpress.nibis.de\/klartext\/?p=1931"},"modified":"2026-04-20T14:48:12","modified_gmt":"2026-04-20T12:48:12","slug":"das-aquarium-projekt-der-6-3-eine-chronik","status":"publish","type":"post","link":"https:\/\/wordpress.nibis.de\/klartext\/2026\/04\/20\/das-aquarium-projekt-der-6-3-eine-chronik\/","title":{"rendered":"Das Aquarium-Projekt der 6.3 &#8211; Eine Chronik"},"content":{"rendered":"\n<p>Die Klasse 6.3 der Margot-Friedl\u00e4nder-Gesamtschule Wedemark hat sich ein Aquarium f\u00fcr den Klassenraum angeschafft. Wir haben dieses spannende und ambitionierte Projekt in zwei Beitr\u00e4gen begleitet.<\/p>\n\n\n\n<!--more-->\n\n\n\n<p><em>Zun\u00e4chst berichtete <strong>Lennart (6.3)<\/strong> \u00fcber das Projekt seiner eigenen Klasse:<\/em><\/p>\n\n\n\n<p><strong>Die 6.3 bekommt ein Aquarium<\/strong> <em>(14.09.2025)<\/em><\/p>\n\n\n\n<p>Ende der 5. Klasse haben sich die Entdecker 2024 \u00fcberlegt, ein Aquarium f\u00fcr den Stammgruppenraum anzuschaffen, und haben herumgeforscht, was man alles f\u00fcr ein Aquarium braucht und wo sie sich die Erlaubnis holen m\u00fcssen. Die Schulleitung war einverstanden und in den Ferien hat auch noch die Gemeinde zugestimmt.<\/p>\n\n\n\n<p>Am kommenden Dienstag holt die Stammgruppenleitung Frau Wehrend nun ein Aquarium samt Zubeh\u00f6r und Pflanzen aus dem Schulbiologiezentrum Hannover als Leihgabe bis zu den Osterferien 2026 ab, um einen Testlauf zu starten. Kurz vor den Herbstferien d\u00fcrfen dann die Fische einziehen.<\/p>\n\n\n\n<p><em>Nach etwa einem halben Jahr trafen sich <strong>Malena (11.3)<\/strong> und <strong>Josy (11.1)<\/strong> mit Frau Wehrend, Klassenlehrerin der 6.3, um den weiteren Verlauf des Projekts nachzuverfolgen:<\/em><\/p>\n\n\n\n<p><strong>Neuster Stand des Aquarium-Projekts der 6.3<\/strong> <em>(08.04.2026)<\/em><\/p>\n\n\n\n<p>Zu Beginn des Projektes war das Aquarium eine Leihgabe des Schulbiologiezentrums. Leider war das bereitgestellte Material teilweise nicht funktionsf\u00e4hig, wodurch es zu ein paar Pannen gekommen ist. Beispielsweise gab es in einem Aquarium undichte Stellen, deshalb musste es umgetauscht werden. Ebenso war einer der Heizstrahler defekt, weshalb einige Fische starben.<\/p>\n\n\n\n<p>Da die ganze Klasse nicht wollte, dass das Projekt so endet, nutzten sie die Erl\u00f6se des Weihnachtsbasars, um ein eigenes funktionsf\u00e4higes Aquarium zu kaufen, das bis auf unbestimmte Zeit in ihrer Klasse bleiben wird. Die f\u00fcnf neuen Fische wurden freundlicherweise von Frau Waschkus\u2018 Nachbarin bereitgestellt. Zudem bereiteten die Sch\u00fcler bereiteten Pr\u00e4sentationen zu verschiedenen Fischarten vor, die leicht in Aquarien gehalten werden k\u00f6nnen. Aus denen konnten dann die Fische ausgew\u00e4hlt werden, die bald ins Aquarium einziehen d\u00fcrften.<\/p>\n\n\n\n<p>Auch der Prozess des F\u00fctterns der Fische hat sich im Verlauf des halben Jahres weiterentwickelt: Vom t\u00e4glichen F\u00fcttern durch Frau Wehrend und die Sch\u00fcler hin zu einem Futterautomaten, der das F\u00fcttern \u00fcbernimmt, damit es nicht vergessen wird. Einen Wischer gibt es, um das Aquarium zu reinigen.<\/p>\n\n\n\n<p>Zusammenfassend war das Projekt sehr motivierend f\u00fcr die Sch\u00fcler und sie haben ein Verantwortungsbewusstsein f\u00fcr die Fische entwickelt. Nach einiger Zeit hat die anf\u00e4ngliche Begeisterung nachgelassen, trotzdem freut sich die Klasse weiterhin \u00fcber die Fische und die M\u00f6glichkeit, es ausprobiert zu haben. Da sie ein eigenes Aquarium haben, kann man sagen, dass es ein fester Bestandteil ihrer Klasse geworden ist.<\/p>\n\n\n\n<p><strong>Vielen Dank f\u00fcrs Lesen. Weitere Beitr\u00e4ge des Schul-Newsletters der Margot-Friedl\u00e4nder-Gesamtschule Wedemark finden Sie hier: <a href=\"https:\/\/wordpress.nibis.de\/igswedemark\/\">https:\/\/wordpress.nibis.de\/igswedemark\/<\/a><\/strong><\/p>\n\n\n\n<p><\/p>\n","protected":false},"excerpt":{"rendered":"<p>Die Klasse 6.3 der Margot-Friedl\u00e4nder-Gesamtschule Wedemark hat sich ein Aquarium f\u00fcr den Klassenraum angeschafft. Wir haben dieses spannende und ambitionierte Projekt in zwei Beitr\u00e4gen begleitet.<\/p>\n","protected":false},"author":9194791,"featured_media":1934,"comment_status":"closed","ping_status":"closed","sticky":false,"template":"","format":"standard","meta":{"footnotes":""},"categories":[1],"tags":[],"class_list":["post-1931","post","type-post","status-publish","format-standard","has-post-thumbnail","hentry","category-allgemein"],"_links":{"self":[{"href":"https:\/\/wordpress.nibis.de\/klartext\/wp-json\/wp\/v2\/posts\/1931","targetHints":{"allow":["GET"]}}],"collection":[{"href":"https:\/\/wordpress.nibis.de\/klartext\/wp-json\/wp\/v2\/posts"}],"about":[{"href":"https:\/\/wordpress.nibis.de\/klartext\/wp-json\/wp\/v2\/types\/post"}],"author":[{"embeddable":true,"href":"https:\/\/wordpress.nibis.de\/klartext\/wp-json\/wp\/v2\/users\/9194791"}],"replies":[{"embeddable":true,"href":"https:\/\/wordpress.nibis.de\/klartext\/wp-json\/wp\/v2\/comments?post=1931"}],"version-history":[{"count":5,"href":"https:\/\/wordpress.nibis.de\/klartext\/wp-json\/wp\/v2\/posts\/1931\/revisions"}],"predecessor-version":[{"id":1937,"href":"https:\/\/wordpress.nibis.de\/klartext\/wp-json\/wp\/v2\/posts\/1931\/revisions\/1937"}],"wp:featuredmedia":[{"embeddable":true,"href":"https:\/\/wordpress.nibis.de\/klartext\/wp-json\/wp\/v2\/media\/1934"}],"wp:attachment":[{"href":"https:\/\/wordpress.nibis.de\/klartext\/wp-json\/wp\/v2\/media?parent=1931"}],"wp:term":[{"taxonomy":"category","embeddable":true,"href":"https:\/\/wordpress.nibis.de\/klartext\/wp-json\/wp\/v2\/categories?post=1931"},{"taxonomy":"post_tag","embeddable":true,"href":"https:\/\/wordpress.nibis.de\/klartext\/wp-json\/wp\/v2\/tags?post=1931"}],"curies":[{"name":"wp","href":"https:\/\/api.w.org\/{rel}","templated":true}]}}