{"id":1939,"date":"2026-04-29T20:26:01","date_gmt":"2026-04-29T18:26:01","guid":{"rendered":"https:\/\/wordpress.nibis.de\/klartext\/?p=1939"},"modified":"2026-04-29T22:03:43","modified_gmt":"2026-04-29T20:03:43","slug":"1939","status":"publish","type":"post","link":"https:\/\/wordpress.nibis.de\/klartext\/2026\/04\/29\/1939\/","title":{"rendered":"Wir stellen vor &#8230;"},"content":{"rendered":"\n<h5 class=\"wp-block-heading\">Walter-Gropius-Schule, Berufsbildende SchuleN Hildesheim<\/h5>\n\n\n\n<h3 class=\"wp-block-heading\"><strong>Europaschule und das Erasmus+ Programm<\/strong><\/h3>\n\n\n\n<hr class=\"wp-block-separator has-alpha-channel-opacity\" \/>\n\n\n<div class=\"wp-block-post-author-name\">Rudolf Ruoff<\/div>\n\n\n<p><strong>Die Walter-Gropius-Schule ist seit 2021 eine zertifizierte Europaschule in Niedersachsen und versteht Europa nicht als Zusatz, sondern als festen Bestandteil des schulischen Alltags. Die erneute Rezertifizierung im Jahr 2025 zeigt, dass die Schule kontinuierlich und auf hohem Niveau europ\u00e4ische Bildungsarbeit leistet und internationale Erfahrungen fest im Schulkonzept verankert sind. Ziel ist es, Sch\u00fclerinnen und Sch\u00fcler nicht nur fachlich auszubilden, sondern sie auch gezielt auf eine internationale Arbeitswelt vorzubereiten. Dabei stehen Werte wie Toleranz, Offenheit, Demokratie und interkulturelles Verst\u00e4ndnis im Mittelpunkt. Gleichzeitig werden zentrale Themen des Erasmus+-Programms wie Nachhaltigkeit, Digitalisierung und europ\u00e4ische Zusammenarbeit aktiv in den Unterricht und das Schulleben integriert.<\/strong><\/p>\n\n\n\n<div class=\"wp-block-group is-layout-constrained wp-block-group-is-layout-constrained\">\n<!--more mehr-->\n<\/div>\n\n\n\n<p>Ein besonderer Schwerpunkt der Schule liegt auf der Internationalisierung. Die Walter-Gropius-Schule arbeitet mit einem gro\u00dfen Netzwerk an Partnerschulen und Betrieben in ganz Europa zusammen. Dazu geh\u00f6ren unter anderem Estland, Finnland, Frankreich, Island, Italien, Lettland, die Niederlande, Norwegen, \u00d6sterreich und Spanien. Diese breite Vernetzung zeigt, dass die Schule nicht nur punktuell, sondern dauerhaft international t\u00e4tig ist. J\u00e4hrlich haben zahlreiche Sch\u00fclerinnen und Sch\u00fcler die M\u00f6glichkeit, \u00fcber das Erasmus+-Programm an einem etwa dreiw\u00f6chigen Auslandsaufenthalt teilzunehmen und dort ein Praktikum oder einen Teil ihrer Ausbildung zu absolvieren. In den letzten Jahren konnten so rund 300 Personen an dem Programm teilnehmen.<\/p>\n\n\n\n<p>Die Schule unterst\u00fctzt ihre Teilnehmenden dabei umfassend. Von der Vorbereitung \u00fcber die Organisation bis hin zur Durchf\u00fchrung. Dazu geh\u00f6ren sprachliche, fachliche und interkulturelle Vorbereitung sowie organisatorische Unterst\u00fctzung bei Unterkunft, Versicherung und Finanzierung. Besonders hervorzuheben ist, dass die Teilnahme f\u00fcr die Sch\u00fclerinnen und Sch\u00fcler durch Erasmus+ gef\u00f6rdert werden. Dies erm\u00f6glicht es, m\u00f6glichst vielen Jugendlichen, unabh\u00e4ngig von ihrer finanziellen Situation, eine Auslandserfahrung zu erm\u00f6glichen.<\/p>\n\n\n\n<p>Neben den Auslandspraktika organisiert die Schule regelm\u00e4\u00dfig europ\u00e4ische Projekte, Austauschma\u00dfnahmen und Veranstaltungen wie die Europawoche oder den Europatag. Diese Formate erreichen einen gro\u00dfen Teil der Schulgemeinschaft und sorgen daf\u00fcr, dass europ\u00e4ische Themen nicht nur von einzelnen Teilnehmenden erlebt werden, sondern in der gesamten Schule sichtbar sind. Die Projekte, die mit verschiedenen Partnern, wird zum teils \u00fcber mehrere Jahre gearbeitet. In den letzten Jahren wurden diese Projekte von der EU mit knapp 500.000 \u20ac gef\u00f6rdert. Erg\u00e4nzt wird dies durch Lehrerfortbildungen im Ausland, sogenannte Job-Shadowings, sowie internationale Projektarbeiten, an der sowohl Lehrkr\u00e4fte als auch Sch\u00fclerinnen und Sch\u00fcler beteiligt sind. <\/p>\n\n\n\n<p>In den vergangenen Jahren hat die Schule dadurch ein stabiles und wachsendes internationales Netzwerk aufgebaut und kontinuierlich internationale Projekte umgesetzt. Die Vielzahl an Kooperationen, regelm\u00e4\u00dfigen Mobilit\u00e4ten und Veranstaltungen zeigt, dass Europa an der Walter-Gropius-Schule nicht nur ein Projekt ist, sondern dauerhaft gelebt wird. Die Schule leistet damit einen wichtigen Beitrag zur Entwicklung beruflicher, sprachlicher und pers\u00f6nlicher Kompetenzen ihrer Sch\u00fclerinnen und Sch\u00fcler und gilt als Beispiel f\u00fcr gelungene Internationalisierung in der beruflichen Bildung.<\/p>\n\n\n\n<p>Die Teilnahme am Erasmus+ Programm steht grunds\u00e4tzlich allen Sch\u00fclerinnen und Sch\u00fclern offen. Voraussetzungen sind vor allem Motivation, Zuverl\u00e4ssigkeit und die Bereitschaft, sich auf neue kulturelle Erfahrungen einzulassen. Der Bewerbungsprozess ist klar strukturiert. Interessierte f\u00fcllen ein Anmeldeformular aus, verfassen ein Motivationsschreiben auf Englisch und reichen, im Fall von Auszubildenden, eine Zustimmung ihres Ausbildungsbetriebs ein. Anschlie\u00dfend erfolgt die Auswahl und Begleitung durch das schulische Internationalisierungsteam. <\/p>\n\n\n\n<p>Ein Auslandsaufenthalt bietet den Teilnehmenden zahlreiche Chancen. Sie arbeiten in einem Betrieb im Ausland, lernen neue Arbeitsweisen und berufliche Standards kennen und verbessern gleichzeitig ihre Sprachkenntnisse. Dar\u00fcber hinaus sammeln sie wichtige pers\u00f6nliche Erfahrungen, indem sie ihren Alltag in einem fremden Land organisieren, neue Menschen kennenlernen und sich in einer anderen Kultur zurechtfinden. Viele Teilnehmende berichten, dass sie dadurch selbstst\u00e4ndiger, offener und sicherer werden. Kompetenzen, die sowohl im Berufsleben als auch im pers\u00f6nlichen Alltag von gro\u00dfer Bedeutung sind.<\/p>\n\n\n\n<p>Zusammenfassend l\u00e4sst sich sagen, dass die Walter-Gropius-Schule als Europaschule ein umfassendes und nachhaltiges internationales Bildungsangebot bietet. Mit zahlreichen Partnerl\u00e4ndern, regelm\u00e4\u00dfigen Auslandsaufenthalten, einer finanziellen F\u00f6rderung durch Erasmus+ sowie vielf\u00e4ltigen Projekten und Veranstaltungen im Schulalltag leistet die Schule einen wichtigen Beitrag zur europ\u00e4ischen Bildung. Erasmus+ ist dabei ein zentraler Baustein, der nicht nur die beruflichen Chancen der Sch\u00fclerinnen und Sch\u00fcler verbessert, sondern auch ihre pers\u00f6nliche Entwicklung nachhaltig st\u00e4rkt und ihnen erm\u00f6glicht, Europa aktiv zu erleben und mitzugestalten.<\/p>\n\n\n\n<p><strong>Mehr Infos:<\/strong> <a href=\"https:\/\/www.bbs-walter-gropius.de\/europa-internationalisierung\/?utm_source=chatgpt.com\"><strong>bbs-walter-gropius.de<\/strong><\/a><br><\/p>\n\n\n\n<p><\/p>\n\n\n\n<div class=\"wp-block-media-text is-stacked-on-mobile is-vertically-aligned-top\" style=\"margin-top:0;margin-bottom:0;padding-right:0;padding-left:0;grid-template-columns:74% auto\"><figure class=\"wp-block-media-text__media\"><img loading=\"lazy\" decoding=\"async\" width=\"828\" height=\"515\" src=\"https:\/\/wordpress.nibis.de\/klartext\/files\/2026\/04\/IMG_8982.png\" alt=\"\" class=\"wp-image-1964 size-full\" srcset=\"https:\/\/wordpress.nibis.de\/klartext\/files\/2026\/04\/IMG_8982.png 828w, https:\/\/wordpress.nibis.de\/klartext\/files\/2026\/04\/IMG_8982-768x478.png 768w, https:\/\/wordpress.nibis.de\/klartext\/files\/2026\/04\/IMG_8982-100x62.png 100w\" sizes=\"auto, (max-width: 828px) 100vw, 828px\" \/><\/figure><div class=\"wp-block-media-text__content\">\n<p><em>Sch\u00fclerinnen, Sch\u00fcler, die Schulleitung und Lehrkr\u00e4fte der Walter-Gropius-Schule nahmen an der Veranstaltung zur erneuten Zertifizierung &#8222;Europaschule in Niedersachsen&#8220; teil.<\/em> <\/p>\n<\/div><\/div>\n\n\n\n<p><\/p>\n","protected":false},"excerpt":{"rendered":"<p>Sch\u00fclerinnen und Sch\u00fcler und Lehrkr\u00e4fte der Walter-Gropius-Schule nahmen an der erneuten Zertifizierung zur Europaschule teil.<\/p>\n","protected":false},"author":9194687,"featured_media":1944,"comment_status":"closed","ping_status":"closed","sticky":false,"template":"","format":"standard","meta":{"footnotes":""},"categories":[1],"tags":[91,90,89],"class_list":["post-1939","post","type-post","status-publish","format-standard","has-post-thumbnail","hentry","category-allgemein","tag-berufsausbildung","tag-berufsbildende-schulen","tag-europaschule"],"_links":{"self":[{"href":"https:\/\/wordpress.nibis.de\/klartext\/wp-json\/wp\/v2\/posts\/1939","targetHints":{"allow":["GET"]}}],"collection":[{"href":"https:\/\/wordpress.nibis.de\/klartext\/wp-json\/wp\/v2\/posts"}],"about":[{"href":"https:\/\/wordpress.nibis.de\/klartext\/wp-json\/wp\/v2\/types\/post"}],"author":[{"embeddable":true,"href":"https:\/\/wordpress.nibis.de\/klartext\/wp-json\/wp\/v2\/users\/9194687"}],"replies":[{"embeddable":true,"href":"https:\/\/wordpress.nibis.de\/klartext\/wp-json\/wp\/v2\/comments?post=1939"}],"version-history":[{"count":17,"href":"https:\/\/wordpress.nibis.de\/klartext\/wp-json\/wp\/v2\/posts\/1939\/revisions"}],"predecessor-version":[{"id":1967,"href":"https:\/\/wordpress.nibis.de\/klartext\/wp-json\/wp\/v2\/posts\/1939\/revisions\/1967"}],"wp:featuredmedia":[{"embeddable":true,"href":"https:\/\/wordpress.nibis.de\/klartext\/wp-json\/wp\/v2\/media\/1944"}],"wp:attachment":[{"href":"https:\/\/wordpress.nibis.de\/klartext\/wp-json\/wp\/v2\/media?parent=1939"}],"wp:term":[{"taxonomy":"category","embeddable":true,"href":"https:\/\/wordpress.nibis.de\/klartext\/wp-json\/wp\/v2\/categories?post=1939"},{"taxonomy":"post_tag","embeddable":true,"href":"https:\/\/wordpress.nibis.de\/klartext\/wp-json\/wp\/v2\/tags?post=1939"}],"curies":[{"name":"wp","href":"https:\/\/api.w.org\/{rel}","templated":true}]}}