{"id":745,"date":"2023-02-23T07:51:00","date_gmt":"2023-02-23T06:51:00","guid":{"rendered":"https:\/\/wordpress.nibis.de\/knieberg\/?p=745"},"modified":"2023-03-08T07:53:55","modified_gmt":"2023-03-08T06:53:55","slug":"tag-der-offenen-tuer-am-knieberg","status":"publish","type":"post","link":"https:\/\/wordpress.nibis.de\/knieberg\/tag-der-offenen-tuer-am-knieberg\/","title":{"rendered":"Tag der offenen T\u00fcr am Knieberg"},"content":{"rendered":"\n<p>Am 23.02. war es nach langer Pause endlich wieder soweit: Wir durften unsere T\u00fcren wieder \u00f6ffnen und allen Interessierten zeigen, wer wir sind und wie wir arbeiten.<\/p>\n\n\n\n<p>Zwischen 8.30h und 11.30h waren die Klassent\u00fcren im Haupthaus ge\u00f6ffnet und Besucher konnten durch die Klassenr\u00e4ume spazieren und dem&nbsp; Unterricht beiwohnen.&nbsp;<\/p>\n\n\n\n<p>Die \u00fcbrigen R\u00e4umlichkeiten konnte man bei F\u00fchrungen mit Sch\u00fcler*innen der Sekundarstufe erkunden. Au\u00dferdem gab es einen Kaffee- und Kuchenverkauf und die Sch\u00fclerfirma \u201eKniebergs Liebling\u201c bot selbstgemachtes Kunsthandwerk zum Verkauf an.<\/p>\n\n\n\n<p>Die Kooperations- und Inklusionsstandorte, sowie der F\u00f6rderverein pr\u00e4sentierten sich virtuell in einer Pr\u00e4sentation bzw. auf Stellw\u00e4nden und an Infotischen. Kolleg*innen standen als Ansprechpartner bereit.<\/p>\n\n\n\n<p>Zu Besuch kamen &nbsp;Eltern von jetzigen und zuk\u00fcnftigen Sch\u00fcler*innen, Erzieher*innen in der Ausbildung und Kolleg*innen aus verschiedenen p\u00e4dagogischen und therapeutischen Bereichen.<\/p>\n\n\n\n<p>Vielen Dank an alle Besucher*innen, Kolleg*innen und Organisator*innen!<\/p>\n\n\n\n<figure class=\"wp-block-image size-large\"><img loading=\"lazy\" decoding=\"async\" width=\"1024\" height=\"576\" src=\"https:\/\/wordpress.nibis.de\/knieberg\/files\/2023\/03\/Screenshot-2-1024x576.png\" alt=\"\" class=\"wp-image-747\" srcset=\"https:\/\/wordpress.nibis.de\/knieberg\/files\/2023\/03\/Screenshot-2-1024x576.png 1024w, https:\/\/wordpress.nibis.de\/knieberg\/files\/2023\/03\/Screenshot-2-300x169.png 300w, https:\/\/wordpress.nibis.de\/knieberg\/files\/2023\/03\/Screenshot-2-768x432.png 768w, https:\/\/wordpress.nibis.de\/knieberg\/files\/2023\/03\/Screenshot-2-1536x864.png 1536w, https:\/\/wordpress.nibis.de\/knieberg\/files\/2023\/03\/Screenshot-2-480x270.png 480w, https:\/\/wordpress.nibis.de\/knieberg\/files\/2023\/03\/Screenshot-2.png 1600w\" sizes=\"auto, (max-width: 1024px) 100vw, 1024px\" \/><\/figure>\n","protected":false},"excerpt":{"rendered":"<p>Am 23.02. war es nach langer Pause endlich wieder soweit: Wir durften unsere T\u00fcren wieder \u00f6ffnen und allen Interessierten zeigen, wer wir sind und wie wir arbeiten. Zwischen 8.30h und 11.30h waren die Klassent\u00fcren im Haupthaus ge\u00f6ffnet und Besucher konnten durch die Klassenr\u00e4ume spazieren und dem&nbsp; Unterricht beiwohnen.&nbsp; Die \u00fcbrigen R\u00e4umlichkeiten konnte man bei F\u00fchrungen mit Sch\u00fcler*innen der Sekundarstufe erkunden. Au\u00dferdem gab es einen Kaffee- und Kuchenverkauf und die Sch\u00fclerfirma \u201eKniebergs Liebling\u201c bot selbstgemachtes Kunsthandwerk zum Verkauf an. Die Kooperations-&#8230;<\/p>\n<p class=\"read-more\"><a class=\"btn btn-default\" href=\"https:\/\/wordpress.nibis.de\/knieberg\/tag-der-offenen-tuer-am-knieberg\/\">Weiterlesen<span class=\"screen-reader-text\"> Weiterlesen<\/span><\/a><\/p>\n","protected":false},"author":9193665,"featured_media":746,"comment_status":"closed","ping_status":"closed","sticky":false,"template":"","format":"standard","meta":{"footnotes":""},"categories":[1,23,17],"tags":[],"class_list":["post-745","post","type-post","status-publish","format-standard","has-post-thumbnail","hentry","category-allgemein","category-feste-und-feiern","category-willkommen"],"_links":{"self":[{"href":"https:\/\/wordpress.nibis.de\/knieberg\/wp-json\/wp\/v2\/posts\/745","targetHints":{"allow":["GET"]}}],"collection":[{"href":"https:\/\/wordpress.nibis.de\/knieberg\/wp-json\/wp\/v2\/posts"}],"about":[{"href":"https:\/\/wordpress.nibis.de\/knieberg\/wp-json\/wp\/v2\/types\/post"}],"author":[{"embeddable":true,"href":"https:\/\/wordpress.nibis.de\/knieberg\/wp-json\/wp\/v2\/users\/9193665"}],"replies":[{"embeddable":true,"href":"https:\/\/wordpress.nibis.de\/knieberg\/wp-json\/wp\/v2\/comments?post=745"}],"version-history":[{"count":1,"href":"https:\/\/wordpress.nibis.de\/knieberg\/wp-json\/wp\/v2\/posts\/745\/revisions"}],"predecessor-version":[{"id":748,"href":"https:\/\/wordpress.nibis.de\/knieberg\/wp-json\/wp\/v2\/posts\/745\/revisions\/748"}],"wp:featuredmedia":[{"embeddable":true,"href":"https:\/\/wordpress.nibis.de\/knieberg\/wp-json\/wp\/v2\/media\/746"}],"wp:attachment":[{"href":"https:\/\/wordpress.nibis.de\/knieberg\/wp-json\/wp\/v2\/media?parent=745"}],"wp:term":[{"taxonomy":"category","embeddable":true,"href":"https:\/\/wordpress.nibis.de\/knieberg\/wp-json\/wp\/v2\/categories?post=745"},{"taxonomy":"post_tag","embeddable":true,"href":"https:\/\/wordpress.nibis.de\/knieberg\/wp-json\/wp\/v2\/tags?post=745"}],"curies":[{"name":"wp","href":"https:\/\/api.w.org\/{rel}","templated":true}]}}