{"id":867,"date":"2024-08-06T14:15:00","date_gmt":"2024-08-06T12:15:00","guid":{"rendered":"https:\/\/wordpress.nibis.de\/knieberg\/?p=867"},"modified":"2024-08-06T10:08:07","modified_gmt":"2024-08-06T08:08:07","slug":"start-ins-schuljahr-2024-25","status":"publish","type":"post","link":"https:\/\/wordpress.nibis.de\/knieberg\/start-ins-schuljahr-2024-25\/","title":{"rendered":"Start ins Schuljahr 2024\/25"},"content":{"rendered":"\n\n\n<p>Am 05.August sind die T\u00fcren am Knieberg wieder ge\u00f6ffnet. Es startet das Schuljahr 2024\/25 und es gibt viel Neues zu bestaunen. Der Landkreis hat an der Schule viele Dinge erneuert und verbessert. Das f\u00e4llt schon am Eingangstor mit dem neuen Schulschild auf. In der Schule wurden viele bauliche&nbsp; Ma\u00dfnahmen durchgef\u00fchrt die den Brandschutz verbessern, W\u00e4nde wurden &nbsp;neu gestrichen und Reparaturma\u00dfnahmen durchgef\u00fchrt. Auf dem Au\u00dfengel\u00e4nde gibt es jetzt neben einem neuen Trampolin auch eine Wassertreppe zum experimentieren und spielen und zwei neue Balancierinseln.<\/p>\n\n\n\n<p>Es fallen aber auch einige Dinge auf, die die Kolleg*innen in den Ferien bearbeitet haben. So sind Materialsammlungen gepflegt worden, R\u00e4ume wurden aufger\u00e4umt und der Schulgarten wurde in den Ferien perfekt versorgt, sodass die Sch\u00fcler*innen vor einer tollen Ernte stehen.<\/p>\n\n\n\n<p>So freuen sich alle in der Schule nun auf die Sch\u00fcler*innen, die am Montag ab&nbsp; 7.45 ins neue Schuljahr starten. Die Erstkl\u00e4ssler*innen werden am Knieberg am Freitag, den 09.08.2024 um 10.00 begr\u00fc\u00dft. Am Standort Hagen findet die Einschulung am Samstag, den 10.08.2024 um 10.00 statt, und am Standort Grundschule Hasenburger Berg findet die Einschulung am Samstag, den 10.08.2024 um 11.00 statt.<\/p>\n\n\n\n<p>Sch\u00fcler*innen, Kolleg*innen, Assistent*innen und Eltern w\u00fcnschen wir einen sch\u00f6nen Schulstart.<\/p>\n\n\n\n<p>Die Schulleitung<\/p>\n\n\n\n<figure class=\"wp-block-image size-large\"><img loading=\"lazy\" decoding=\"async\" width=\"718\" height=\"1024\" src=\"https:\/\/wordpress.nibis.de\/knieberg\/files\/2024\/08\/Collage-start-2024-718x1024.jpg\" alt=\"\" class=\"wp-image-869\" srcset=\"https:\/\/wordpress.nibis.de\/knieberg\/files\/2024\/08\/Collage-start-2024-718x1024.jpg 718w, https:\/\/wordpress.nibis.de\/knieberg\/files\/2024\/08\/Collage-start-2024-210x300.jpg 210w, https:\/\/wordpress.nibis.de\/knieberg\/files\/2024\/08\/Collage-start-2024-768x1096.jpg 768w, https:\/\/wordpress.nibis.de\/knieberg\/files\/2024\/08\/Collage-start-2024-1077x1536.jpg 1077w, https:\/\/wordpress.nibis.de\/knieberg\/files\/2024\/08\/Collage-start-2024-1435x2048.jpg 1435w, https:\/\/wordpress.nibis.de\/knieberg\/files\/2024\/08\/Collage-start-2024-189x270.jpg 189w, https:\/\/wordpress.nibis.de\/knieberg\/files\/2024\/08\/Collage-start-2024-scaled.jpg 1794w\" sizes=\"auto, (max-width: 718px) 100vw, 718px\" \/><\/figure>\n","protected":false},"excerpt":{"rendered":"<p>Am 05.August sind die T\u00fcren am Knieberg wieder ge\u00f6ffnet. Es startet das Schuljahr 2024\/25 und es gibt viel Neues zu bestaunen. Der Landkreis hat an der Schule viele Dinge erneuert und verbessert. Das f\u00e4llt schon am Eingangstor mit dem neuen Schulschild auf. In der Schule wurden viele bauliche&nbsp; Ma\u00dfnahmen durchgef\u00fchrt die den Brandschutz verbessern, W\u00e4nde wurden &nbsp;neu gestrichen und Reparaturma\u00dfnahmen durchgef\u00fchrt. Auf dem Au\u00dfengel\u00e4nde gibt es jetzt neben einem neuen Trampolin auch eine Wassertreppe zum experimentieren und spielen und zwei&#8230;<\/p>\n<p class=\"read-more\"><a class=\"btn btn-default\" href=\"https:\/\/wordpress.nibis.de\/knieberg\/start-ins-schuljahr-2024-25\/\">Weiterlesen<span class=\"screen-reader-text\"> Weiterlesen<\/span><\/a><\/p>\n","protected":false},"author":9193665,"featured_media":868,"comment_status":"closed","ping_status":"closed","sticky":false,"template":"","format":"standard","meta":{"footnotes":""},"categories":[1,16,17],"tags":[],"class_list":["post-867","post","type-post","status-publish","format-standard","has-post-thumbnail","hentry","category-allgemein","category-chronik","category-willkommen"],"_links":{"self":[{"href":"https:\/\/wordpress.nibis.de\/knieberg\/wp-json\/wp\/v2\/posts\/867","targetHints":{"allow":["GET"]}}],"collection":[{"href":"https:\/\/wordpress.nibis.de\/knieberg\/wp-json\/wp\/v2\/posts"}],"about":[{"href":"https:\/\/wordpress.nibis.de\/knieberg\/wp-json\/wp\/v2\/types\/post"}],"author":[{"embeddable":true,"href":"https:\/\/wordpress.nibis.de\/knieberg\/wp-json\/wp\/v2\/users\/9193665"}],"replies":[{"embeddable":true,"href":"https:\/\/wordpress.nibis.de\/knieberg\/wp-json\/wp\/v2\/comments?post=867"}],"version-history":[{"count":1,"href":"https:\/\/wordpress.nibis.de\/knieberg\/wp-json\/wp\/v2\/posts\/867\/revisions"}],"predecessor-version":[{"id":870,"href":"https:\/\/wordpress.nibis.de\/knieberg\/wp-json\/wp\/v2\/posts\/867\/revisions\/870"}],"wp:featuredmedia":[{"embeddable":true,"href":"https:\/\/wordpress.nibis.de\/knieberg\/wp-json\/wp\/v2\/media\/868"}],"wp:attachment":[{"href":"https:\/\/wordpress.nibis.de\/knieberg\/wp-json\/wp\/v2\/media?parent=867"}],"wp:term":[{"taxonomy":"category","embeddable":true,"href":"https:\/\/wordpress.nibis.de\/knieberg\/wp-json\/wp\/v2\/categories?post=867"},{"taxonomy":"post_tag","embeddable":true,"href":"https:\/\/wordpress.nibis.de\/knieberg\/wp-json\/wp\/v2\/tags?post=867"}],"curies":[{"name":"wp","href":"https:\/\/api.w.org\/{rel}","templated":true}]}}