{"id":891,"date":"2024-11-14T07:20:00","date_gmt":"2024-11-14T06:20:00","guid":{"rendered":"https:\/\/wordpress.nibis.de\/knieberg\/?p=891"},"modified":"2024-11-14T07:52:11","modified_gmt":"2024-11-14T06:52:11","slug":"ich-geh-mit-meiner-laterne-und-alle-gehen-oder-rollen-mit","status":"publish","type":"post","link":"https:\/\/wordpress.nibis.de\/knieberg\/ich-geh-mit-meiner-laterne-und-alle-gehen-oder-rollen-mit\/","title":{"rendered":"Ich geh mit meiner Laterne \u2026 und alle gehen oder rollen mit!"},"content":{"rendered":"\n<p>Wenn es normalerweise still und dunkel ist in den Fluren und R\u00e4umen der Schule, beleuchteten an diesem Abend dutzende bunte Lichter und Laternen den Knieberg.<\/p>\n\n\n\n<p>Die Klassen 1, 2 und 3 hie\u00dfen Gro\u00df und Klein herzlich willkommen zum kleinen, gro\u00dfen Lichterfest in der Schule!<\/p>\n\n\n\n<p>Bei einem leckeren Buffet, das die Eltern gespendet haben, und dem ein oder anderen Gl\u00e4schen Punsch gab es zun\u00e4chst die Gelegenheit zum Quatschen, Schaukeln und Spielen, bevor die liebevoll selbstgestalteten Laternen ihren gro\u00dfen Auftritt hatten! Ein langer, bunter und sehr stimmungsvoller Lichterzug brachte den finsteren Wald rund um die Schule zum Leuchten und Akkordeonmusik begleitete unseren mehr oder weniger stimmungsvollen Gesang \ud83d\ude09<\/p>\n\n\n\n<p>Wir finden: Das hat gro\u00dfen Spa\u00df gemacht und wer wei\u00df \u2026 vielleicht ist an diesem Abend ja eine neue Tradition geboren?<\/p>\n\n\n\n<p>In diesem Sinne freuen wir uns schon jetzt darauf, im n\u00e4chsten November wieder etwas Licht ins Dunkel zu zaubern!<\/p>\n\n\n\n<p>Die Sch\u00fcler*innen und Mitarbeiter*innen der Klassen 1, 2 und 3<\/p>\n\n\n\n<figure class=\"wp-block-gallery has-nested-images columns-default is-cropped wp-block-gallery-1 is-layout-flex wp-block-gallery-is-layout-flex\">\n<figure class=\"wp-block-image size-large\"><img loading=\"lazy\" decoding=\"async\" width=\"1024\" height=\"768\" data-id=\"894\" src=\"https:\/\/wordpress.nibis.de\/knieberg\/files\/2024\/11\/IMG_1783-1024x768.jpeg\" alt=\"\" class=\"wp-image-894\" srcset=\"https:\/\/wordpress.nibis.de\/knieberg\/files\/2024\/11\/IMG_1783-1024x768.jpeg 1024w, https:\/\/wordpress.nibis.de\/knieberg\/files\/2024\/11\/IMG_1783-300x225.jpeg 300w, https:\/\/wordpress.nibis.de\/knieberg\/files\/2024\/11\/IMG_1783-768x576.jpeg 768w, https:\/\/wordpress.nibis.de\/knieberg\/files\/2024\/11\/IMG_1783-1536x1152.jpeg 1536w, https:\/\/wordpress.nibis.de\/knieberg\/files\/2024\/11\/IMG_1783-2048x1536.jpeg 2048w, https:\/\/wordpress.nibis.de\/knieberg\/files\/2024\/11\/IMG_1783-360x270.jpeg 360w\" sizes=\"auto, (max-width: 1024px) 100vw, 1024px\" \/><\/figure>\n\n\n\n<figure class=\"wp-block-image size-large\"><img loading=\"lazy\" decoding=\"async\" width=\"1024\" height=\"768\" data-id=\"896\" src=\"https:\/\/wordpress.nibis.de\/knieberg\/files\/2024\/11\/20241112_172705-1024x768.jpg\" alt=\"\" class=\"wp-image-896\" srcset=\"https:\/\/wordpress.nibis.de\/knieberg\/files\/2024\/11\/20241112_172705-1024x768.jpg 1024w, https:\/\/wordpress.nibis.de\/knieberg\/files\/2024\/11\/20241112_172705-300x225.jpg 300w, https:\/\/wordpress.nibis.de\/knieberg\/files\/2024\/11\/20241112_172705-768x576.jpg 768w, https:\/\/wordpress.nibis.de\/knieberg\/files\/2024\/11\/20241112_172705-1536x1152.jpg 1536w, https:\/\/wordpress.nibis.de\/knieberg\/files\/2024\/11\/20241112_172705-2048x1536.jpg 2048w, https:\/\/wordpress.nibis.de\/knieberg\/files\/2024\/11\/20241112_172705-360x270.jpg 360w\" sizes=\"auto, (max-width: 1024px) 100vw, 1024px\" \/><\/figure>\n<\/figure>\n","protected":false},"excerpt":{"rendered":"<p>Wenn es normalerweise still und dunkel ist in den Fluren und R\u00e4umen der Schule, beleuchteten an diesem Abend dutzende bunte Lichter und Laternen den Knieberg. Die Klassen 1, 2 und 3 hie\u00dfen Gro\u00df und Klein herzlich willkommen zum kleinen, gro\u00dfen Lichterfest in der Schule! Bei einem leckeren Buffet, das die Eltern gespendet haben, und dem ein oder anderen Gl\u00e4schen Punsch gab es zun\u00e4chst die Gelegenheit zum Quatschen, Schaukeln und Spielen, bevor die liebevoll selbstgestalteten Laternen ihren gro\u00dfen Auftritt hatten! Ein&#8230;<\/p>\n<p class=\"read-more\"><a class=\"btn btn-default\" href=\"https:\/\/wordpress.nibis.de\/knieberg\/ich-geh-mit-meiner-laterne-und-alle-gehen-oder-rollen-mit\/\">Weiterlesen<span class=\"screen-reader-text\"> Weiterlesen<\/span><\/a><\/p>\n","protected":false},"author":9193665,"featured_media":892,"comment_status":"closed","ping_status":"closed","sticky":false,"template":"","format":"standard","meta":{"footnotes":""},"categories":[1],"tags":[],"class_list":["post-891","post","type-post","status-publish","format-standard","has-post-thumbnail","hentry","category-allgemein"],"_links":{"self":[{"href":"https:\/\/wordpress.nibis.de\/knieberg\/wp-json\/wp\/v2\/posts\/891","targetHints":{"allow":["GET"]}}],"collection":[{"href":"https:\/\/wordpress.nibis.de\/knieberg\/wp-json\/wp\/v2\/posts"}],"about":[{"href":"https:\/\/wordpress.nibis.de\/knieberg\/wp-json\/wp\/v2\/types\/post"}],"author":[{"embeddable":true,"href":"https:\/\/wordpress.nibis.de\/knieberg\/wp-json\/wp\/v2\/users\/9193665"}],"replies":[{"embeddable":true,"href":"https:\/\/wordpress.nibis.de\/knieberg\/wp-json\/wp\/v2\/comments?post=891"}],"version-history":[{"count":3,"href":"https:\/\/wordpress.nibis.de\/knieberg\/wp-json\/wp\/v2\/posts\/891\/revisions"}],"predecessor-version":[{"id":897,"href":"https:\/\/wordpress.nibis.de\/knieberg\/wp-json\/wp\/v2\/posts\/891\/revisions\/897"}],"wp:featuredmedia":[{"embeddable":true,"href":"https:\/\/wordpress.nibis.de\/knieberg\/wp-json\/wp\/v2\/media\/892"}],"wp:attachment":[{"href":"https:\/\/wordpress.nibis.de\/knieberg\/wp-json\/wp\/v2\/media?parent=891"}],"wp:term":[{"taxonomy":"category","embeddable":true,"href":"https:\/\/wordpress.nibis.de\/knieberg\/wp-json\/wp\/v2\/categories?post=891"},{"taxonomy":"post_tag","embeddable":true,"href":"https:\/\/wordpress.nibis.de\/knieberg\/wp-json\/wp\/v2\/tags?post=891"}],"curies":[{"name":"wp","href":"https:\/\/api.w.org\/{rel}","templated":true}]}}