{"id":108,"date":"2019-02-20T19:14:56","date_gmt":"2019-02-20T18:14:56","guid":{"rendered":"http:\/\/wordpress.nibis.de\/kovolstadt\/?p=108"},"modified":"2019-04-15T21:26:25","modified_gmt":"2019-04-15T19:26:25","slug":"mathecamp-oldenburg","status":"publish","type":"post","link":"https:\/\/wordpress.nibis.de\/kovolstadt\/2019\/02\/20\/mathecamp-oldenburg\/","title":{"rendered":"Mathecamp Oldenburg 2019"},"content":{"rendered":"<div class=\"page\" title=\"Page 1\">\n<div class=\"layoutArea\">\n<div class=\"column\">\n<p>Maren Hawighorst<br \/>\nC\u00e4cilienschule Oldenburg<\/p>\n<p>Prof. Dr. Daniel Grieser<br \/>\nInstitut f\u00fcr Mathematik<br \/>\nCarl von Ossietzky Universit\u00e4t Oldenburg daniel&#46;&#103;&#114;&#105;&#101;&#115;&#101;&#x72;&#x40;&#x75;&#x6e;&#x69;&#x2d;&#x6f;&#x6c;&#x64;&#x65;&#x6e;&#x62;urg&#46;de<\/p>\n<\/div>\n<div class=\"column\"><\/div>\n<\/div>\n<div class=\"layoutArea\">\n<div class=\"column\">\n<p>Das <a href=\"http:\/\/wordpress.nibis.de\/kovolstadt\/files\/2018\/11\/Mathecamp-Oldenburg-\u00dcbersicht-und-Curriculum.pdf\">Oldenburger Mathecamp<\/a> fand 2014 zum ersten Mal statt mit 30 Sch\u00fclerinnen und Sch\u00fclern der Klassen 5 bis 10 in einer Jugendherberge. Es war sofort ein voller Erfolg und wird seither j\u00e4hrlich wiederholt.<\/p>\n<\/div>\n<div class=\"column\">\n<p>Mathematisch besonders begabte Sch\u00fclerinnen und Sch\u00fcler sollen in ihren mathematischen F\u00e4higkeiten \u2013 insbesondere im mathematischen Probleml\u00f6sen &#8211; gef\u00f6rdert werden. Dazu werden mathematische Themen behandelt, die im regul\u00e4ren Mathematikunterricht nicht vorgesehen sind. Das sind neben Vertiefungen auch neue Inhalte. Weiterhin wird auf einen exakten mathematischen Formalismus \u2013 nat\u00fcrlich altersentsprechend \u2013 Wert gelegt. Es findet kein \u201eVorratslernen\u201c statt! Au\u00dferdem werden Sch\u00fclerinnen und Sch\u00fcler auf die dritte Runde der nieders\u00e4chsischen Mathematikolympiade vorbereitet (2017 und 2018 haben jeweils ca. 15 der Mathecamp-Teilnehmer dort teilgenommen).<\/p>\n<p>Das diesj\u00e4hrige <a href=\"https:\/\/www.nwzonline.de\/oldenburg\/bildung\/mathe-asse_a_50,3,3085162643.html\" target=\"_blank\" rel=\"noopener noreferrer\">Mathecamp<\/a> fand vom 10.01. bis 12.01.2019 in Papenburg statt.<\/p>\n<\/div>\n<\/div>\n<\/div>\n","protected":false},"excerpt":{"rendered":"<p>Maren Hawighorst C\u00e4cilienschule Oldenburg Prof. Dr. Daniel Grieser Institut f\u00fcr Mathematik Carl von Ossietzky Universit\u00e4t Oldenburg d&#97;&#x6e;&#x69;e&#108;&#46;&#x67;&#x72;i&#101;&#115;&#x65;&#x72;&#64;&#117;&#x6e;&#x69;&#x2d;o&#108;&#x64;&#x65;n&#98;&#117;&#x72;&#x67;&#46;&#100;&#101; Das Oldenburger Mathecamp fand 2014 zum ersten Mal statt mit 30 Sch\u00fclerinnen und Sch\u00fclern der Klassen 5 bis 10 in einer Jugendherberge. Es &hellip; <a href=\"https:\/\/wordpress.nibis.de\/kovolstadt\/2019\/02\/20\/mathecamp-oldenburg\/\">Weiterlesen <span class=\"meta-nav\">&rarr;<\/span><\/a><\/p>\n","protected":false},"author":9192836,"featured_media":0,"comment_status":"closed","ping_status":"closed","sticky":false,"template":"","format":"standard","meta":{"footnotes":""},"categories":[1],"tags":[],"class_list":["post-108","post","type-post","status-publish","format-standard","hentry","category-allgemein"],"_links":{"self":[{"href":"https:\/\/wordpress.nibis.de\/kovolstadt\/wp-json\/wp\/v2\/posts\/108","targetHints":{"allow":["GET"]}}],"collection":[{"href":"https:\/\/wordpress.nibis.de\/kovolstadt\/wp-json\/wp\/v2\/posts"}],"about":[{"href":"https:\/\/wordpress.nibis.de\/kovolstadt\/wp-json\/wp\/v2\/types\/post"}],"author":[{"embeddable":true,"href":"https:\/\/wordpress.nibis.de\/kovolstadt\/wp-json\/wp\/v2\/users\/9192836"}],"replies":[{"embeddable":true,"href":"https:\/\/wordpress.nibis.de\/kovolstadt\/wp-json\/wp\/v2\/comments?post=108"}],"version-history":[{"count":3,"href":"https:\/\/wordpress.nibis.de\/kovolstadt\/wp-json\/wp\/v2\/posts\/108\/revisions"}],"predecessor-version":[{"id":134,"href":"https:\/\/wordpress.nibis.de\/kovolstadt\/wp-json\/wp\/v2\/posts\/108\/revisions\/134"}],"wp:attachment":[{"href":"https:\/\/wordpress.nibis.de\/kovolstadt\/wp-json\/wp\/v2\/media?parent=108"}],"wp:term":[{"taxonomy":"category","embeddable":true,"href":"https:\/\/wordpress.nibis.de\/kovolstadt\/wp-json\/wp\/v2\/categories?post=108"},{"taxonomy":"post_tag","embeddable":true,"href":"https:\/\/wordpress.nibis.de\/kovolstadt\/wp-json\/wp\/v2\/tags?post=108"}],"curies":[{"name":"wp","href":"https:\/\/api.w.org\/{rel}","templated":true}]}}