{"id":1022,"date":"2020-12-22T13:55:57","date_gmt":"2020-12-22T12:55:57","guid":{"rendered":"https:\/\/wordpress.nibis.de\/leine85\/?p=1022"},"modified":"2020-12-22T14:00:35","modified_gmt":"2020-12-22T13:00:35","slug":"vorfreude-schoenste-freude-freude-im-advent","status":"publish","type":"post","link":"https:\/\/wordpress.nibis.de\/leine85\/vorfreude-schoenste-freude-freude-im-advent\/","title":{"rendered":"&#8222;Vorfreude, sch\u00f6nste Freude, Freude im Advent!&#8220;"},"content":{"rendered":"<p style=\"text-align: justify\"><span style=\"font-family: arial, helvetica, sans-serif\"><em><span style=\"font-size: 12pt\">Liebe Sch\u00fclerinnen und Sch\u00fcler, <\/span><\/em><\/span><\/p>\n<p style=\"text-align: justify\"><span style=\"font-family: arial, helvetica, sans-serif\"><em><span style=\"font-size: 12pt\">Weihnachten steht vor der T\u00fcre <span class=\"aCOpRe\">und die Vorbereitungen f\u00fcr die Weihnachtsfeier sind in vielen Familien bereits im vollen Gange: Es wird gebastelt, eingepackt, geschm\u00fcckt und gekocht &#8211; alles f\u00fcr ein fr\u00f6hliches und besinnliches Fest. <\/span><span class=\"aCOpRe\">S<\/span>elbst, wenn in diesem Jahr nicht alles so laufen wird, wie wir es kennen, ist doch Weihnachten f\u00fcr viele eine gro\u00dfe Freude und die sch\u00f6nste Zeit im Jahr. Gerade in dieser Zeit zeigen sich bestimmte Traditionen oder gar ganz einzigartige, famili\u00e4re Br\u00e4uche. Wir sind uns sicher, dass auch ihr eigene, ganz bestimmte Br\u00e4uche in euren Familien pflegt. Viele dieser Br\u00e4uche m\u00fcssen jedoch in diesem Jahr ausfallen, dennoch bleibt die Vorfreude bestehen. Und ist nicht die Vorfreude die sch\u00f6nste Freude? So beschreibt es zumindest ein deutsches Adventslied. Dabei beginnt jede Strophe mit den Worten &#8222;Vorfreude, sch\u00f6nste Freude, Freude im Advent!&#8220;.<br \/>\n<\/span><\/em><\/span><\/p>\n<p style=\"text-align: justify\"><span style=\"font-family: arial, helvetica, sans-serif\"><em><span style=\"font-size: 12pt\">Der Advent ist f\u00fcr viele Menschen die sch\u00f6nste Zeit im Jahr. Der erste Advent f\u00e4llt dabei immer auf das Wochenende nach dem 26. November. <span class=\"ILfuVd NA6bn\"><span class=\"hgKElc\">Die Adventszeit dauert somit 22 bis 28 Tage und hat immer vier Sonntage. <\/span><\/span>Wie wir alle wissen, endet diese Zeit an Heiligabend. Hier d\u00fcrfen wir auch unser letztes T\u00fcrchen vom Adventskalender \u00f6ffnen. <\/span><\/em><\/span><\/p>\n<figure id=\"attachment_1028\" aria-describedby=\"caption-attachment-1028\" style=\"width: 250px\" class=\"wp-caption alignright\"><img loading=\"lazy\" decoding=\"async\" class=\"wp-image-1028\" src=\"https:\/\/wordpress.nibis.de\/leine85\/files\/2020\/12\/advent-wreath-5809583_1920-300x300.jpg\" alt=\"\" width=\"250\" height=\"250\" srcset=\"https:\/\/wordpress.nibis.de\/leine85\/files\/2020\/12\/advent-wreath-5809583_1920-300x300.jpg 300w, https:\/\/wordpress.nibis.de\/leine85\/files\/2020\/12\/advent-wreath-5809583_1920-150x150.jpg 150w, https:\/\/wordpress.nibis.de\/leine85\/files\/2020\/12\/advent-wreath-5809583_1920-80x80.jpg 80w, https:\/\/wordpress.nibis.de\/leine85\/files\/2020\/12\/advent-wreath-5809583_1920-320x320.jpg 320w\" sizes=\"auto, (max-width: 250px) 100vw, 250px\" \/><figcaption id=\"caption-attachment-1028\" class=\"wp-caption-text\">Die Kerzen des Kranzes werden im Laufe der Adventszeit nacheinander entz\u00fcndet.<\/figcaption><\/figure>\n<p style=\"text-align: justify\"><span style=\"font-family: arial, helvetica, sans-serif\"><em><span style=\"font-size: 12pt\">Au\u00dferdem beginnt mit dem ersten Lichtlein am ersten Advent in den Kirchen das neue Kirchenjahr. Aus dem Lateinischem \u00fcbersetzt bedeutet Advent\u00a0 n\u00e4mlich &#8222;Ankunft&#8220;, was sich wiederum auf die Ankunft des Christuskindes bezieht. Die meisten Familien feiern den Advent mit einem Adventskranz, der festlich mit vier Kerzen geschm\u00fcckt wird. An jedem Sonntag wird eine Kerze angez\u00fcndet, sodass am Ende alle vier gleichzeitig angez\u00fcndet sind. <\/span><\/em><\/span><span style=\"font-family: arial, helvetica, sans-serif\"><em><span style=\"font-size: 12pt\">\u00dcbrigens: Der Adventskranz soll ein Symbol f\u00fcr den Kampf der Christen gegen das Dunkle im Leben sein. <\/span><\/em><\/span><\/p>\n<p style=\"text-align: justify\"><span style=\"font-family: arial, helvetica, sans-serif\"><em><span style=\"font-size: 12pt\">Aber zur\u00fcck zu unserem Lied: Das Lied thematisiert eigentlich, was Kinder in der Vorweihnachtszeit so alles erleben k\u00f6nnen: Das Basteln und die Gem\u00fctlichkeit in den eigenen vier W\u00e4nden, den Duft des Adventskranzes oder die Heimlichkeiten in der K\u00fcche. Vielleicht erlebt auch ihr diese sch\u00f6nen, manchmal sogar wilden oder lustigen Momente trotz der aktuellen Lage in diesem Jahr. Das &#8211; und \u00fcberhaupt ein wundersch\u00f6nes Fest im allerengsten Kreise und einen guten Rutsch ins neue Jahr &#8211; w\u00fcnscht euch eure Sch\u00fclerzeitungsredaktion.\u00a0 <\/span><\/em><\/span><\/p>\n<p><span style=\"font-family: arial, helvetica, sans-serif\"><em><span style=\"font-size: 10pt\"><span style=\"font-size: 12pt\">Marie Mielke, 9. Jahrgang<\/span> <\/span><\/em><\/span><\/p>\n","protected":false},"excerpt":{"rendered":"<p>Liebe Sch\u00fclerinnen und Sch\u00fcler, Weihnachten steht vor der T\u00fcre und die Vorbereitungen f\u00fcr die Weihnachtsfeier sind in vielen Familien bereits im vollen Gange: Es wird gebastelt, eingepackt, geschm\u00fcckt und gekocht &#8211; alles f\u00fcr ein fr\u00f6hliches und besinnliches Fest. Selbst, wenn in diesem Jahr nicht alles so laufen wird, wie wir es kennen, ist doch Weihnachten [&hellip;]<\/p>\n","protected":false},"author":9192496,"featured_media":1032,"comment_status":"open","ping_status":"closed","sticky":false,"template":"","format":"standard","meta":{"footnotes":""},"categories":[27,1],"tags":[153,81],"class_list":["post-1022","post","type-post","status-publish","format-standard","has-post-thumbnail","hentry","category-news","category-schule","tag-advent","tag-weihnachten"],"_links":{"self":[{"href":"https:\/\/wordpress.nibis.de\/leine85\/wp-json\/wp\/v2\/posts\/1022","targetHints":{"allow":["GET"]}}],"collection":[{"href":"https:\/\/wordpress.nibis.de\/leine85\/wp-json\/wp\/v2\/posts"}],"about":[{"href":"https:\/\/wordpress.nibis.de\/leine85\/wp-json\/wp\/v2\/types\/post"}],"author":[{"embeddable":true,"href":"https:\/\/wordpress.nibis.de\/leine85\/wp-json\/wp\/v2\/users\/9192496"}],"replies":[{"embeddable":true,"href":"https:\/\/wordpress.nibis.de\/leine85\/wp-json\/wp\/v2\/comments?post=1022"}],"version-history":[{"count":7,"href":"https:\/\/wordpress.nibis.de\/leine85\/wp-json\/wp\/v2\/posts\/1022\/revisions"}],"predecessor-version":[{"id":1031,"href":"https:\/\/wordpress.nibis.de\/leine85\/wp-json\/wp\/v2\/posts\/1022\/revisions\/1031"}],"wp:featuredmedia":[{"embeddable":true,"href":"https:\/\/wordpress.nibis.de\/leine85\/wp-json\/wp\/v2\/media\/1032"}],"wp:attachment":[{"href":"https:\/\/wordpress.nibis.de\/leine85\/wp-json\/wp\/v2\/media?parent=1022"}],"wp:term":[{"taxonomy":"category","embeddable":true,"href":"https:\/\/wordpress.nibis.de\/leine85\/wp-json\/wp\/v2\/categories?post=1022"},{"taxonomy":"post_tag","embeddable":true,"href":"https:\/\/wordpress.nibis.de\/leine85\/wp-json\/wp\/v2\/tags?post=1022"}],"curies":[{"name":"wp","href":"https:\/\/api.w.org\/{rel}","templated":true}]}}