{"id":1130,"date":"2021-06-13T14:30:23","date_gmt":"2021-06-13T12:30:23","guid":{"rendered":"https:\/\/wordpress.nibis.de\/leine85\/?p=1130"},"modified":"2023-03-07T21:01:19","modified_gmt":"2023-03-07T20:01:19","slug":"selfies-veraendern-den-blick-auf-die-welt","status":"publish","type":"post","link":"https:\/\/wordpress.nibis.de\/leine85\/selfies-veraendern-den-blick-auf-die-welt\/","title":{"rendered":"Selfies ver\u00e4ndern den Blick auf die Welt"},"content":{"rendered":"<p style=\"text-align: justify\"><span style=\"font-family: comic sans ms, sans-serif\">Ein perfektes Foto, nein, sogar vier perfekte Fotos. Die Haare und das Make-Up sitzen, das Bein wird gestreckt und die Haare werden geschwungen. Und nicht zu vergessen: das wundersch\u00f6ne L\u00e4cheln der jungen Frau, die sich auf der &#8222;Kebema-Panoramabr\u00fccke&#8220; in \u00d6sterreich ins rechte Licht f\u00fcr das perfekte Licht r\u00fcckt. Gefunden habe ich das Foto auf Instagram, wo auch sonst, wenn man nach den sch\u00f6nsten Selfies im Internet sucht. Doch die atemberaubenden, schneebedeckten Berge, der himmelblaue Fluss und die Wolken im Hintergrund r\u00fccken im wahrsten Sinne des Wortes in den Hintergrund. Der Fokus liegt nicht nur bei diesen Fotos, sondern bei unz\u00e4hligen anderen auf der Person im Vordergrund. Selfies ver\u00e4ndern den Blick auf unsere Welt. Und die \u201eGeneration Selfie\u201c w\u00e4chst best\u00e4ndig.<\/span><\/p>\n<p style=\"text-align: justify\"><span style=\"font-family: comic sans ms, sans-serif\">Selfies entwerten den Ort und das eigentliche Geschehen. Man selbst pr\u00e4sentiert sich im Vordergrund und postet diese Fotos dann auf Instagram und Co. Der Look von Instagram pr\u00e4gt unseren eigenen Blick auf die Welt: Alles <em>muss<\/em> perfekt sein. Der Fotospot muss passend zum Outfit sein, die Haare m\u00fcssen sitzen und selbst das Restaurant und das Essen m\u00fcssen virtuos sein. Daf\u00fcr schalten unsere Sinne ab. Ger\u00e4usche und Ger\u00fcche, aber auch andere Menschen sind Nebensache. Wir selbst und das Makellossein \u00fcberschattet das echte und reale Leben. Aber warum sind Selfies so beliebt?<\/span><\/p>\n<p style=\"text-align: justify\"><span style=\"font-family: comic sans ms, sans-serif\">Ein Klick und das Selfie ist im Kasten und mindestens genauso schnell wird es auch auf Instagram und anderen sozialen Medien hochgeladen. Au\u00dferdem kann man sich so darstellen, wie man es gerne h\u00e4tte. Das Zauberwort lautet hier: Kontrolle! Die Kontrolle \u00fcber die Selbstdarstellung. Das Argument, dass tolle Momente festgehalten und geteilt werden sollen, ist ja durchaus \u00fcberzeugend. Tolle Reisen und Erlebnisse oder sogar das Erklimmen des Mount Everests m\u00fcssen festgehalten werden. Denn wenn es kein Foto davon gibt, ist es dann vielleicht gar nicht passiert? F\u00fcr wen macht man denn \u00fcberhaupt ein Foto, f\u00fcr sich selbst oder f\u00fcr die Aufmerksamkeit und Anerkennung anderer, die man durch so ein spektakul\u00e4res Foto erh\u00e4lt?<\/span><\/p>\n<p style=\"text-align: justify\"><span style=\"font-family: comic sans ms, sans-serif\">In der Hannoverschen Allgemeinen Zeitung stand erst k\u00fcrzlich, dass zwei Bergsteiger aus Indien auf der Liste der erfolgreichsten Bergsteiger st\u00fcnden, aber nicht wegen des Erklimmens, sondern wegen des Verf\u00e4lschens. Sie waren nie auf dem Mount Everest. Da muss man sich doch fragen, warum?<\/span><\/p>\n<p style=\"text-align: justify\"><span style=\"font-family: comic sans ms, sans-serif\">Klar, so ein tolles Foto erzeugt sicher viel Interesse und soziale Best\u00e4tigung noch dazu. Viele Likes und nette Kommentare geben einem Selbstvergewisserung und sind Balsam f\u00fcr das Ego. Das, was ich tue, ist toll und andere finden das auch! Man will ein authentisches Bild von sich schaffen und die anderen User sollen einen m\u00f6gen und gut finden. Das gro\u00dfe ABER ist jedoch: Kein Mensch will schlechte Seiten von sich zeigen, das ist ganz normal, meint auch die Soziologin Bernadette Kneidinger in einer Zeitung. Es wird also nur die Schokoladenseite gezeigt und es wird getrickst und das ganz sch\u00f6n h\u00e4ufig! Die Augenringe und die Pickel kommen weg, das Gesicht wird schmaler gemacht, die Augen sollen gl\u00e4nzen, noch etwas Retusche und zum Schluss noch ein paar sch\u00f6ne Filter. Da muss man sich doch fragen: Was ist da \u00fcberhaupt noch echt?<\/span><\/p>\n<p style=\"text-align: justify\"><span style=\"font-family: comic sans ms, sans-serif\">Die sozialen Medien und Plattformen, wie Instagram oder YouTube vermitteln so eine musterg\u00fcltige Welt und die \u201eGeneration Selfie\u201c eifert dieser Scheinwelt nach. Influencer*innen werden so zu Vorbildern. Vermutlich sind auch Namen wie Pamela Reif, BibisBeautyPalace, aber auch Fu\u00dfballer wie Toni Kroos oder Marco Reus vielen ein Begriff. Viele von uns best\u00e4tigen, dass Influencer*innen Inspiration und Anregung schaffen. Doch durch ihre starke, einflussreiche Pr\u00e4senz in den sozialen Medien werden sie zu Meinungsf\u00fchrern. Diese gro\u00dfe Reichweite von Influencern*innen kann viele Fans also auch f\u00fcr ein Produkt begeistern. Influencer*innen werden l\u00e4ngst als Marketinginstrument eingesetzt. Wer also heutzutage Instagram hat, kennt bestimmt auch Produkte von Marken wie ocensapart, hellobody oder purelei. Hier wird mit tollen Rabattaktionen und Cods zum Kaufen angereizt und wenn der oder die Influencer*in das hat, dann ist es bestimmt auch ein super Produkt!<\/span><\/p>\n<p style=\"text-align: justify\"><span style=\"font-family: comic sans ms, sans-serif\">Doch die Scheinwelt bringt auch Gefahren mit sich. So strebt schon die junge Generation nach Perfektion, wie sie im Internet dargestellt wird. Es entsteht eine unrealistische Selbstwahrnehmung und es wird Jugendlichen in jungen Jahren ein Ideal vorgesetzt, welches v\u00f6llig unrealistisch ist. Die Erwartungen an sich selbst steigen und wenn mal nicht alles perfekt l\u00e4uft, weil das Leben nun mal nicht so perfekt ist, entsteht ein vermindertes Selbstwertgef\u00fchl. Warum ist das bei denen so, aber bei mir nicht? Und warum haben alle auf Instagram und Co. so eine reine Haut, nur ich nicht?<\/span><\/p>\n<p style=\"text-align: justify\"><span style=\"font-family: comic sans ms, sans-serif\">Au\u00dferdem muss alles dokumentiert werden. Das Essen wird erst gegessen, wenn auch das Foto gemacht wurde. Doch, was einmal gepostet wurde, ist nicht mehr entfernbar. Zwar kann man Fotos und Videos schnell wieder l\u00f6schen, doch richtig weg sind sie wohl nie!<\/span><\/p>\n<p style=\"text-align: justify\"><span style=\"font-family: comic sans ms, sans-serif\">Ein bisschen im Internet rumsurfen, was ist da schon dabei, denken vielleicht manche. Das stimmt zwar, aber das Blatt kann sich schnell wenden. Sp\u00e4testens, wenn die Schule oder selbst Familie, Freunde und geliebte Hobbys vernachl\u00e4ssigt werden, kann man von einer Sucht sprechen. Ein f\u00fcr mich erschreckendes Beispiel ist aus einer Dokumentation namens \u201eGeneration Instagram &#8211; Alles tun f\u00fcr Likes und Follower\u201c. Der 19-j\u00e4hrige Alex geht sechs Mal in der Woche ins Fitnessstudio und trainiert f\u00fcr einen perfekten K\u00f6rper, den er dann im Internet pr\u00e4sentiert. Likes machen ihn, wie er sagt, gl\u00fccklich und &#8222;pushen&#8220; ihn. Au\u00dferdem st\u00e4rken Follower sein Selbstbewusstsein. Doch viel Zeit f\u00fcr Treffen mit Freunden oder eine Beziehung bleibt ihm da nicht. Doch egal, wie spektakul\u00e4r oder perfekt das Foto oder Selfie ist, der Fokus ist immer der gleiche &#8211; die Umgebung wird zur Nebensache, diese schreit: ICH! Und die Welt r\u00fcckt in den Hintergrund. Doch wo soll das hinf\u00fchren?<\/span><\/p>\n<p style=\"text-align: justify\"><span style=\"font-family: comic sans ms, sans-serif\">Wir verlieren den Blick auf unsere wundersch\u00f6ne Erde und unsere Natur! Mein Apell an die \u201eGeneration Selfie\u201c ist daher: Lasst das Handy zu Hause, l\u00f6scht Apps, wie Instagram und Co., wenn auch nur f\u00fcr ein paar Tage, dreht der Welt nicht den R\u00fccken zu und schreit ICH, sondern umarmt die Welt und nehmt sie wahr mit allen Sinnen. Seht das Leben als Geschenk und entdeckt dieses wunderbare Universum mit all seinen Facetten und all den unterschiedlichen Menschen. Jede*r von uns ist anders und nicht immer gut drauf, denn das Leben ist <u>nicht<\/u> perfekt. Und das ist die eigentliche Challenge.<\/span><\/p>\n<p><span style=\"font-family: comic sans ms, sans-serif\">von Johanna Rasch, 10. Jahrgang<\/span><\/p>\n<p>&nbsp;<\/p>\n<p><span style=\"font-size: 10pt;font-family: comic sans ms, sans-serif\"><span style=\"text-decoration: underline\">Quellen:<\/span> <\/span><\/p>\n<ul style=\"list-style-type: circle\">\n<li><span style=\"font-size: 10pt;font-family: comic sans ms, sans-serif\">Titelbild <span class=\"attribution_field hide-sm hide-md\">von Lars Nissen auf Pixabay [13.06.2021].<br \/>\n<\/span><\/span><\/li>\n<li><span style=\"font-size: 10pt;font-family: comic sans ms, sans-serif\">https:\/\/www.youtube.com\/watch?v=T9j9sPqLjto <span class=\"attribution_field hide-sm hide-md\">[13.06.2021]. <\/span><br \/>\n<\/span><\/li>\n<li><span style=\"font-size: 10pt;font-family: comic sans ms, sans-serif\">https:\/\/www.spiegel.de\/consent-a-?targetUrl=https%3A%2F%2Fwww.spiegel.de%2Fstil%2Fselfies-veraendern-den-blick-auf-die-welt-a-1036688.html [15.04.21].<br \/>\n<\/span><\/li>\n<li><span style=\"font-size: 10pt;font-family: comic sans ms, sans-serif\">https:\/\/de.wikipedia.org\/wiki\/Selfie [15.04.21].<br \/>\n<\/span><\/li>\n<li><span style=\"font-size: 10pt;font-family: comic sans ms, sans-serif\">https:\/\/www.jugendkultur.at\/wp-content\/uploads\/Generation_Selfie_2014.pdf [15.04.21].<br \/>\n<\/span><\/li>\n<\/ul>\n<p>&nbsp;<\/p>\n","protected":false},"excerpt":{"rendered":"<p>Ein perfektes Foto, nein, sogar vier perfekte Fotos. Die Haare und das Make-Up sitzen, das Bein wird gestreckt und die Haare werden geschwungen. Und nicht zu vergessen: das wundersch\u00f6ne L\u00e4cheln der jungen Frau, die sich auf der &#8222;Kebema-Panoramabr\u00fccke&#8220; in \u00d6sterreich ins rechte Licht f\u00fcr das perfekte Licht r\u00fcckt. Gefunden habe ich das Foto auf Instagram, [&hellip;]<\/p>\n","protected":false},"author":9192496,"featured_media":1131,"comment_status":"open","ping_status":"closed","sticky":false,"template":"","format":"standard","meta":{"footnotes":""},"categories":[275],"tags":[172,143,171,170],"class_list":["post-1130","post","type-post","status-publish","format-standard","has-post-thumbnail","hentry","category-aus-den-sozialen-medien","tag-generation-selfie","tag-influencer","tag-instagram","tag-selfie"],"_links":{"self":[{"href":"https:\/\/wordpress.nibis.de\/leine85\/wp-json\/wp\/v2\/posts\/1130","targetHints":{"allow":["GET"]}}],"collection":[{"href":"https:\/\/wordpress.nibis.de\/leine85\/wp-json\/wp\/v2\/posts"}],"about":[{"href":"https:\/\/wordpress.nibis.de\/leine85\/wp-json\/wp\/v2\/types\/post"}],"author":[{"embeddable":true,"href":"https:\/\/wordpress.nibis.de\/leine85\/wp-json\/wp\/v2\/users\/9192496"}],"replies":[{"embeddable":true,"href":"https:\/\/wordpress.nibis.de\/leine85\/wp-json\/wp\/v2\/comments?post=1130"}],"version-history":[{"count":4,"href":"https:\/\/wordpress.nibis.de\/leine85\/wp-json\/wp\/v2\/posts\/1130\/revisions"}],"predecessor-version":[{"id":1135,"href":"https:\/\/wordpress.nibis.de\/leine85\/wp-json\/wp\/v2\/posts\/1130\/revisions\/1135"}],"wp:featuredmedia":[{"embeddable":true,"href":"https:\/\/wordpress.nibis.de\/leine85\/wp-json\/wp\/v2\/media\/1131"}],"wp:attachment":[{"href":"https:\/\/wordpress.nibis.de\/leine85\/wp-json\/wp\/v2\/media?parent=1130"}],"wp:term":[{"taxonomy":"category","embeddable":true,"href":"https:\/\/wordpress.nibis.de\/leine85\/wp-json\/wp\/v2\/categories?post=1130"},{"taxonomy":"post_tag","embeddable":true,"href":"https:\/\/wordpress.nibis.de\/leine85\/wp-json\/wp\/v2\/tags?post=1130"}],"curies":[{"name":"wp","href":"https:\/\/api.w.org\/{rel}","templated":true}]}}