{"id":1137,"date":"2021-06-24T19:28:15","date_gmt":"2021-06-24T17:28:15","guid":{"rendered":"https:\/\/wordpress.nibis.de\/leine85\/?p=1137"},"modified":"2023-03-07T21:01:48","modified_gmt":"2023-03-07T20:01:48","slug":"traurige-bilanz-pride-month-an-der-kgs-neustadt","status":"publish","type":"post","link":"https:\/\/wordpress.nibis.de\/leine85\/traurige-bilanz-pride-month-an-der-kgs-neustadt\/","title":{"rendered":"Traurige Bilanz: &#8222;Pride-Month&#8220; an der KGS Neustadt"},"content":{"rendered":"<figure id=\"attachment_1138\" aria-describedby=\"caption-attachment-1138\" style=\"width: 300px\" class=\"wp-caption alignleft\"><img loading=\"lazy\" decoding=\"async\" class=\"wp-image-1138 size-medium\" src=\"https:\/\/wordpress.nibis.de\/leine85\/files\/2021\/06\/58916eab-11bc-413d-9f0c-b74074324af8-300x300.jpg\" alt=\"\" width=\"300\" height=\"300\" srcset=\"https:\/\/wordpress.nibis.de\/leine85\/files\/2021\/06\/58916eab-11bc-413d-9f0c-b74074324af8-300x300.jpg 300w, https:\/\/wordpress.nibis.de\/leine85\/files\/2021\/06\/58916eab-11bc-413d-9f0c-b74074324af8-150x150.jpg 150w, https:\/\/wordpress.nibis.de\/leine85\/files\/2021\/06\/58916eab-11bc-413d-9f0c-b74074324af8-80x80.jpg 80w, https:\/\/wordpress.nibis.de\/leine85\/files\/2021\/06\/58916eab-11bc-413d-9f0c-b74074324af8-320x320.jpg 320w\" sizes=\"auto, (max-width: 300px) 100vw, 300px\" \/><figcaption id=\"caption-attachment-1138\" class=\"wp-caption-text\">Pride-Flaggen im M\u00fcll der KGS Neustadt (Quelle: SV).<\/figcaption><\/figure>\n<p style=\"text-align: justify\"><span style=\"font-family: verdana, geneva, sans-serif\">Als Zeichen von Toleranz und Unterst\u00fctzung f\u00fcr &#8222;LGBTQ+&#8220;*-Sch\u00fcler*innen und -Lehrkr\u00e4fte unserer Schule verteilte die Sch\u00fclervertretung (SV) im Monat Juni in der ganzen Schule etliche Pride-Flaggen. Innerhalb der ersten Woche des derzeitigen &#8222;Pride-Monats&#8220; wurden allerdings viele Flaggen von Sch\u00fcler*innen abgerissen, zerst\u00f6rt oder landeten sogar im M\u00fcll. Dabei ist der &#8222;Pride-Month&#8220; f\u00fcr die &#8222;LGBTQ+&#8220;-Community eine wichtige Zeit: Besonders in diesem Monat weist die Community auf Missst\u00e4nde gegen die &#8222;LGBTQ+&#8220;-Gemeinschaft auf der ganzen Welt hin. Solche Missst\u00e4nde zeigten sich unter anderem auch in Form der besch\u00e4digten oder heruntergerissenen Flaggen an unserer Schule. <\/span><\/p>\n<p style=\"text-align: justify\"><span style=\"font-family: verdana, geneva, sans-serif\">Warum so etwas Trauriges noch immer passiert, ist f\u00fcr uns unerkl\u00e4rlich und zeigt aus unserer Sicht nichts als Hass und Ignoranz. Wir vermuten eine Bildungsl\u00fccke bez\u00fcglich der Akzeptanz gegen\u00fcber anderen Menschen. Was man auch als ,,Mangel an Aufkl\u00e4rung&#8220; bezeichnen kann, ist also leider auch an der KGS immer noch ein bestehendes Problem, das wir als Schule jedoch keineswegs hinnehmen d\u00fcrfen und werden. Vorerst m\u00fcssen jedoch die ,,idiotenfreien&#8220; Orte der Schule ausreichen, damit die Flaggen jetzt nicht mehr so leicht abgerissen werden k\u00f6nnen. <\/span><\/p>\n<p style=\"text-align: justify\"><span style=\"font-size: 12pt;font-family: verdana, geneva, sans-serif\">von der SV der KGS Neustadt, in gek\u00fcrzter und ver\u00e4nderter Fassung durch die Leine-Redaktion ver\u00f6ffentlicht <\/span><\/p>\n<p><span style=\"font-family: verdana, geneva, sans-serif\">*LGBTQ*: <\/span><\/p>\n<p><span style=\"font-family: verdana, geneva, sans-serif\">L lesbian (lesbisch)<\/span><br \/>\n<span style=\"font-family: verdana, geneva, sans-serif\">G gay (schwul, im deutschen wird auch der Buchstabe &#8222;S&#8220; verwendet)<\/span><br \/>\n<span style=\"font-family: verdana, geneva, sans-serif\">B bisexual (bisexuell)<\/span><br \/>\n<span style=\"font-family: verdana, geneva, sans-serif\">T transgender<\/span><br \/>\n<span style=\"font-family: verdana, geneva, sans-serif\">T (transsexuell)<\/span><br \/>\n<span style=\"font-family: verdana, geneva, sans-serif\">I (intersexuell)<\/span><br \/>\n<span style=\"font-family: verdana, geneva, sans-serif\">Q queer (wortw\u00f6rtlich: komisch)<\/span><br \/>\n<span style=\"font-family: verdana, geneva, sans-serif\">+ pan\/omni und viele mehr<\/span><\/p>\n<p style=\"text-align: left\"><span style=\"font-size: 10pt;font-family: verdana, geneva, sans-serif\">Nach: https:\/\/www.thefemalecompany.com\/magazin\/be-proud-was-bedeutet-die-ganzen-buchstaben-in-lgbtq\/ [24.06.21]. <\/span><\/p>\n<p>&nbsp;<\/p>\n","protected":false},"excerpt":{"rendered":"<p>Als Zeichen von Toleranz und Unterst\u00fctzung f\u00fcr &#8222;LGBTQ+&#8220;*-Sch\u00fcler*innen und -Lehrkr\u00e4fte unserer Schule verteilte die Sch\u00fclervertretung (SV) im Monat Juni in der ganzen Schule etliche Pride-Flaggen. Innerhalb der ersten Woche des derzeitigen &#8222;Pride-Monats&#8220; wurden allerdings viele Flaggen von Sch\u00fcler*innen abgerissen, zerst\u00f6rt oder landeten sogar im M\u00fcll. Dabei ist der &#8222;Pride-Month&#8220; f\u00fcr die &#8222;LGBTQ+&#8220;-Community eine wichtige Zeit: [&hellip;]<\/p>\n","protected":false},"author":9192496,"featured_media":1146,"comment_status":"open","ping_status":"closed","sticky":false,"template":"","format":"standard","meta":{"footnotes":""},"categories":[27],"tags":[178,175,176,174,177],"class_list":["post-1137","post","type-post","status-publish","format-standard","has-post-thumbnail","hentry","category-news","tag-akzeptanz","tag-lgbtq","tag-pride-flaggen","tag-pride-month","tag-toleranz"],"_links":{"self":[{"href":"https:\/\/wordpress.nibis.de\/leine85\/wp-json\/wp\/v2\/posts\/1137","targetHints":{"allow":["GET"]}}],"collection":[{"href":"https:\/\/wordpress.nibis.de\/leine85\/wp-json\/wp\/v2\/posts"}],"about":[{"href":"https:\/\/wordpress.nibis.de\/leine85\/wp-json\/wp\/v2\/types\/post"}],"author":[{"embeddable":true,"href":"https:\/\/wordpress.nibis.de\/leine85\/wp-json\/wp\/v2\/users\/9192496"}],"replies":[{"embeddable":true,"href":"https:\/\/wordpress.nibis.de\/leine85\/wp-json\/wp\/v2\/comments?post=1137"}],"version-history":[{"count":6,"href":"https:\/\/wordpress.nibis.de\/leine85\/wp-json\/wp\/v2\/posts\/1137\/revisions"}],"predecessor-version":[{"id":1145,"href":"https:\/\/wordpress.nibis.de\/leine85\/wp-json\/wp\/v2\/posts\/1137\/revisions\/1145"}],"wp:featuredmedia":[{"embeddable":true,"href":"https:\/\/wordpress.nibis.de\/leine85\/wp-json\/wp\/v2\/media\/1146"}],"wp:attachment":[{"href":"https:\/\/wordpress.nibis.de\/leine85\/wp-json\/wp\/v2\/media?parent=1137"}],"wp:term":[{"taxonomy":"category","embeddable":true,"href":"https:\/\/wordpress.nibis.de\/leine85\/wp-json\/wp\/v2\/categories?post=1137"},{"taxonomy":"post_tag","embeddable":true,"href":"https:\/\/wordpress.nibis.de\/leine85\/wp-json\/wp\/v2\/tags?post=1137"}],"curies":[{"name":"wp","href":"https:\/\/api.w.org\/{rel}","templated":true}]}}