{"id":1156,"date":"2021-07-07T22:19:32","date_gmt":"2021-07-07T20:19:32","guid":{"rendered":"https:\/\/wordpress.nibis.de\/leine85\/?p=1156"},"modified":"2021-11-23T19:57:16","modified_gmt":"2021-11-23T18:57:16","slug":"wir-verabschieden-uns-in-die-sommerpause-2","status":"publish","type":"post","link":"https:\/\/wordpress.nibis.de\/leine85\/wir-verabschieden-uns-in-die-sommerpause-2\/","title":{"rendered":"Wir verabschieden uns in die Sommerpause!"},"content":{"rendered":"<p style=\"text-align: justify\"><span style=\"font-family: comic sans ms, sans-serif\">Sommer, Sonne, Sonnenschein! Die Redaktion verabschiedet sich in die &#8222;Sommerpause&#8220; und w\u00fcnscht allen Leserinnen und Lesern erholsame Sommerferien. Auch im kommenden Schuljahr werden wir euren Schulalltag an dieser Stelle wieder bereichern \ud83d\ude42 <\/span><\/p>\n<p style=\"text-align: justify\"><span style=\"font-family: comic sans ms, sans-serif\">F\u00fcr diejenigen unter euch, die die eigene Region in den Sommerferien noch etwas genauer <\/span><span style=\"font-family: comic sans ms, sans-serif\">erkunden m\u00f6chten, gibt es das &#8222;Sommerferienticket&#8220;. F\u00fcr\u00a0 33 Euro seid ihr damit w\u00e4hrend der gesamten Sommerferien in Niedersachsen, Bremen und Hamburg* (*in Hamburg weiter mit Zusatzkarte) mit Bussen und Bahnen mobil. N\u00e4here Informationen findet ihr unter: https:\/\/www.sft2021.de\/ [07.07.21]. <\/span><\/p>\n<p style=\"text-align: justify\"><span style=\"font-family: comic sans ms, sans-serif\"> Wir w\u00fcnschen euch erholsame Tage, viele neue Eindr\u00fccke und bleibende Erlebnisse.<\/span><\/p>\n<p style=\"text-align: justify\"><span style=\"font-family: comic sans ms, sans-serif\">Euer Redaktionsteam der &#8222;Leine85&#8220;<\/span><\/p>\n","protected":false},"excerpt":{"rendered":"<p>Sommer, Sonne, Sonnenschein! Die Redaktion verabschiedet sich in die &#8222;Sommerpause&#8220; und w\u00fcnscht allen Leserinnen und Lesern erholsame Sommerferien. Auch im kommenden Schuljahr werden wir euren Schulalltag an dieser Stelle wieder bereichern \ud83d\ude42 F\u00fcr diejenigen unter euch, die die eigene Region in den Sommerferien noch etwas genauer erkunden m\u00f6chten, gibt es das &#8222;Sommerferienticket&#8220;. F\u00fcr\u00a0 33 Euro [&hellip;]<\/p>\n","protected":false},"author":9192496,"featured_media":1160,"comment_status":"open","ping_status":"closed","sticky":false,"template":"","format":"standard","meta":{"footnotes":""},"categories":[27],"tags":[179],"class_list":["post-1156","post","type-post","status-publish","format-standard","has-post-thumbnail","hentry","category-news","tag-sommerferienticket"],"_links":{"self":[{"href":"https:\/\/wordpress.nibis.de\/leine85\/wp-json\/wp\/v2\/posts\/1156","targetHints":{"allow":["GET"]}}],"collection":[{"href":"https:\/\/wordpress.nibis.de\/leine85\/wp-json\/wp\/v2\/posts"}],"about":[{"href":"https:\/\/wordpress.nibis.de\/leine85\/wp-json\/wp\/v2\/types\/post"}],"author":[{"embeddable":true,"href":"https:\/\/wordpress.nibis.de\/leine85\/wp-json\/wp\/v2\/users\/9192496"}],"replies":[{"embeddable":true,"href":"https:\/\/wordpress.nibis.de\/leine85\/wp-json\/wp\/v2\/comments?post=1156"}],"version-history":[{"count":6,"href":"https:\/\/wordpress.nibis.de\/leine85\/wp-json\/wp\/v2\/posts\/1156\/revisions"}],"predecessor-version":[{"id":1164,"href":"https:\/\/wordpress.nibis.de\/leine85\/wp-json\/wp\/v2\/posts\/1156\/revisions\/1164"}],"wp:featuredmedia":[{"embeddable":true,"href":"https:\/\/wordpress.nibis.de\/leine85\/wp-json\/wp\/v2\/media\/1160"}],"wp:attachment":[{"href":"https:\/\/wordpress.nibis.de\/leine85\/wp-json\/wp\/v2\/media?parent=1156"}],"wp:term":[{"taxonomy":"category","embeddable":true,"href":"https:\/\/wordpress.nibis.de\/leine85\/wp-json\/wp\/v2\/categories?post=1156"},{"taxonomy":"post_tag","embeddable":true,"href":"https:\/\/wordpress.nibis.de\/leine85\/wp-json\/wp\/v2\/tags?post=1156"}],"curies":[{"name":"wp","href":"https:\/\/api.w.org\/{rel}","templated":true}]}}