{"id":1268,"date":"2021-12-16T22:40:51","date_gmt":"2021-12-16T21:40:51","guid":{"rendered":"https:\/\/wordpress.nibis.de\/leine85\/?p=1268"},"modified":"2023-03-07T21:00:11","modified_gmt":"2023-03-07T20:00:11","slug":"hinter-den-kulissen-der-weihnachtsmaennerverkauf","status":"publish","type":"post","link":"https:\/\/wordpress.nibis.de\/leine85\/hinter-den-kulissen-der-weihnachtsmaennerverkauf\/","title":{"rendered":"Hinter den Kulissen &#8211; Der Weihnachtsm\u00e4nnerverkauf"},"content":{"rendered":"<figure id=\"attachment_1277\" aria-describedby=\"caption-attachment-1277\" style=\"width: 354px\" class=\"wp-caption alignleft\"><img loading=\"lazy\" decoding=\"async\" class=\"wp-image-1277\" src=\"https:\/\/wordpress.nibis.de\/leine85\/files\/2021\/12\/927CC521-8E22-4568-BB4C-32EA5F4C88EF-300x300.jpeg\" alt=\"\" width=\"354\" height=\"354\" srcset=\"https:\/\/wordpress.nibis.de\/leine85\/files\/2021\/12\/927CC521-8E22-4568-BB4C-32EA5F4C88EF-300x300.jpeg 300w, https:\/\/wordpress.nibis.de\/leine85\/files\/2021\/12\/927CC521-8E22-4568-BB4C-32EA5F4C88EF-150x150.jpeg 150w, https:\/\/wordpress.nibis.de\/leine85\/files\/2021\/12\/927CC521-8E22-4568-BB4C-32EA5F4C88EF-80x80.jpeg 80w, https:\/\/wordpress.nibis.de\/leine85\/files\/2021\/12\/927CC521-8E22-4568-BB4C-32EA5F4C88EF-320x320.jpeg 320w\" sizes=\"auto, (max-width: 354px) 100vw, 354px\" \/><figcaption id=\"caption-attachment-1277\" class=\"wp-caption-text\">Verkauf von Fairtrade-Weihnachtsm\u00e4nnern an der KGS.<\/figcaption><\/figure>\n<p style=\"text-align: justify\"><span style=\"font-family: arial, helvetica, sans-serif\"><strong>In der vergangenen Woche habt ihr flei\u00dfig Weihnachtsm\u00e4nner gekauft. Wir haben f\u00fcr euch einen Blick hinter die Kulissen geworfen und beim 13. Jahrgang nachgehakt, wie viele M\u00e4nner in einer gew\u00f6hnlichen Schulwoche so \u00fcber die Ladentheke gehen. Dazu haben wir Emelie aus dem 13. Jahrgang interviewt.\u00a0<\/strong> <\/span><\/p>\n<p style=\"text-align: justify\"><span style=\"font-family: arial, helvetica, sans-serif\"><strong>Emelie, wie viele Weihnachtsm\u00e4nner werden eigentlich verkauft?<\/strong><\/span><\/p>\n<p style=\"text-align: justify\"><span style=\"font-family: arial, helvetica, sans-serif\">Wir haben insgesamt 800 Weihnachtsm\u00e4nner eingekauft und hoffen na\u00fcrlich, dass wir auch alle verkaufen werden. In den vergangenen Jahren wurden teilweise bis zu 1000 St\u00fcck verkauft. <\/span><\/p>\n<p style=\"text-align: justify\"><span style=\"font-family: arial, helvetica, sans-serif\"><strong>Tragen eigentlich auch Lehrerinnen und Lehrer Geld dazu bei?<\/strong><\/span><\/p>\n<p style=\"text-align: justify\"><span style=\"font-family: arial, helvetica, sans-serif\">Ja, auch Lehrkr\u00e4fte kaufen flei\u00dfig und verschicken Weihnachtsm\u00e4nner. Teilweise sogar f\u00fcr ihre ganze Klasse. <\/span><\/p>\n<p style=\"text-align: justify\"><span style=\"font-family: arial, helvetica, sans-serif\"><strong>Unter uns: Welche Lehrkraft kauft die meisten Weihnachtsm\u00e4nner? Und wie viele esst ihr selbst?<\/strong><\/span><\/p>\n<figure id=\"attachment_1273\" aria-describedby=\"caption-attachment-1273\" style=\"width: 339px\" class=\"wp-caption alignright\"><img loading=\"lazy\" decoding=\"async\" class=\"wp-image-1273\" src=\"https:\/\/wordpress.nibis.de\/leine85\/files\/2021\/12\/F30E38FA-C370-43AE-86AD-E6F3B5DDAFDA-300x300.jpeg\" alt=\"\" width=\"339\" height=\"339\" \/><figcaption id=\"caption-attachment-1273\" class=\"wp-caption-text\">800 St\u00fcck wurden in der Schule gelagert.<\/figcaption><\/figure>\n<p style=\"text-align: justify\"><span style=\"font-family: arial, helvetica, sans-serif\">Das ist schwer zu beantworten. Meistens werden sie ja anonym gekauft, so dass wir gar nicht wissen, von wem sie gekauft wurden. Selber essen wir nur die besch\u00e4digten \ud83d\ude09 oder welche, die wir selber kaufen. <\/span><\/p>\n<p style=\"text-align: justify\"><span style=\"font-family: arial, helvetica, sans-serif\"><strong>Beschreibe bitte, wie die Organisation im Hintergrund abl\u00e4uft? Wo bestellt ihr die Weihnachtsm\u00e4nner? Wie viel Geld gebt ihr im Vorfeld aus? <\/strong><\/span><\/p>\n<p style=\"text-align: justify\"><span style=\"font-family: arial, helvetica, sans-serif\">Die Weihnachtsm\u00e4nner haben wir bei Aldi bestellt und dann dort abgeholt. Im Vorfeld haben wir pro Weihnachtsmann 0,99 Cent bezahlt, also insgesamt dann etwa 800 Euro. Davon haben wir ungef\u00e4hr einen Drittel aus dem bisherigen Bestand unserer Jahrgangskasse bezahlt und zwei Drittel aus der eigenen Tasche. Also bitte bitte kauft ganz viele Weihnachtsm\u00e4nner, damit wir nicht leer ausgehen \ud83d\ude09<\/span><\/p>\n<p style=\"text-align: justify\"><span style=\"font-family: arial, helvetica, sans-serif\"><strong>Was macht ihr eigentlich mit dem vielen Geld?<\/strong><\/span><br \/>\n<span style=\"font-family: arial, helvetica, sans-serif\">Mit dem Geld, das wir verdienen, werden wir unseren Abiball finanzieren. <\/span><\/p>\n<p style=\"text-align: justify\"><span style=\"font-family: arial, helvetica, sans-serif\"><strong>Eine letzte Frage: Warum habt ihr euch f\u00fcr Fairtrade entschieden?<\/strong><\/span><br \/>\n<span style=\"font-family: arial, helvetica, sans-serif\">Wir wollen Hersteller und H\u00e4ndler, die fair produzieren, unterst\u00fctzen. Au\u00dferdem arbeitet die Schule gerade daran eine Fairtrade-Schule zu werden, wozu solche Aktionen nat\u00fcrlich sinnvoll sind. <\/span><\/p>\n<p style=\"text-align: justify\"><span style=\"font-family: arial, helvetica, sans-serif\"><strong>Vielen Dank f\u00fcr das Interview, liebe Emelie.\u00a0<\/strong> <\/span><\/p>\n<p style=\"text-align: justify\">\n","protected":false},"excerpt":{"rendered":"<p>In der vergangenen Woche habt ihr flei\u00dfig Weihnachtsm\u00e4nner gekauft. Wir haben f\u00fcr euch einen Blick hinter die Kulissen geworfen und beim 13. Jahrgang nachgehakt, wie viele M\u00e4nner in einer gew\u00f6hnlichen Schulwoche so \u00fcber die Ladentheke gehen. Dazu haben wir Emelie aus dem 13. Jahrgang interviewt.\u00a0 Emelie, wie viele Weihnachtsm\u00e4nner werden eigentlich verkauft? Wir haben insgesamt [&hellip;]<\/p>\n","protected":false},"author":9192496,"featured_media":0,"comment_status":"open","ping_status":"closed","sticky":false,"template":"","format":"standard","meta":{"footnotes":""},"categories":[25],"tags":[186,184],"class_list":["post-1268","post","type-post","status-publish","format-standard","hentry","category-veranstaltungen","tag-fairtrade","tag-weihnachtsmaennerverkauf"],"_links":{"self":[{"href":"https:\/\/wordpress.nibis.de\/leine85\/wp-json\/wp\/v2\/posts\/1268","targetHints":{"allow":["GET"]}}],"collection":[{"href":"https:\/\/wordpress.nibis.de\/leine85\/wp-json\/wp\/v2\/posts"}],"about":[{"href":"https:\/\/wordpress.nibis.de\/leine85\/wp-json\/wp\/v2\/types\/post"}],"author":[{"embeddable":true,"href":"https:\/\/wordpress.nibis.de\/leine85\/wp-json\/wp\/v2\/users\/9192496"}],"replies":[{"embeddable":true,"href":"https:\/\/wordpress.nibis.de\/leine85\/wp-json\/wp\/v2\/comments?post=1268"}],"version-history":[{"count":22,"href":"https:\/\/wordpress.nibis.de\/leine85\/wp-json\/wp\/v2\/posts\/1268\/revisions"}],"predecessor-version":[{"id":1297,"href":"https:\/\/wordpress.nibis.de\/leine85\/wp-json\/wp\/v2\/posts\/1268\/revisions\/1297"}],"wp:attachment":[{"href":"https:\/\/wordpress.nibis.de\/leine85\/wp-json\/wp\/v2\/media?parent=1268"}],"wp:term":[{"taxonomy":"category","embeddable":true,"href":"https:\/\/wordpress.nibis.de\/leine85\/wp-json\/wp\/v2\/categories?post=1268"},{"taxonomy":"post_tag","embeddable":true,"href":"https:\/\/wordpress.nibis.de\/leine85\/wp-json\/wp\/v2\/tags?post=1268"}],"curies":[{"name":"wp","href":"https:\/\/api.w.org\/{rel}","templated":true}]}}