{"id":1300,"date":"2021-12-21T13:10:33","date_gmt":"2021-12-21T12:10:33","guid":{"rendered":"https:\/\/wordpress.nibis.de\/leine85\/?p=1300"},"modified":"2023-03-07T20:59:29","modified_gmt":"2023-03-07T19:59:29","slug":"impfbereitschaft-an-der-kgs-wer-laesst-sich-impfen-wer-nicht","status":"publish","type":"post","link":"https:\/\/wordpress.nibis.de\/leine85\/impfbereitschaft-an-der-kgs-wer-laesst-sich-impfen-wer-nicht\/","title":{"rendered":"Impfbereitschaft an der KGS: Wer l\u00e4sst sich impfen, wer l\u00e4sst sich nicht impfen?"},"content":{"rendered":"<p style=\"text-align: justify\"><span style=\"font-family: arial, helvetica, sans-serif\">Kein Thema ist in letzter Zeit so pr\u00e4sent wie Corona und das Impfen. Egal wo, die Frage nach der Impfbereitschaft geht an niemanden von uns vorbei. Auch an unserer Schule wird bereits vehement dar\u00fcber diskutiert und gesprochen. Dabei haben wir uns die Frage gestellt, wie gro\u00df die Impfbereitschaft hier in den Jahrg\u00e4ngen 7 bis 10 eigentlich ist. Wer l\u00e4sst sich impfen und wer nicht? Und vor allem warum?<\/span><\/p>\n<p style=\"text-align: justify\"><span style=\"font-family: arial, helvetica, sans-serif\">Insgesamt wurden 66 Sch\u00fcler*innen aus dem 7., 8. und 10. Jahrgang gefragt, ob sie geimpft sind oder nicht. Dabei konnten sie uns verschiedene Gr\u00fcnde darlegen, warum sie geimpft oder nicht geimpft sind. Es stellte sich heraus, dass insgesamt 72 % der Befragten geimpft und 28 % nicht geimpft sind. Die h\u00f6chste Impfbeteiligung, also mit immerhin 80 %, ist im 10. Jahrgang festzustellen, darauf folgt der 8. Jahrgang mit 68 % und anschlie\u00dfend der 7. Jahrgang mit 63 %. Warum ist die Impfbereitschaft im Allgemeinen so hoch an unserer Schule? Und warum lehnen andere die Impfung ab?<\/span><\/p>\n<p style=\"text-align: justify\"><span style=\"font-family: arial, helvetica, sans-serif\">&#8222;Meine Eltern sehen das Ganze noch kritisch&#8220;, so die Aussage einer Sch\u00fclerin aus dem 8. Jahrgang. Die Sorge der Eltern vor der Impfung und die daraus folgende Ablehnung war ein Faktor, der besonders h\u00e4ufig bei den Jugendlichen erw\u00e4hnt wurde und der Grund daf\u00fcr ist, dass sich diese bisher nicht impfen lie\u00dfen. Dieses Argument wurde vor allem in den unteren Jahrg\u00e4ngen besonders h\u00e4ufig genannt. &#8222;Die Nebenwirkungen der Impfung sind mir zu riskant&#8220;, bekr\u00e4ftigte ein weiterer Sch\u00fcler. Auch die Gefahr von Nebenwirkungen, die mit der Impfung einhergehen k\u00f6nnen, war ein Argument, die Impfung abzulehnen. Zu h\u00e4ufig h\u00f6re man, so der Sch\u00fcler, noch von starken Impfreaktionen, die den Geimpften f\u00fcr mehrere Tage zusetzen.<\/span><\/p>\n<p style=\"text-align: justify\"><span style=\"font-family: arial, helvetica, sans-serif\">Und was sagen die bereits Geimpften an unserer Schule dazu? Warum konnten sie \u00fcber diese Argumente hinwegsehen und haben sich f\u00fcr die Impfung entschieden? &#8222;Ich m\u00f6chte mich und andere vor dem Virus sch\u00fctzen&#8220;, betonten viele Sch\u00fcler*innen. Sich und die Allgemeinheit zu sch\u00fctzen blieb generell betrachtet der ausschlaggebendste Faktor, die Impfung anzunehmen und zu bef\u00fcrworten. Vor allem f\u00fcr diejenigen, die bereits vorerkrankte Freunde und Verwandte haben, sei es wichtig, diese angemessen vor einer drohenden Infektion mit dem Coronavirus (SARS-CoV-2) zu sch\u00fctzen. Daneben bekr\u00e4ftigten viele: &#8222;Ich habe dadurch viel mehr Freiheiten.&#8220; Die Einschr\u00e4nkungen, die die Pandemie mit sich bringt, betrifft nat\u00fcrlich jeden von uns. Aber die Impfung hebt einige dieser Einschr\u00e4nkungen teilweise auf und sorgt so f\u00fcr mehr Freiheiten f\u00fcr den Einzelnen. Wer sich impfen l\u00e4sst, kann sich beispielsweise das l\u00e4stige Testen hier an unserer Schule an drei Tagen in der Woche sparen und hat auch sonst sehr viel mehr M\u00f6glichkeiten.<\/span><\/p>\n<p style=\"text-align: justify\"><span style=\"font-family: arial, helvetica, sans-serif\">Schlussendlich kann man sagen, dass auch hier an unserer Schule die Impfbereitschaft in den drei befragten Jahrg\u00e4ngen an unserer Schule ganz unterschiedlich ausf\u00e4llt, jedoch im bundesweiten Vergleich besonders hoch ist. Sowohl die Gr\u00fcnde f\u00fcr, als auch gegen die Impfung sind dabei meist nachvollziehbar und \u00fcberzeugend. Es liegt in der Verantwortung des Einzelnen als m\u00fcndiger B\u00fcrger, wie man sich am besten vor dem Virus sch\u00fctzt. Nichtsdestotrotz sollten wir alle an unserer Schule das Beste geben, um die weitere Ausbreitung der Pandemie zu verhindern und uns und andere sch\u00fctzen, anstatt Hass und Unverst\u00e4ndnis oder gar Falschinformationen zu verbreiten.<\/span><\/p>\n<p style=\"text-align: justify\"><span style=\"font-family: arial, helvetica, sans-serif\">Eure Sch\u00fclerzeitung<\/span><\/p>\n<p style=\"text-align: justify\">\n","protected":false},"excerpt":{"rendered":"<p>Kein Thema ist in letzter Zeit so pr\u00e4sent wie Corona und das Impfen. Egal wo, die Frage nach der Impfbereitschaft geht an niemanden von uns vorbei. Auch an unserer Schule wird bereits vehement dar\u00fcber diskutiert und gesprochen. Dabei haben wir uns die Frage gestellt, wie gro\u00df die Impfbereitschaft hier in den Jahrg\u00e4ngen 7 bis 10 [&hellip;]<\/p>\n","protected":false},"author":9193903,"featured_media":0,"comment_status":"open","ping_status":"closed","sticky":false,"template":"","format":"standard","meta":{"footnotes":""},"categories":[27],"tags":[187,188,189],"class_list":["post-1300","post","type-post","status-publish","format-standard","hentry","category-news","tag-coronavirus","tag-impfung","tag-pandemie"],"_links":{"self":[{"href":"https:\/\/wordpress.nibis.de\/leine85\/wp-json\/wp\/v2\/posts\/1300","targetHints":{"allow":["GET"]}}],"collection":[{"href":"https:\/\/wordpress.nibis.de\/leine85\/wp-json\/wp\/v2\/posts"}],"about":[{"href":"https:\/\/wordpress.nibis.de\/leine85\/wp-json\/wp\/v2\/types\/post"}],"author":[{"embeddable":true,"href":"https:\/\/wordpress.nibis.de\/leine85\/wp-json\/wp\/v2\/users\/9193903"}],"replies":[{"embeddable":true,"href":"https:\/\/wordpress.nibis.de\/leine85\/wp-json\/wp\/v2\/comments?post=1300"}],"version-history":[{"count":8,"href":"https:\/\/wordpress.nibis.de\/leine85\/wp-json\/wp\/v2\/posts\/1300\/revisions"}],"predecessor-version":[{"id":1309,"href":"https:\/\/wordpress.nibis.de\/leine85\/wp-json\/wp\/v2\/posts\/1300\/revisions\/1309"}],"wp:attachment":[{"href":"https:\/\/wordpress.nibis.de\/leine85\/wp-json\/wp\/v2\/media?parent=1300"}],"wp:term":[{"taxonomy":"category","embeddable":true,"href":"https:\/\/wordpress.nibis.de\/leine85\/wp-json\/wp\/v2\/categories?post=1300"},{"taxonomy":"post_tag","embeddable":true,"href":"https:\/\/wordpress.nibis.de\/leine85\/wp-json\/wp\/v2\/tags?post=1300"}],"curies":[{"name":"wp","href":"https:\/\/api.w.org\/{rel}","templated":true}]}}