{"id":1419,"date":"2022-05-24T18:50:23","date_gmt":"2022-05-24T16:50:23","guid":{"rendered":"https:\/\/wordpress.nibis.de\/leine85\/?p=1419"},"modified":"2023-03-07T20:57:21","modified_gmt":"2023-03-07T19:57:21","slug":"ideenexpo-2022-wir-lassen-es-dieses-jahr-richtig-krachen","status":"publish","type":"post","link":"https:\/\/wordpress.nibis.de\/leine85\/ideenexpo-2022-wir-lassen-es-dieses-jahr-richtig-krachen\/","title":{"rendered":"IdeenExpo 2022: &#8222;Wir lassen es dieses Jahr richtig krachen&#8220;"},"content":{"rendered":"<p style=\"text-align: justify\"><span style=\"font-family: arial, helvetica, sans-serif;color: #000000\"><strong>Am 23. Mai 2022 fand eine Pressekonferenz zum Line Up der diesj\u00e4hrigen IdeenExpo im Maschsee-Restaurant &#8222;Pier 51&#8220; statt. <\/strong><strong>Der Aufsichtsratsvorsitzende der IdeenExpo, Dr. Volker Schmidt, verspricht f\u00fcr dieses Jahr ein noch vielf\u00e4ltigeres Programm: &#8222;Wir lassen es dieses Jahr richtig krachen &#8211; ein so gro\u00dfes Staraufgebot gab es bei der IdeenExpo noch nie.&#8220; <\/strong><strong>Auf der Pressekonferenz <\/strong><strong>verriet er uns erstmals das genauere B\u00fchnenprogramm f\u00fcr das nach Angaben der Initiatoren gr\u00f6\u00dfte Jugendevent Europas.<br \/>\n<\/strong><\/span><\/p>\n<p style=\"text-align: justify\"><span style=\"font-family: arial, helvetica, sans-serif;color: #000000\">Vom 2. bis 10. Juli findet auf dem Messegel\u00e4nde in Hannover die IdeenExpo statt. Das B\u00fchnenprogramm ist nun weitestgehend bekannt: Am Samstag, den 02. Juli, er\u00f6ffnet die \u00f6sterreichische Newcomerin Mathea die B\u00fchne, gefolgt vom Hamburger Solok\u00fcnstler Jan Delay mit seiner Band Disko No. 1. Am zweiten Samstag, den 9. Juli, er\u00f6ffnet die Hannoveranische Band Passepartout den Abend. Anschlie\u00dfend tritt der Headliner Casper auf. Au\u00dferdem sind weitere Influencer angek\u00fcndigt: Laserluca, Rewinside, Alexibexi, Julesboringlife, Falco Punch, Jacob Beautemps und Klimaaktivistin Luisa Neubauer. <\/span><\/p>\n<figure id=\"attachment_1427\" aria-describedby=\"caption-attachment-1427\" style=\"width: 329px\" class=\"wp-caption alignleft\"><img loading=\"lazy\" decoding=\"async\" class=\"wp-image-1427 \" src=\"https:\/\/wordpress.nibis.de\/leine85\/files\/2022\/05\/F2A36AAF-1C78-46E8-9FDD-1FFE7B6E8874-300x300.jpeg\" alt=\"\" width=\"329\" height=\"329\" srcset=\"https:\/\/wordpress.nibis.de\/leine85\/files\/2022\/05\/F2A36AAF-1C78-46E8-9FDD-1FFE7B6E8874-300x300.jpeg 300w, https:\/\/wordpress.nibis.de\/leine85\/files\/2022\/05\/F2A36AAF-1C78-46E8-9FDD-1FFE7B6E8874-150x150.jpeg 150w, https:\/\/wordpress.nibis.de\/leine85\/files\/2022\/05\/F2A36AAF-1C78-46E8-9FDD-1FFE7B6E8874-80x80.jpeg 80w, https:\/\/wordpress.nibis.de\/leine85\/files\/2022\/05\/F2A36AAF-1C78-46E8-9FDD-1FFE7B6E8874-320x320.jpeg 320w\" sizes=\"auto, (max-width: 329px) 100vw, 329px\" \/><figcaption id=\"caption-attachment-1427\" class=\"wp-caption-text\"><span style=\"font-family: arial, helvetica, sans-serif;color: #000000\">Jacob Beautemps beim Experimentieren mit Volker Schmidt. <\/span><\/figcaption><\/figure>\n<p style=\"text-align: justify\"><span style=\"font-family: arial, helvetica, sans-serif;color: #000000\">Der Wissenschaftsk\u00fcnstler Jacob Beautemps (YouTube-Kanal &#8222;Breaking Lab&#8220;) moderiert in diesem Jahr erstmals die Show &#8222;Wissen Live&#8220;. Dabei betont Beautemps, dass das pr\u00e4sentierte Wissen unter dem Motto &#8222;Nachhaltigkeit &#8211; Mit Technik die Welt verbessern&#8220; stehe. Per Live-Schalte ist seine Show au\u00dferdem zu Gast an einem spannenden Forschungsstandort irgendwo auf der Welt. Seinen Zugang zur Wissenschaft fand Beautemps nach eigenen Angaben durch den Wissenschaftsjournalisten und Autor Ranga Yogeshwar. Dar\u00fcber hinaus sei er durch einen tollen Physiklehrer inspiriert worden. &#8222;Der hat in jeder Stunde eine kleine Show abgeliefert,&#8220; so Beautemps. Ranga Yogeshwar moderiert in diesem Jahr das neue Format &#8222;Ranga trifft&#8230;&#8220;. Der Moderator trifft unter anderem Pers\u00f6nlichkeiten wie Klimaaktivistin Luisa Neubauer und die deutsche Astronautenkandidatin Insa Thiele-Eich und spricht mit ihnen \u00fcber den Themenschwerpunkt Nachhaltigkeit und Technik. <\/span><\/p>\n<p style=\"text-align: justify\"><span style=\"font-family: arial, helvetica, sans-serif\"><span style=\"color: #000000\">Es erwartet uns also ein bunter Mix aus bekannten Pers\u00f6nlichkeiten &#8211; mit dem Ziel, Jugendliche f\u00fcr Naturwisschenschaften und Technik zu begeistern. \u00dcbrigens: Am Freitag, den 8. Juli, treten weitere K\u00fcnstler auf, deren Namen aber erst Anfang Juni bekannt gegeben werden.<\/span> <\/span><\/p>\n","protected":false},"excerpt":{"rendered":"<p>Am 23. Mai 2022 fand eine Pressekonferenz zum Line Up der diesj\u00e4hrigen IdeenExpo im Maschsee-Restaurant &#8222;Pier 51&#8220; statt. Der Aufsichtsratsvorsitzende der IdeenExpo, Dr. Volker Schmidt, verspricht f\u00fcr dieses Jahr ein noch vielf\u00e4ltigeres Programm: &#8222;Wir lassen es dieses Jahr richtig krachen &#8211; ein so gro\u00dfes Staraufgebot gab es bei der IdeenExpo noch nie.&#8220; Auf der Pressekonferenz [&hellip;]<\/p>\n","protected":false},"author":9192496,"featured_media":1426,"comment_status":"open","ping_status":"closed","sticky":false,"template":"","format":"standard","meta":{"footnotes":""},"categories":[27],"tags":[213,215,217,214,216],"class_list":["post-1419","post","type-post","status-publish","format-standard","has-post-thumbnail","hentry","category-news","tag-ideenexpo","tag-nachhaltigkeit","tag-naturwissenschaft","tag-pressekonferenz","tag-technik"],"_links":{"self":[{"href":"https:\/\/wordpress.nibis.de\/leine85\/wp-json\/wp\/v2\/posts\/1419","targetHints":{"allow":["GET"]}}],"collection":[{"href":"https:\/\/wordpress.nibis.de\/leine85\/wp-json\/wp\/v2\/posts"}],"about":[{"href":"https:\/\/wordpress.nibis.de\/leine85\/wp-json\/wp\/v2\/types\/post"}],"author":[{"embeddable":true,"href":"https:\/\/wordpress.nibis.de\/leine85\/wp-json\/wp\/v2\/users\/9192496"}],"replies":[{"embeddable":true,"href":"https:\/\/wordpress.nibis.de\/leine85\/wp-json\/wp\/v2\/comments?post=1419"}],"version-history":[{"count":10,"href":"https:\/\/wordpress.nibis.de\/leine85\/wp-json\/wp\/v2\/posts\/1419\/revisions"}],"predecessor-version":[{"id":1440,"href":"https:\/\/wordpress.nibis.de\/leine85\/wp-json\/wp\/v2\/posts\/1419\/revisions\/1440"}],"wp:featuredmedia":[{"embeddable":true,"href":"https:\/\/wordpress.nibis.de\/leine85\/wp-json\/wp\/v2\/media\/1426"}],"wp:attachment":[{"href":"https:\/\/wordpress.nibis.de\/leine85\/wp-json\/wp\/v2\/media?parent=1419"}],"wp:term":[{"taxonomy":"category","embeddable":true,"href":"https:\/\/wordpress.nibis.de\/leine85\/wp-json\/wp\/v2\/categories?post=1419"},{"taxonomy":"post_tag","embeddable":true,"href":"https:\/\/wordpress.nibis.de\/leine85\/wp-json\/wp\/v2\/tags?post=1419"}],"curies":[{"name":"wp","href":"https:\/\/api.w.org\/{rel}","templated":true}]}}