{"id":1468,"date":"2022-07-02T15:55:40","date_gmt":"2022-07-02T13:55:40","guid":{"rendered":"https:\/\/wordpress.nibis.de\/leine85\/?p=1468"},"modified":"2022-07-03T14:42:15","modified_gmt":"2022-07-03T12:42:15","slug":"5-orte-5-geschichten-5-menschen-die-realschulzweigleiterin-im-interview","status":"publish","type":"post","link":"https:\/\/wordpress.nibis.de\/leine85\/5-orte-5-geschichten-5-menschen-die-realschulzweigleiterin-im-interview\/","title":{"rendered":"F\u00fcnf Orte &#8211; F\u00fcnf Geschichten &#8211; F\u00fcnf Menschen: Die Realschulzweigleiterin im Interview"},"content":{"rendered":"<p style=\"text-align: justify\"><span style=\"font-family: arial, helvetica, sans-serif;font-size: 12pt;color: #000000\"><strong>Nicole Schaper ist als Realschulzweigleiterin an der KGS Neustadt a. Rbge. t\u00e4tig. Sie ist 1973 geboren und wohnt in Neustadt a. Rbge. Im Interview gibt Sie einen Einblick in diese vielseitige und spannende T\u00e4tigkeit.\u00a0<\/strong><\/span><\/p>\n<p style=\"text-align: justify\"><span style=\"font-family: arial, helvetica, sans-serif;font-size: 12pt;color: #000000\"><strong><em>Wie sind Sie denn \u00fcberhaupt nach Neustadt gekommen?<\/em><\/strong><\/span><\/p>\n<p style=\"text-align: justify\"><span style=\"font-family: arial, helvetica, sans-serif;font-size: 12pt;color: #000000\">Ich bin nach Neustadt aufgrund meiner Stelle bei der KGS Neustadt gekommen. Ich habe erst in Hildesheim gewohnt und nach Abschluss des Studiums und des Referendariates dann eine Stelle gesucht. Im Prinzip war Neustadt die am ehesten passendste. Ich kannte Neustadt vorher nicht und bin dann hergefahren, habe mir die Schule angeschaut und habe die Stelle dann bekommen. Ich bin das erste halbe Jahr von Hildesheim gefahren, das war aber ein bisschen weit und zu anstrengend. Deshalb bin ich mit meinem damaligen Lebensgef\u00e4hrten hierher gezogen.<\/span><\/p>\n<p style=\"text-align: justify\"><span style=\"font-family: arial, helvetica, sans-serif;font-size: 12pt;color: #000000\"><strong><em>Wo haben Sie denn studiert?<\/em><\/strong><\/span><\/p>\n<p style=\"text-align: justify\"><span style=\"font-family: arial, helvetica, sans-serif;font-size: 12pt;color: #000000\">In Osnabr\u00fcck. Ich bin aber nach dem Studium f\u00fcr das Referendariat nach Hildesheim gegangen.<\/span><\/p>\n<p style=\"text-align: justify\"><span style=\"font-family: arial, helvetica, sans-serif;font-size: 12pt;color: #000000\"><strong><em>Was haben Sie denn studiert?<\/em><\/strong><\/span><\/p>\n<p style=\"text-align: justify\"><span style=\"font-family: arial, helvetica, sans-serif;font-size: 12pt;color: #000000\">Realschullehramt hie\u00df das damals, f\u00fcr die F\u00e4cher Biologie und Franz\u00f6sisch sowie Physik.<\/span><\/p>\n<p style=\"text-align: justify\"><span style=\"font-family: arial, helvetica, sans-serif;font-size: 12pt;color: #000000\"><strong><em>Das hei\u00dft, dies sind auch die F\u00e4cher, die Sie unterrichten oder unterrichten Sie auch weitere F\u00e4cher?<\/em><\/strong><\/span><\/p>\n<p style=\"text-align: justify\"><span style=\"font-family: arial, helvetica, sans-serif;font-size: 12pt;color: #000000\">Das sind die F\u00e4cher, die ich unterrichte. Im Laufe der Jahre ist noch Gesundheit und Soziales dazugekommen. Dazu gibt es keinen Studiengang. Ich habe eine zus\u00e4tzliche mehrt\u00e4gige Fortbildung gemacht. Au\u00dferdem unterrichte ich Hauswirtschaft und habe fr\u00fcher Chemie und Deutsch unterrichtet.<\/span><\/p>\n<p style=\"text-align: justify\"><span style=\"font-family: arial, helvetica, sans-serif;font-size: 12pt;color: #000000\"><strong><em>Sie sind aber auch als Realschulzweigleitung t\u00e4tig. Was sind denn hier Ihre Aufgaben?<\/em><\/strong><\/span><\/p>\n<p style=\"text-align: justify\"><span style=\"font-family: arial, helvetica, sans-serif;font-size: 12pt;color: #000000\">Ja, seit einigen Jahren bin ich in der Schulleitung als Realschulzweigleiterin t\u00e4tig. Da geht es nat\u00fcrlich auch darum, den Realschulzweig zu organisieren, das hei\u00dft, die neuen F\u00fcnftkl\u00e4ssler zu informieren, einzuteilen, in Empfang zu nehmen und auch die Abschlusspr\u00fcfung im 10. Jahrgang zu organisieren. Au\u00dferdem geht es darum, dass es passende Klassenlehrkr\u00e4fte und andere Lehrkr\u00e4fte in den Klassen gibt. Auch wenn es Probleme mit der Einhaltung der Schulregeln gibt, werde ich h\u00e4ufig aktiv. Ebenfalls bin ich f\u00fcr die Klassenfahrten bei uns an der KGS zust\u00e4ndig. Das hei\u00dft, wenn Kollegen und Kolleginnen \u00fcberlegen auf Klassenfahrt zu fahren, sprechen sie das mit mir ab oder besprechen die Formalit\u00e4ten. F\u00fcr Sch\u00fcleraustauschprogramme bin ich ebenfalls zust\u00e4ndig. Als Franz\u00f6sischlehrerin versuche ich nat\u00fcrlich die Realsch\u00fcler von dieser zweiten Fremdsprache zu begeistern und unterrichte auch flei\u00dfig. Ich betreue au\u00dferdem die au\u00dferschulischen Sprachpr\u00fcfungen, Delf genannt, die jetzt auch demn\u00e4chst anstehen. In der Realschule gibt es auch noch die Profile. Auch auf diese habe ich nat\u00fcrlich einen Blick, wobei da auch ein anderer Kollege tatkr\u00e4ftig organisiert.<\/span><\/p>\n<p style=\"text-align: justify\"><span style=\"font-family: arial, helvetica, sans-serif;font-size: 12pt;color: #000000\"><strong><em>Sie betonten bereits, Sie seien f\u00fcr Klassenfahrten zust\u00e4ndig. Es hei\u00dft, es gab durch Corona durchaus viel Stress und Probleme. Haben Sie das auch mitbekommen?<\/em><\/strong><\/span><\/p>\n<p style=\"text-align: justify\"><span style=\"font-family: arial, helvetica, sans-serif;font-size: 12pt;color: #000000\">Ja, also gerade Klassenfahrten sind insofern stressbelastet gewesen, da wir ja vor Corona bereits Fahrten gebucht hatten. Die Klassenlehrkr\u00e4fte und die Klassen haben sich auf Klassenfahrten gefreut, die dann nat\u00fcrlich Lockdown bedingt abgesagt werden mussten. Wir haben versucht die Fahrten zu verschieben und dann gab es auch von der Schulbeh\u00f6rde die Ansage, dass man die Klassenfahrten stornieren muss. Da waren nat\u00fcrlich viele Briefwechsel und Gespr\u00e4che n\u00f6tig, um die ganzen Klassenfahrten unserer gro\u00dfen Schule wieder abzusagen oder zu verschieben.<\/span><\/p>\n<p style=\"text-align: justify\"><span style=\"font-family: arial, helvetica, sans-serif;font-size: 12pt;color: #000000\"><strong><em>Vielen Dank f\u00fcr das angenehme Interview. Wir freuen uns, dass Sie uns einen Einblick in Ihre T\u00e4tigkeiten gegeben haben und w\u00fcnsche Ihnen alles Gute.<\/em><\/strong><\/span><\/p>\n<p>&nbsp;<\/p>\n<p><span style=\"font-family: arial, helvetica, sans-serif;font-size: 12pt;color: #000000\">Interview von Laurin S., 8. Jahrgang, WPK Journalismus<br \/>\n<\/span><\/p>\n","protected":false},"excerpt":{"rendered":"<p>Nicole Schaper ist als Realschulzweigleiterin an der KGS Neustadt a. Rbge. t\u00e4tig. Sie ist 1973 geboren und wohnt in Neustadt a. Rbge. Im Interview gibt Sie einen Einblick in diese vielseitige und spannende T\u00e4tigkeit.\u00a0 Wie sind Sie denn \u00fcberhaupt nach Neustadt gekommen? Ich bin nach Neustadt aufgrund meiner Stelle bei der KGS Neustadt gekommen. Ich [&hellip;]<\/p>\n","protected":false},"author":9192496,"featured_media":1469,"comment_status":"open","ping_status":"closed","sticky":false,"template":"","format":"standard","meta":{"footnotes":""},"categories":[16],"tags":[223],"class_list":["post-1468","post","type-post","status-publish","format-standard","has-post-thumbnail","hentry","category-beitraege-aus-dem-unterricht","tag-realschulzweigleitung"],"_links":{"self":[{"href":"https:\/\/wordpress.nibis.de\/leine85\/wp-json\/wp\/v2\/posts\/1468","targetHints":{"allow":["GET"]}}],"collection":[{"href":"https:\/\/wordpress.nibis.de\/leine85\/wp-json\/wp\/v2\/posts"}],"about":[{"href":"https:\/\/wordpress.nibis.de\/leine85\/wp-json\/wp\/v2\/types\/post"}],"author":[{"embeddable":true,"href":"https:\/\/wordpress.nibis.de\/leine85\/wp-json\/wp\/v2\/users\/9192496"}],"replies":[{"embeddable":true,"href":"https:\/\/wordpress.nibis.de\/leine85\/wp-json\/wp\/v2\/comments?post=1468"}],"version-history":[{"count":7,"href":"https:\/\/wordpress.nibis.de\/leine85\/wp-json\/wp\/v2\/posts\/1468\/revisions"}],"predecessor-version":[{"id":1513,"href":"https:\/\/wordpress.nibis.de\/leine85\/wp-json\/wp\/v2\/posts\/1468\/revisions\/1513"}],"wp:featuredmedia":[{"embeddable":true,"href":"https:\/\/wordpress.nibis.de\/leine85\/wp-json\/wp\/v2\/media\/1469"}],"wp:attachment":[{"href":"https:\/\/wordpress.nibis.de\/leine85\/wp-json\/wp\/v2\/media?parent=1468"}],"wp:term":[{"taxonomy":"category","embeddable":true,"href":"https:\/\/wordpress.nibis.de\/leine85\/wp-json\/wp\/v2\/categories?post=1468"},{"taxonomy":"post_tag","embeddable":true,"href":"https:\/\/wordpress.nibis.de\/leine85\/wp-json\/wp\/v2\/tags?post=1468"}],"curies":[{"name":"wp","href":"https:\/\/api.w.org\/{rel}","templated":true}]}}