{"id":1473,"date":"2022-07-02T15:55:51","date_gmt":"2022-07-02T13:55:51","guid":{"rendered":"https:\/\/wordpress.nibis.de\/leine85\/?p=1473"},"modified":"2022-07-04T08:00:48","modified_gmt":"2022-07-04T06:00:48","slug":"5-orte-5-geschichten-5-menschen-das-leben-als-berufspolitikerin","status":"publish","type":"post","link":"https:\/\/wordpress.nibis.de\/leine85\/5-orte-5-geschichten-5-menschen-das-leben-als-berufspolitikerin\/","title":{"rendered":"F\u00fcnf Orte &#8211; F\u00fcnf Geschichten &#8211; F\u00fcnf Menschen: Das Leben als Berufspolitikerin"},"content":{"rendered":"<p style=\"text-align: justify\"><span style=\"font-family: arial, helvetica, sans-serif;font-size: 12pt;color: #000000\"><span id=\"page1R_mcid3\" class=\"markedContent\"><strong><span dir=\"ltr\" role=\"presentation\">Rebecca Schamber ist Mitglied des Deutschen Bundestages (SPD), sie ist 46 Jahre alt und <\/span><\/strong><span dir=\"ltr\" role=\"presentation\"><strong>wohnt in Borstel. Im Interview erz\u00e4hlt Sie aus ihrem Leben als Berufspolitikerin.\u00a0<\/strong> <\/span><\/span><span id=\"page1R_mcid4\" class=\"markedContent\"><\/span><\/span><\/p>\n<p style=\"text-align: justify\"><span style=\"font-family: arial, helvetica, sans-serif;font-size: 12pt;color: #000000\"><strong><span id=\"page1R_mcid4\" class=\"markedContent\"><span dir=\"ltr\" role=\"presentation\"><em>Was sind Ihre Aufgaben als Berufspolitikerin?<\/em> <\/span><\/span><\/strong><\/span><\/p>\n<p style=\"text-align: justify\"><span style=\"font-family: arial, helvetica, sans-serif;font-size: 12pt;color: #000000\"><span id=\"page1R_mcid5\" class=\"markedContent\"><span dir=\"ltr\" role=\"presentation\">Meine Aufgaben in meinem Beruf sind nat\u00fcrlich in erste Linie mit den Menschen zu sprechen, <\/span><span dir=\"ltr\" role=\"presentation\">was sie bewegt in meinem Wahlkreis und was gesellschaftspolitisch gerade <\/span><span dir=\"ltr\" role=\"presentation\">aktuell ist. Und dann m\u00fcssen wir Mittel und Wege finden, wie wir unsere Gesellschaft gut g<\/span><span dir=\"ltr\" role=\"presentation\">estalten, wie wir unsere Umwelt gut gestalten und entsprechend dann auch die Gesetze <\/span><span dir=\"ltr\" role=\"presentation\">auf den Weg bringen.<\/span><\/span><span id=\"page1R_mcid6\" class=\"markedContent\"><\/span><\/span><\/p>\n<p style=\"text-align: justify\"><span style=\"font-family: arial, helvetica, sans-serif;font-size: 12pt;color: #000000\"><strong><em><span id=\"page1R_mcid6\" class=\"markedContent\"><span dir=\"ltr\" role=\"presentation\">W\u00fcrden Sie behaupten, dass es Ihr Traumberuf ist? K\u00f6nnten Sie sich auch etwas anderes <\/span><span dir=\"ltr\" role=\"presentation\">vorstellen?<\/span><\/span><\/em><\/strong><\/span><\/p>\n<p style=\"text-align: justify\"><span style=\"font-family: arial, helvetica, sans-serif;font-size: 12pt;color: #000000\"><span id=\"page1R_mcid7\" class=\"markedContent\"><\/span><span id=\"page1R_mcid7\" class=\"markedContent\"><span dir=\"ltr\" role=\"presentation\">Ja, ich w\u00fcrde schon sagen, dass das mein Traumberuf ist, also, ich bin ja jetzt aktuell <\/span><span dir=\"ltr\" role=\"presentation\">Berufspolitikerin, das ist ja auch kein Beruf, den man erlernen kann, man kann zwar <\/span><span dir=\"ltr\" role=\"presentation\">Politikwissenschaft studieren, dann macht man nicht zwingend das, was ich tue, also <\/span><span dir=\"ltr\" role=\"presentation\">Mitglied des Deutschen Bundestages zu sein. Man kann aber ganz unterschiedliche Berufe erlernt <\/span><span dir=\"ltr\" role=\"presentation\">haben. Ich bin eigentlich Juristin, also ich habe Jura studiert, ich habe aber auch viel in der <\/span><span dir=\"ltr\" role=\"presentation\">Gastronomie gearbeitet, wir hatten einen Gastronomiebetrieb. Da habe ich viel gearbeitet <\/span><span dir=\"ltr\" role=\"presentation\">und teilweise habe ich den auch geleitet. Und fr\u00fcher habe ich auch ganz viel ehrenamtlich <\/span><span dir=\"ltr\" role=\"presentation\">Politik gemacht, praktisch so wie andere Volleyball spielen war das eben mein Hobby. Politik hat <\/span><span dir=\"ltr\" role=\"presentation\">mich einfach schon immer interessiert.<br \/>\n<\/span><\/span><\/span><\/p>\n<p><span style=\"font-family: arial, helvetica, sans-serif;font-size: 12pt;color: #000000\"><span id=\"page1R_mcid8\" class=\"markedContent\"><\/span><em><span id=\"page1R_mcid8\" class=\"markedContent\"><span dir=\"ltr\" role=\"presentation\"><strong>Ist der Weg zur Politikerin mit vielen H\u00fcrden verbunden?<\/strong><br \/>\n<\/span><\/span><\/em><\/span><\/p>\n<p style=\"text-align: justify\"><span style=\"font-family: arial, helvetica, sans-serif;font-size: 12pt;color: #000000\"><span id=\"page1R_mcid9\" class=\"markedContent\"><\/span><span id=\"page1R_mcid9\" class=\"markedContent\"><span dir=\"ltr\" role=\"presentation\">Also einfach ist es sicherlich nicht, man spricht auch in der Politik von der sogenannten <\/span><span dir=\"ltr\" role=\"presentation\">Ochsentour, die man durchmachen muss. Ich bin seit \u00fcber 10 Jahren politisch aktiv, <\/span><span dir=\"ltr\" role=\"presentation\">ehrenamtlich. Meine Familie kennt das ja auch und wei\u00df daher auch genau, dass ich oft nicht <\/span><span dir=\"ltr\" role=\"presentation\">da bin. Ich habe vorher in der Wedemark gewohnt, da war ich auch stellvertretende <\/span><span dir=\"ltr\" role=\"presentation\">Gemeindeb\u00fcrgermeisterin. Das hei\u00dft, ich war in der Woche bestimmt drei Abende <\/span><span dir=\"ltr\" role=\"presentation\">unterwegs, und nat\u00fcrlich auch oft am Wochenende. Also, es ist schon viel und wenn man <\/span><span dir=\"ltr\" role=\"presentation\">Berufspolitikerin werden will, muss man das erst innerhalb der eigenen Partei machen und <\/span><span dir=\"ltr\" role=\"presentation\">man muss sich nat\u00fcrlich durchsetzen gegen die anderen Parteien<\/span><span dir=\"ltr\" role=\"presentation\">. Um den Prozess zur Berufspolitikerin zu gewinnen, m\u00fcssen die anderen dich erst <\/span><span dir=\"ltr\" role=\"presentation\">einmal w\u00e4hlen und das war f\u00fcr mich nicht ganz einfach, die anderen von mir zu \u00fcberzeugen.<\/span><\/span><span id=\"page1R_mcid10\" class=\"markedContent\"><br role=\"presentation\" \/><\/span><\/span><\/p>\n<p><span style=\"font-family: arial, helvetica, sans-serif;font-size: 12pt;color: #000000\"><em><span id=\"page1R_mcid10\" class=\"markedContent\"><span dir=\"ltr\" role=\"presentation\"><strong>Frau Schamber, w\u00fcrden Sie sagen, dass der Job f\u00fcr jeden etwas ist?<\/strong><br \/>\n<\/span><\/span><\/em><\/span><\/p>\n<p style=\"text-align: justify\"><span style=\"font-family: arial, helvetica, sans-serif;font-size: 12pt;color: #000000\"><span id=\"page1R_mcid11\" class=\"markedContent\"><\/span><span id=\"page1R_mcid11\" class=\"markedContent\"><span dir=\"ltr\" role=\"presentation\">Theoretisch ja, ich habe ja schon gesagt, man muss keine bestimmte Berufsausbildung <\/span><span dir=\"ltr\" role=\"presentation\">daf\u00fcr haben. Also ich bin Juristin und das ist schon ein einigerma\u00dfen klassischer Beruf. <\/span><span dir=\"ltr\" role=\"presentation\">Wir haben sehr viele Juristen im Deutschen Bundestag sitzen, das schadet auch nicht wegen der Gesetzgebungsprozesse, die dort ablaufen. Jurist zu sein ist aber auch nicht zwingend <\/span><span dir=\"ltr\" role=\"presentation\">erforderlich. Einer meiner liebsten Kolleginnen <\/span><\/span><span id=\"page9R_mcid12\" class=\"markedContent\"><span dir=\"ltr\" role=\"presentation\">kommt auch aus Niedersachsen, die ist Kindertagespflegerin und vorher Taxi <\/span><span dir=\"ltr\" role=\"presentation\">gefahren und hat bei Aldi an der Kasse gearbeitet. Sie hat also auch Br\u00fcche in ihrer Biografie. <\/span><\/span><span id=\"page9R_mcid12\" class=\"markedContent\"><span dir=\"ltr\" role=\"presentation\">Sie ist jetzt aber in der Politik absolut richtig und macht das auch gerne. Was eben wichtig ist, <\/span><span dir=\"ltr\" role=\"presentation\">ist eine tolle Empathie f\u00fcr die Menschen. Und das man bereit ist, darum zu k\u00e4mpfen, was <\/span><span dir=\"ltr\" role=\"presentation\">man umsetzen m\u00f6chte. Was man auch tun sollte, ist nat\u00fcrlich mitzudenken, Menschen zu sprechen <\/span><span dir=\"ltr\" role=\"presentation\">und vor den Menschen zu sprechen, und dann auch Kompromisse eingehen zu k\u00f6nnen. <\/span><span dir=\"ltr\" role=\"presentation\">Man bekommt nicht immer hunderprozentig <\/span><\/span><span id=\"page9R_mcid12\" class=\"markedContent\"><span dir=\"ltr\" role=\"presentation\">das, was man m\u00f6chte. Aber: Das sind alles Dinge, die man <\/span><span dir=\"ltr\" role=\"presentation\">erlernen kann. Von daher m\u00f6chte ich gerne jeden ermutigen in die Politik zu gehen.<\/span><\/span><\/span><\/p>\n<p style=\"text-align: justify\"><span style=\"font-family: arial, helvetica, sans-serif;font-size: 12pt;color: #000000\"><strong><em><span id=\"page9R_mcid13\" class=\"markedContent\">Unter uns: <\/span><span id=\"page9R_mcid13\" class=\"markedContent\"><span dir=\"ltr\" role=\"presentation\">Ist es nicht manchmal schwierig so oft unterwegs zu sein<\/span><span dir=\"ltr\" role=\"presentation\">?<\/span><\/span><\/em><\/strong><\/span><\/p>\n<p style=\"text-align: justify\"><span style=\"font-family: arial, helvetica, sans-serif;font-size: 12pt;color: #000000\"><span id=\"page9R_mcid14\" class=\"markedContent\"><\/span><span id=\"page9R_mcid14\" class=\"markedContent\"><span dir=\"ltr\" role=\"presentation\">Ja, es gibt ein sch\u00f6nes Buch, das hei\u00dft &#8222;Einsamer kann man gar nicht sein&#8220;. Dieser Job, <\/span><span dir=\"ltr\" role=\"presentation\">gerade als Bundestagsabgeordnete, beinhaltet sehr viel.\u00a0<\/span><span dir=\"ltr\" role=\"presentation\"> Hier im Wahlkreis bin ich zumindest abends bei <\/span><span dir=\"ltr\" role=\"presentation\">meiner Familie. Tags\u00fcber <\/span><span dir=\"ltr\" role=\"presentation\">und am Wochenende bin ich meist unterwegs und arbeite viel mit den Menschen aus meinem Wahlkreis zusammen. <\/span><\/span><span id=\"page9R_mcid14\" class=\"markedContent\"><span dir=\"ltr\" role=\"presentation\">Und in Berlin ist es wirklich so, dass es <\/span><span dir=\"ltr\" role=\"presentation\">von morgens bis abends geht, manchmal gehen die Termine schon um 7.30 Uhr los und <\/span><span dir=\"ltr\" role=\"presentation\">vor 22.00 Uhr bin ich nicht zu Hause. In Berlin habe ich auch meine Zweitwohnung. Aber <\/span><span dir=\"ltr\" role=\"presentation\">die Familie ist nicht da, das ist schon manchmal schwierig. Und f\u00fcr die Familie ist es <\/span><span dir=\"ltr\" role=\"presentation\">auch eine Umstellung, ich habe das Gl\u00fcck, dass meine Kinder damit gro\u00df geworden sind, die <\/span><span dir=\"ltr\" role=\"presentation\">kennen das, die wissen, dass Politik sehr wichtig ist. <\/span><span dir=\"ltr\" role=\"presentation\">Aber die ersten Wochen in Berlin<\/span><span dir=\"ltr\" role=\"presentation\"> war es schon schwierig, weil es <\/span><span dir=\"ltr\" role=\"presentation\">eine Umstellung war in der Woche nicht da zu sein. Aber ich denke, wir haben das jetzt <\/span><span dir=\"ltr\" role=\"presentation\">ganz gut gel\u00f6st. Wir unternehmen dann auch viel und genie\u00dfen intensiv die Zeit und reden <\/span><span dir=\"ltr\" role=\"presentation\">dann auch \u00fcber s\u00e4mtliche Dinge.<\/span><\/span><\/span><\/p>\n<p><span style=\"font-family: arial, helvetica, sans-serif;font-size: 12pt;color: #000000\"><strong><em>Vielen Dank f\u00fcr das angenehme Gespr\u00e4ch. Wir w\u00fcnschen Ihnen alls Gute f\u00fcr die Zukunft.<\/em><\/strong><\/span><\/p>\n<p>&nbsp;<\/p>\n<p><span style=\"font-family: arial, helvetica, sans-serif;font-size: 12pt;color: #000000\">Interview von Mira S., 8. Jahrgang, WPK Journalismus<br \/>\n<\/span><\/p>\n","protected":false},"excerpt":{"rendered":"<p>Rebecca Schamber ist Mitglied des Deutschen Bundestages (SPD), sie ist 46 Jahre alt und wohnt in Borstel. Im Interview erz\u00e4hlt Sie aus ihrem Leben als Berufspolitikerin.\u00a0 Was sind Ihre Aufgaben als Berufspolitikerin? Meine Aufgaben in meinem Beruf sind nat\u00fcrlich in erste Linie mit den Menschen zu sprechen, was sie bewegt in meinem Wahlkreis und was [&hellip;]<\/p>\n","protected":false},"author":9192496,"featured_media":1474,"comment_status":"open","ping_status":"closed","sticky":false,"template":"","format":"standard","meta":{"footnotes":""},"categories":[16],"tags":[225,224,33],"class_list":["post-1473","post","type-post","status-publish","format-standard","has-post-thumbnail","hentry","category-beitraege-aus-dem-unterricht","tag-berufspolitikerin","tag-deutscher-bundestag","tag-politik"],"_links":{"self":[{"href":"https:\/\/wordpress.nibis.de\/leine85\/wp-json\/wp\/v2\/posts\/1473","targetHints":{"allow":["GET"]}}],"collection":[{"href":"https:\/\/wordpress.nibis.de\/leine85\/wp-json\/wp\/v2\/posts"}],"about":[{"href":"https:\/\/wordpress.nibis.de\/leine85\/wp-json\/wp\/v2\/types\/post"}],"author":[{"embeddable":true,"href":"https:\/\/wordpress.nibis.de\/leine85\/wp-json\/wp\/v2\/users\/9192496"}],"replies":[{"embeddable":true,"href":"https:\/\/wordpress.nibis.de\/leine85\/wp-json\/wp\/v2\/comments?post=1473"}],"version-history":[{"count":11,"href":"https:\/\/wordpress.nibis.de\/leine85\/wp-json\/wp\/v2\/posts\/1473\/revisions"}],"predecessor-version":[{"id":1521,"href":"https:\/\/wordpress.nibis.de\/leine85\/wp-json\/wp\/v2\/posts\/1473\/revisions\/1521"}],"wp:featuredmedia":[{"embeddable":true,"href":"https:\/\/wordpress.nibis.de\/leine85\/wp-json\/wp\/v2\/media\/1474"}],"wp:attachment":[{"href":"https:\/\/wordpress.nibis.de\/leine85\/wp-json\/wp\/v2\/media?parent=1473"}],"wp:term":[{"taxonomy":"category","embeddable":true,"href":"https:\/\/wordpress.nibis.de\/leine85\/wp-json\/wp\/v2\/categories?post=1473"},{"taxonomy":"post_tag","embeddable":true,"href":"https:\/\/wordpress.nibis.de\/leine85\/wp-json\/wp\/v2\/tags?post=1473"}],"curies":[{"name":"wp","href":"https:\/\/api.w.org\/{rel}","templated":true}]}}