{"id":1585,"date":"2022-12-14T14:16:29","date_gmt":"2022-12-14T13:16:29","guid":{"rendered":"https:\/\/wordpress.nibis.de\/leine85\/?p=1585"},"modified":"2022-12-23T15:47:52","modified_gmt":"2022-12-23T14:47:52","slug":"wie-gehts-fuenftklaessler","status":"publish","type":"post","link":"https:\/\/wordpress.nibis.de\/leine85\/wie-gehts-fuenftklaessler\/","title":{"rendered":"Wie gehts F\u00fcnftkl\u00e4ssler?"},"content":{"rendered":"<p><strong>Jedes Jahr kommen neue F\u00fcnftkl\u00e4ssler an unsere Schule, die f\u00fcr die meisten total neu ist. Deshalb haben wir in den vergangenen Wochen einigen von euren Mitsch\u00fclern und Mitsch\u00fclerinnen in der Mittagspause ein paar Fragen zum Start in der f\u00fcnften Klasse gestellt.<\/strong><\/p>\n<p>Ein <strong>Beitrag<\/strong> von <strong>Tom Gershgorn<\/strong> und <strong>Merle Haftmann<\/strong><\/p>\n<p style=\"text-align: justify\">Uns ist aufgefallen, dass der erste Eindruck bei allen gleich ist: Die Schule wirkt auf viele zun\u00e4chst sehr gro\u00df, es gibt viel mehr R\u00e4ume als in der Grundschule, es gibt aber auch viel mehr Klassen und Lehrkr\u00e4fte. Apropos Lehrer: Wir haben auch nach euren Lieblingslehrkr\u00e4ften gefragt. Zu den angesagtesten Lehrkr\u00e4ften geh\u00f6ren unter anderem Frau Harrie, Herr Pakosch, Herr Arnold und Herr Scharnowski. In der Mensa gibt es viel Platz und (fast) immer leckeres Essen.<\/p>\n<p style=\"text-align: justify\">Unterschiede zur Grundschule sind euch nat\u00fcrlich auch aufgefallen. F\u00fcr manche ist der Anfang an der KGS schwerer, f\u00fcr andere einfacher. Die Klassen sind gr\u00f6\u00dfer. Es gibt neue F\u00e4cher z.B. Biologie, Geschichte und Erdkunde. &#8222;Die neuen F\u00e4cher gefallen uns sehr, sind aber nat\u00fcrlich auch zus\u00e4tzlicher Stress&#8220;, so viele F\u00fcnftkl\u00e4ssler.<\/p>\n","protected":false},"excerpt":{"rendered":"<p>Jedes Jahr kommen neue F\u00fcnftkl\u00e4ssler an unsere Schule, die f\u00fcr die meisten total neu ist. Deshalb haben wir in den vergangenen Wochen einigen von euren Mitsch\u00fclern und Mitsch\u00fclerinnen in der Mittagspause ein paar Fragen zum Start in der f\u00fcnften Klasse gestellt. Ein Beitrag von Tom Gershgorn und Merle Haftmann Uns ist aufgefallen, dass der erste [&hellip;]<\/p>\n","protected":false},"author":9194070,"featured_media":1707,"comment_status":"open","ping_status":"closed","sticky":false,"template":"","format":"standard","meta":{"footnotes":""},"categories":[27],"tags":[55],"class_list":["post-1585","post","type-post","status-publish","format-standard","has-post-thumbnail","hentry","category-news","tag-schule"],"_links":{"self":[{"href":"https:\/\/wordpress.nibis.de\/leine85\/wp-json\/wp\/v2\/posts\/1585","targetHints":{"allow":["GET"]}}],"collection":[{"href":"https:\/\/wordpress.nibis.de\/leine85\/wp-json\/wp\/v2\/posts"}],"about":[{"href":"https:\/\/wordpress.nibis.de\/leine85\/wp-json\/wp\/v2\/types\/post"}],"author":[{"embeddable":true,"href":"https:\/\/wordpress.nibis.de\/leine85\/wp-json\/wp\/v2\/users\/9194070"}],"replies":[{"embeddable":true,"href":"https:\/\/wordpress.nibis.de\/leine85\/wp-json\/wp\/v2\/comments?post=1585"}],"version-history":[{"count":12,"href":"https:\/\/wordpress.nibis.de\/leine85\/wp-json\/wp\/v2\/posts\/1585\/revisions"}],"predecessor-version":[{"id":1709,"href":"https:\/\/wordpress.nibis.de\/leine85\/wp-json\/wp\/v2\/posts\/1585\/revisions\/1709"}],"wp:featuredmedia":[{"embeddable":true,"href":"https:\/\/wordpress.nibis.de\/leine85\/wp-json\/wp\/v2\/media\/1707"}],"wp:attachment":[{"href":"https:\/\/wordpress.nibis.de\/leine85\/wp-json\/wp\/v2\/media?parent=1585"}],"wp:term":[{"taxonomy":"category","embeddable":true,"href":"https:\/\/wordpress.nibis.de\/leine85\/wp-json\/wp\/v2\/categories?post=1585"},{"taxonomy":"post_tag","embeddable":true,"href":"https:\/\/wordpress.nibis.de\/leine85\/wp-json\/wp\/v2\/tags?post=1585"}],"curies":[{"name":"wp","href":"https:\/\/api.w.org\/{rel}","templated":true}]}}