{"id":1626,"date":"2022-10-18T11:04:17","date_gmt":"2022-10-18T09:04:17","guid":{"rendered":"https:\/\/wordpress.nibis.de\/leine85\/?p=1626"},"modified":"2023-03-07T20:53:08","modified_gmt":"2023-03-07T19:53:08","slug":"bei-uns-hast-du-platz","status":"publish","type":"post","link":"https:\/\/wordpress.nibis.de\/leine85\/bei-uns-hast-du-platz\/","title":{"rendered":"Bei uns hast du Platz!"},"content":{"rendered":"<p style=\"text-align: justify\"><span style=\"font-size: 14pt\"><strong><span style=\"font-family: arial, helvetica, sans-serif\"><em>&#8222;Egal ob du eine Band gr\u00fcnden m\u00f6chtest oder einfach nur dein Instrument \u00fcben m\u00f6chtest, bei uns hast du Platz.&#8220;<\/em><\/span><\/strong><\/span><\/p>\n<p style=\"text-align: justify\"><span style=\"font-family: arial, helvetica, sans-serif;font-size: 14pt\">Seit Beginn des Schuljahres habe ich es mir zur Aufgabe gemacht, jedem Sch\u00fcler\/jeder Sch\u00fclerin einen Raum zu bieten, in welchem ihr euch musikalisch austoben k\u00f6nnt.<\/span><\/p>\n<p style=\"text-align: justify\"><span style=\"font-family: arial, helvetica, sans-serif;font-size: 14pt\">Bei dem Raum handelt es sich um <strong>M2. (links vom Eingang des Musikpavillons)<\/strong><\/span><\/p>\n<p style=\"text-align: justify\"><span style=\"font-family: arial, helvetica, sans-serif;font-size: 14pt\">Ab dem 01.11.2022 k\u00f6nnt ihr diesen Raum in der 7. und 8. Stunde nutzen!<\/span><\/p>\n<p style=\"text-align: justify\"><span style=\"font-family: arial, helvetica, sans-serif;font-size: 14pt\">Jeder Sch\u00fcler\/jede Sch\u00fclerin bzw. jede Gruppe erh\u00e4lt einen Zeit-Slot von 40 Minuten, damit so viele Sch\u00fcler\/Sch\u00fclerinnen wie m\u00f6glich den Raum in Anspruch nehmen k\u00f6nnen.<\/span><\/p>\n<p style=\"text-align: justify\"><span style=\"font-family: arial, helvetica, sans-serif;font-size: 14pt\"><strong>Was ihr tun m\u00fcsst?<\/strong><\/span><\/p>\n<ul style=\"text-align: justify\">\n<li><span style=\"font-family: arial, helvetica, sans-serif;font-size: 14pt\">Bringt eure Instrumente, Band- oder Gruppenmitglieder und ganz viel Spa\u00df an der Musik mit!<\/span><\/li>\n<li><span style=\"font-family: arial, helvetica, sans-serif;font-size: 14pt\">Meldet euch <span style=\"text-decoration: underline\">bis freitags per Mail<\/span> bei mir an und teilt mir euren Namen, Klasse, den Tag und in welcher der beiden Stunden ihr in der kommenden Woche in den Raum m\u00f6chtet mit. <\/span><\/li>\n<\/ul>\n<p style=\"text-align: justify\"><span style=\"font-family: arial, helvetica, sans-serif;font-size: 14pt\">Ich erstelle w\u00f6chentlich einen Plan und h\u00e4nge diesen jeden Montag im Musikpavillon aus \ud83d\ude42<br \/>\n<\/span><\/p>\n<p style=\"text-align: justify\"><span style=\"font-family: arial, helvetica, sans-serif;font-size: 14pt\">Anmelden k\u00f6nnt ihr euch unter folgender E-Mail-Adresse:<\/span><\/p>\n<p style=\"text-align: justify\"><span style=\"font-family: arial, helvetica, sans-serif;font-size: 14pt\"><strong>&#x6a;&#101;&#x6e;&#110;i&#x66;&#101;r&#x2e;&#115;&#x63;&#x68;n&#x65;&#105;d&#x65;&#114;&#x40;&#x6b;g&#x73;&#45;n&#x65;&#117;s&#x74;&#97;&#x64;&#116;&#46;&#x64;&#101;<\/strong><\/span><\/p>\n<div style=\"width: 1280px;\" class=\"wp-video\"><video class=\"wp-video-shortcode\" id=\"video-1626-1\" width=\"1280\" height=\"720\" preload=\"metadata\" controls=\"controls\"><source type=\"video\/mp4\" src=\"https:\/\/wordpress.nibis.de\/leine85\/files\/2022\/10\/IMG_0001.mp4?_=1\" \/><a href=\"https:\/\/wordpress.nibis.de\/leine85\/files\/2022\/10\/IMG_0001.mp4\">https:\/\/wordpress.nibis.de\/leine85\/files\/2022\/10\/IMG_0001.mp4<\/a><\/video><\/div>\n","protected":false},"excerpt":{"rendered":"<p>&#8222;Egal ob du eine Band gr\u00fcnden m\u00f6chtest oder einfach nur dein Instrument \u00fcben m\u00f6chtest, bei uns hast du Platz.&#8220; Seit Beginn des Schuljahres habe ich es mir zur Aufgabe gemacht, jedem Sch\u00fcler\/jeder Sch\u00fclerin einen Raum zu bieten, in welchem ihr euch musikalisch austoben k\u00f6nnt. Bei dem Raum handelt es sich um M2. (links vom Eingang [&hellip;]<\/p>\n","protected":false},"author":9194063,"featured_media":1623,"comment_status":"open","ping_status":"closed","sticky":false,"template":"","format":"standard","meta":{"footnotes":""},"categories":[27],"tags":[],"class_list":["post-1626","post","type-post","status-publish","format-standard","has-post-thumbnail","hentry","category-news"],"_links":{"self":[{"href":"https:\/\/wordpress.nibis.de\/leine85\/wp-json\/wp\/v2\/posts\/1626","targetHints":{"allow":["GET"]}}],"collection":[{"href":"https:\/\/wordpress.nibis.de\/leine85\/wp-json\/wp\/v2\/posts"}],"about":[{"href":"https:\/\/wordpress.nibis.de\/leine85\/wp-json\/wp\/v2\/types\/post"}],"author":[{"embeddable":true,"href":"https:\/\/wordpress.nibis.de\/leine85\/wp-json\/wp\/v2\/users\/9194063"}],"replies":[{"embeddable":true,"href":"https:\/\/wordpress.nibis.de\/leine85\/wp-json\/wp\/v2\/comments?post=1626"}],"version-history":[{"count":3,"href":"https:\/\/wordpress.nibis.de\/leine85\/wp-json\/wp\/v2\/posts\/1626\/revisions"}],"predecessor-version":[{"id":1639,"href":"https:\/\/wordpress.nibis.de\/leine85\/wp-json\/wp\/v2\/posts\/1626\/revisions\/1639"}],"wp:featuredmedia":[{"embeddable":true,"href":"https:\/\/wordpress.nibis.de\/leine85\/wp-json\/wp\/v2\/media\/1623"}],"wp:attachment":[{"href":"https:\/\/wordpress.nibis.de\/leine85\/wp-json\/wp\/v2\/media?parent=1626"}],"wp:term":[{"taxonomy":"category","embeddable":true,"href":"https:\/\/wordpress.nibis.de\/leine85\/wp-json\/wp\/v2\/categories?post=1626"},{"taxonomy":"post_tag","embeddable":true,"href":"https:\/\/wordpress.nibis.de\/leine85\/wp-json\/wp\/v2\/tags?post=1626"}],"curies":[{"name":"wp","href":"https:\/\/api.w.org\/{rel}","templated":true}]}}