{"id":1689,"date":"2022-12-08T20:52:19","date_gmt":"2022-12-08T19:52:19","guid":{"rendered":"https:\/\/wordpress.nibis.de\/leine85\/?p=1689"},"modified":"2023-10-09T19:01:16","modified_gmt":"2023-10-09T17:01:16","slug":"nach-dreijaehriger-pause-wieder-ein-voller-erfolg-der-kgs-adventsbasar","status":"publish","type":"post","link":"https:\/\/wordpress.nibis.de\/leine85\/nach-dreijaehriger-pause-wieder-ein-voller-erfolg-der-kgs-adventsbasar\/","title":{"rendered":"Nach dreij\u00e4hriger Pause wieder ein voller Erfolg &#8211; der KGS-Adventsbasar 2022"},"content":{"rendered":"<p style=\"text-align: justify\">Der lang ersehnte Adventsbasar unserer Schule fand vergangenen Freitagnachmittag endlich wieder statt und war ein voller Erfolg: von Musik, zu Essen und selbstgebastelten Kleinigkeiten war alles dabei. Sicherlich wurden die Klassengemeinschaften gest\u00e4rkt und auch die Klassenkassen haben einen kleinen Schub bekommen. 50 Prozent der Einnahmen werden in den n\u00e4chsten Tagen der Neust\u00e4dter Tafel \u00fcbergeben.<\/p>\n<p style=\"text-align: justify\">So oder so: Freude und Spa\u00df drangen aus allen Ecken. Die KGS Neustadt freut sich schon auf den n\u00e4chsten Adventsbasar und bedankt sich bei allen Helferinnen und Helfern f\u00fcr ihr Engagement!<\/p>\n<p>&nbsp;<\/p>\n<p><em>Die Bilder sind aufgrund der Archivierung des Artikels nicht mehr vorhanden.<\/em><\/p>\n<p style=\"text-align: justify\">\n","protected":false},"excerpt":{"rendered":"<p>Der lang ersehnte Adventsbasar unserer Schule fand vergangenen Freitagnachmittag endlich wieder statt und war ein voller Erfolg: von Musik, zu Essen und selbstgebastelten Kleinigkeiten war alles dabei. Sicherlich wurden die Klassengemeinschaften gest\u00e4rkt und auch die Klassenkassen haben einen kleinen Schub bekommen. 50 Prozent der Einnahmen werden in den n\u00e4chsten Tagen der Neust\u00e4dter Tafel \u00fcbergeben. So [&hellip;]<\/p>\n","protected":false},"author":9192496,"featured_media":0,"comment_status":"open","ping_status":"closed","sticky":false,"template":"","format":"standard","meta":{"footnotes":""},"categories":[25],"tags":[92],"class_list":["post-1689","post","type-post","status-publish","format-standard","hentry","category-veranstaltungen","tag-adventsbasar"],"_links":{"self":[{"href":"https:\/\/wordpress.nibis.de\/leine85\/wp-json\/wp\/v2\/posts\/1689","targetHints":{"allow":["GET"]}}],"collection":[{"href":"https:\/\/wordpress.nibis.de\/leine85\/wp-json\/wp\/v2\/posts"}],"about":[{"href":"https:\/\/wordpress.nibis.de\/leine85\/wp-json\/wp\/v2\/types\/post"}],"author":[{"embeddable":true,"href":"https:\/\/wordpress.nibis.de\/leine85\/wp-json\/wp\/v2\/users\/9192496"}],"replies":[{"embeddable":true,"href":"https:\/\/wordpress.nibis.de\/leine85\/wp-json\/wp\/v2\/comments?post=1689"}],"version-history":[{"count":9,"href":"https:\/\/wordpress.nibis.de\/leine85\/wp-json\/wp\/v2\/posts\/1689\/revisions"}],"predecessor-version":[{"id":2156,"href":"https:\/\/wordpress.nibis.de\/leine85\/wp-json\/wp\/v2\/posts\/1689\/revisions\/2156"}],"wp:attachment":[{"href":"https:\/\/wordpress.nibis.de\/leine85\/wp-json\/wp\/v2\/media?parent=1689"}],"wp:term":[{"taxonomy":"category","embeddable":true,"href":"https:\/\/wordpress.nibis.de\/leine85\/wp-json\/wp\/v2\/categories?post=1689"},{"taxonomy":"post_tag","embeddable":true,"href":"https:\/\/wordpress.nibis.de\/leine85\/wp-json\/wp\/v2\/tags?post=1689"}],"curies":[{"name":"wp","href":"https:\/\/api.w.org\/{rel}","templated":true}]}}