{"id":1873,"date":"2023-03-23T17:19:40","date_gmt":"2023-03-23T16:19:40","guid":{"rendered":"https:\/\/wordpress.nibis.de\/leine85\/?p=1873"},"modified":"2023-03-23T17:19:40","modified_gmt":"2023-03-23T16:19:40","slug":"politik-to-go-wahlrechtsreform-beschlossen","status":"publish","type":"post","link":"https:\/\/wordpress.nibis.de\/leine85\/politik-to-go-wahlrechtsreform-beschlossen\/","title":{"rendered":"POLITIK TO GO &#8211; WAHLRECHTSREFORM BESCHLOSSEN"},"content":{"rendered":"<figure id=\"attachment_1877\" aria-describedby=\"caption-attachment-1877\" style=\"width: 741px\" class=\"wp-caption alignnone\"><img loading=\"lazy\" decoding=\"async\" class=\"wp-image-1877\" src=\"https:\/\/wordpress.nibis.de\/leine85\/files\/2023\/03\/D371732B-91E0-487F-B0F6-3AE1D824D8CD.jpeg\" alt=\"\" width=\"741\" height=\"492\" srcset=\"https:\/\/wordpress.nibis.de\/leine85\/files\/2023\/03\/D371732B-91E0-487F-B0F6-3AE1D824D8CD.jpeg 1842w, https:\/\/wordpress.nibis.de\/leine85\/files\/2023\/03\/D371732B-91E0-487F-B0F6-3AE1D824D8CD-768x510.jpeg 768w, https:\/\/wordpress.nibis.de\/leine85\/files\/2023\/03\/D371732B-91E0-487F-B0F6-3AE1D824D8CD-1536x1021.jpeg 1536w\" sizes=\"auto, (max-width: 741px) 100vw, 741px\" \/><figcaption id=\"caption-attachment-1877\" class=\"wp-caption-text\">Seit 1999 ist das Reichstagsgeb\u00e4ude am Platz der Republik in Berlin Sitz des Deutschen Bundestages.<\/figcaption><\/figure>\n<p style=\"text-align: justify\"><strong><br \/>\nNach einer letztlich scharfen Kontroverse im Bundestag hat die Ampelkoalition am Freitag, den 17. M\u00e4rz 2023 ihre umstrittene Wahlrechtsreform zur Reduzierung der Abgeordnetenanzahl beschlossen und stie\u00df damit vor allem aus den Reihen der CDU, CSU und den Linken auf Kritik.<\/strong><\/p>\n<p style=\"text-align: justify\">Ein <strong>Beitrag<\/strong> von <strong>Paulina Heid<\/strong>, 10. Jahrgang<\/p>\n<figure id=\"attachment_1879\" aria-describedby=\"caption-attachment-1879\" style=\"width: 742px\" class=\"wp-caption alignnone\"><img loading=\"lazy\" decoding=\"async\" class=\"wp-image-1879\" src=\"https:\/\/wordpress.nibis.de\/leine85\/files\/2023\/03\/ADBD862B-1A0B-4492-99DA-D509243AD691.jpeg\" alt=\"\" width=\"742\" height=\"492\" srcset=\"https:\/\/wordpress.nibis.de\/leine85\/files\/2023\/03\/ADBD862B-1A0B-4492-99DA-D509243AD691.jpeg 1643w, https:\/\/wordpress.nibis.de\/leine85\/files\/2023\/03\/ADBD862B-1A0B-4492-99DA-D509243AD691-768x510.jpeg 768w, https:\/\/wordpress.nibis.de\/leine85\/files\/2023\/03\/ADBD862B-1A0B-4492-99DA-D509243AD691-1536x1019.jpeg 1536w\" sizes=\"auto, (max-width: 742px) 100vw, 742px\" \/><figcaption id=\"caption-attachment-1879\" class=\"wp-caption-text\">Die Ampelkoalition hat sich durchgesetzt: Die Anzahl der Sitze im Bundestag wird auf 630 begrenzt.<\/figcaption><\/figure>\n<p>&nbsp;<\/p>\n<p style=\"text-align: justify\">Nach langen Verhandlungen zwischen den Koalitionspartnern und in Zusammenarbeit mit Experten und Expertinnen beschloss die deutsche Ampelkoalition, bestehend aus SPD, FDP und den Gr\u00fcnen, eine Wahlrechtsreform, welche f\u00fcr zuk\u00fcnftige Wahlen weitreichende \u00c4nderungen mit sich bringen wird. Demnach soll durch letztere Entscheidung das Wahlrecht modernisiert und demokratischer gestaltet werden.<\/p>\n<p style=\"text-align: justify\">Die wohl umstrittenste \u00c4nderung betrifft die Gr\u00f6\u00dfe des Bundestages, welche sich in den letzten Jahren immer weiter steigerte und damit f\u00fcr erhebliche Probleme sorgte. Da das Wahlrecht \u00dcberhangs- und Ausgleichsmandate erm\u00f6glicht und das sich weiter ver\u00e4ndernde Wahlverhalten der W\u00e4hler und W\u00e4hlerinnen diese Vergr\u00f6\u00dferung zus\u00e4tzlich bekr\u00e4ftigt, dient diese Reform nun zur Eind\u00e4mmung des seit Jahren wachsenden Problems.<\/p>\n<p style=\"text-align: justify\">Kritische Stimmen gegen\u00fcber dessen sind besonders aus den Reihen der CSU und Linkspartei wahrzunehmen. Markus S\u00f6der, Parteichef der CSU, reagierte prompt. Er werde sich gemeinsam mit seiner Partei noch vor der Sommerpause gegen die Bundestagsentscheidung mit einer Verfassungsbeschwerde wehren. \u00c4hnlich \u00e4u\u00dferte sich auch Friedrich Merz aus der Unionsfraktion. Sie werden sich mit einer solchen Reform nicht abfinden, so Merz. Obwohl sich die Linke und Union f\u00fcr gew\u00f6hnlich eher selten einer Meinung sind, scheint doch neueste Entscheidung beide zu betreffen. So spricht Dietmar Bartsch laut <em><a href=\"https:\/\/www.tagesschau.de\/inland\/innenpolitik\/wahlrechtsreform-csu-101.html\" target=\"_blank\" rel=\"noreferrer noopener\" data-t=\"{&quot;n&quot;:&quot;destination&quot;,&quot;t&quot;:13,&quot;b&quot;:1,&quot;c.t&quot;:7}\">tagesschau.de<\/a><\/em> von einem ,,offenen Anschlag auf die Linke\u201c und eint damit beider Parteien Angst: das Bangen um Sitze im Parlament.<\/p>\n<p style=\"text-align: justify\">Es bleibt abzuwarten wie die angek\u00fcndigten Schritte der CSU im Bezug auf die Erhebung einer Verfassungsbeschwerde gehandhabt werden oder ob der laut der Ampel so wichtige Schritt in Richtung einer zeitgem\u00e4\u00dferen Demokratie doch schlussendlich begr\u00fc\u00dft wird.<\/p>\n<p>&nbsp;<\/p>\n","protected":false},"excerpt":{"rendered":"<p>Nach einer letztlich scharfen Kontroverse im Bundestag hat die Ampelkoalition am Freitag, den 17. M\u00e4rz 2023 ihre umstrittene Wahlrechtsreform zur Reduzierung der Abgeordnetenanzahl beschlossen und stie\u00df damit vor allem aus den Reihen der CDU, CSU und den Linken auf Kritik. Ein Beitrag von Paulina Heid, 10. Jahrgang &nbsp; Nach langen Verhandlungen zwischen den Koalitionspartnern und [&hellip;]<\/p>\n","protected":false},"author":9194061,"featured_media":1879,"comment_status":"open","ping_status":"closed","sticky":false,"template":"","format":"standard","meta":{"footnotes":""},"categories":[276],"tags":[280,279],"class_list":["post-1873","post","type-post","status-publish","format-standard","has-post-thumbnail","hentry","category-reihe-politik-to-go","tag-bundestag","tag-wahlrecht"],"_links":{"self":[{"href":"https:\/\/wordpress.nibis.de\/leine85\/wp-json\/wp\/v2\/posts\/1873","targetHints":{"allow":["GET"]}}],"collection":[{"href":"https:\/\/wordpress.nibis.de\/leine85\/wp-json\/wp\/v2\/posts"}],"about":[{"href":"https:\/\/wordpress.nibis.de\/leine85\/wp-json\/wp\/v2\/types\/post"}],"author":[{"embeddable":true,"href":"https:\/\/wordpress.nibis.de\/leine85\/wp-json\/wp\/v2\/users\/9194061"}],"replies":[{"embeddable":true,"href":"https:\/\/wordpress.nibis.de\/leine85\/wp-json\/wp\/v2\/comments?post=1873"}],"version-history":[{"count":3,"href":"https:\/\/wordpress.nibis.de\/leine85\/wp-json\/wp\/v2\/posts\/1873\/revisions"}],"predecessor-version":[{"id":1880,"href":"https:\/\/wordpress.nibis.de\/leine85\/wp-json\/wp\/v2\/posts\/1873\/revisions\/1880"}],"wp:featuredmedia":[{"embeddable":true,"href":"https:\/\/wordpress.nibis.de\/leine85\/wp-json\/wp\/v2\/media\/1879"}],"wp:attachment":[{"href":"https:\/\/wordpress.nibis.de\/leine85\/wp-json\/wp\/v2\/media?parent=1873"}],"wp:term":[{"taxonomy":"category","embeddable":true,"href":"https:\/\/wordpress.nibis.de\/leine85\/wp-json\/wp\/v2\/categories?post=1873"},{"taxonomy":"post_tag","embeddable":true,"href":"https:\/\/wordpress.nibis.de\/leine85\/wp-json\/wp\/v2\/tags?post=1873"}],"curies":[{"name":"wp","href":"https:\/\/api.w.org\/{rel}","templated":true}]}}