{"id":1969,"date":"2023-06-04T20:15:11","date_gmt":"2023-06-04T18:15:11","guid":{"rendered":"https:\/\/wordpress.nibis.de\/leine85\/?p=1969"},"modified":"2023-06-04T20:16:44","modified_gmt":"2023-06-04T18:16:44","slug":"politik-to-go-europawahl-2024-terminiert","status":"publish","type":"post","link":"https:\/\/wordpress.nibis.de\/leine85\/politik-to-go-europawahl-2024-terminiert\/","title":{"rendered":"POLITIK TO GO &#8211; EUROPAWAHL 2024 TERMINIERT"},"content":{"rendered":"<p style=\"text-align: justify\"><strong><em>Nach f\u00fcnf Jahren ist es wieder an der Zeit: Die Europawahl zur Wahl der Abgeordneten des Europ\u00e4ischen Parlaments steht an. B\u00fcrger*innen sind aufgerufen bei der Wahl vom 6. bis zum 9. Juni ihre Stimme abzugeben, darauf einigten sich die Botschafter der EU-Staaten in Br\u00fcssel. Zur Wahl 2024 wurde das Wahlalter von 18 auf 16 Jahre gesenkt, woraus resultierend viele Sch\u00fcler*innen dazu aufgerufen sind sich zu beteiligen. Doch welche Bedeutung hat die anstehend gr\u00f6\u00dfte demokratische Wahl in Europa f\u00fcr junge Erwachsene und was zeichnet die Wichtigkeit der Europ\u00e4ischen Union aus?<\/em><\/strong><\/p>\n<p style=\"text-align: justify\">Ein <strong>Artikel<\/strong> von <strong>Paulina Heid<\/strong>, 10. Jahrgang<\/p>\n<p style=\"text-align: justify\">Die Europawahl unterscheidet sich ma\u00dfgeblich von anderen Wahlen wie beispielsweise Landtags- oder Bundestagswahlen. Besonders durch Faktoren wie ein mangelndes Bewusstsein, nationale Priorit\u00e4ten, Komplexit\u00e4t der EU und fehlende Identifikation wird eine geringe Wahlbeteiligung, wie beispielsweise bei der Europawahl 2019 mit 50,62 %, produziert. Die Bedeutung des Europ\u00e4ischen Parlaments und dessen Rolle geraten oft in Vergessenheit und werden durch eine h\u00e4ufig geringe Verbindung der B\u00fcrger*innen seitens des Entscheidungsprozesses auf EU-Ebene verst\u00e4rkt. Auch die Wichtigkeit von kommunaler bzw. nationaler Ebene wird nicht selten der europ\u00e4ischen vorgezogen. Nicht zuletzt wird die Komplexit\u00e4t der Europ\u00e4ischen Union und ihrer Arbeitsweise als ,,unnahbar\u201c und ,,realit\u00e4tsfern\u201c beschrieben. Durch die eng ineinander greifende Arbeitsweisen der EU f\u00f6rdert dies eine fehlende Identifikation mit diesem System seitens der B\u00fcrger*innen und verst\u00e4rkt ein Desinteresse im Bezug auf die Europawahl.<\/p>\n<figure id=\"attachment_1985\" aria-describedby=\"caption-attachment-1985\" style=\"width: 1596px\" class=\"wp-caption alignnone\"><img loading=\"lazy\" decoding=\"async\" class=\"wp-image-1985 size-full\" src=\"https:\/\/wordpress.nibis.de\/leine85\/files\/2023\/05\/E652A059-AF2D-4CC3-BDD4-E0510BEF03A0.jpeg\" alt=\"\" width=\"1596\" height=\"1187\" srcset=\"https:\/\/wordpress.nibis.de\/leine85\/files\/2023\/05\/E652A059-AF2D-4CC3-BDD4-E0510BEF03A0.jpeg 1596w, https:\/\/wordpress.nibis.de\/leine85\/files\/2023\/05\/E652A059-AF2D-4CC3-BDD4-E0510BEF03A0-768x571.jpeg 768w, https:\/\/wordpress.nibis.de\/leine85\/files\/2023\/05\/E652A059-AF2D-4CC3-BDD4-E0510BEF03A0-1536x1142.jpeg 1536w\" sizes=\"auto, (max-width: 1596px) 100vw, 1596px\" \/><figcaption id=\"caption-attachment-1985\" class=\"wp-caption-text\">Das Europ\u00e4ische Parlament ist das Parlament der Europ\u00e4ischen Union. Seit 1979 wird alle f\u00fcnf Jahre gew\u00e4hlt.<\/figcaption><\/figure>\n<p style=\"text-align: justify\">Doch aus diversen Gr\u00fcnden ist die Wichtigkeit der Europawahl nicht zu untersch\u00e4tzen und sollte von allen B\u00fcrger*innen als bedeutsame politische Gestaltung Europas angesehen werden. Da das Europ\u00e4ische Parlament das einzige direkt gew\u00e4hlte Organ der EU darstellt und eine wichtige Rolle bei der Gesetzgebung und Kontrolle der EU-Institutionen spielt, ist der Europawahl die Gew\u00e4hrleistung der demokratischen Legitimation zuzuschreiben. Auch beschlie\u00dft dieses Gesetze, die in allen Europ\u00e4ischen Staaten t\u00e4glich Anwendung finden und sich in unterschiedlichsten Bereichen wie Umwelt-, Verbraucher- und Arbeitsrecht wiederfinden. Durch die Europawahl k\u00f6nnen B\u00fcrger*innen also ihre Pr\u00e4ferenzen und politischen Priorit\u00e4ten zum Ausdruck bringen und somit Einfluss auf die europ\u00e4ische Politik nehmen. Auch die St\u00e4rkung der europ\u00e4ischen Integration, durch Zusammenkommen von Abgeordneten verschiedener L\u00e4nder, wird durch diesen Prozess und den daraus resultierenden Meinungsaustausch immer wieder gest\u00e4rkt. Die F\u00f6rderung von Dialog und einer Zusammenarbeit zwischen den Mitgliedsstaaten kann dazu beitragen gemeinsame L\u00f6sungen auf europ\u00e4ischer Ebene zu finden.<\/p>\n<p style=\"text-align: justify\">Aus unterschiedlichsten Gr\u00fcnden kann die Europawahl also als ernst zunehmende Wahl beschrieben werden und eine hohe Wahlbeteiligung, besonders junger Menschen, als w\u00fcnschenswert gesehen werden. Schlie\u00dflich steht Europa nicht f\u00fcr eine geografische Lage, sondern f\u00fcr Ideale. Es ist der Glaube an Frieden, Freiheit und Solidarit\u00e4t, der uns vereint. Die Europawahl ist unsere Chance, diese Ideale zu st\u00e4rken und gemeinsam eine bessere Zukunft zu gestalten.<\/p>\n","protected":false},"excerpt":{"rendered":"<p>Nach f\u00fcnf Jahren ist es wieder an der Zeit: Die Europawahl zur Wahl der Abgeordneten des Europ\u00e4ischen Parlaments steht an. B\u00fcrger*innen sind aufgerufen bei der Wahl vom 6. bis zum 9. Juni ihre Stimme abzugeben, darauf einigten sich die Botschafter der EU-Staaten in Br\u00fcssel. Zur Wahl 2024 wurde das Wahlalter von 18 auf 16 Jahre [&hellip;]<\/p>\n","protected":false},"author":9194061,"featured_media":1984,"comment_status":"open","ping_status":"closed","sticky":false,"template":"","format":"standard","meta":{"footnotes":""},"categories":[276],"tags":[],"class_list":["post-1969","post","type-post","status-publish","format-standard","has-post-thumbnail","hentry","category-reihe-politik-to-go"],"_links":{"self":[{"href":"https:\/\/wordpress.nibis.de\/leine85\/wp-json\/wp\/v2\/posts\/1969","targetHints":{"allow":["GET"]}}],"collection":[{"href":"https:\/\/wordpress.nibis.de\/leine85\/wp-json\/wp\/v2\/posts"}],"about":[{"href":"https:\/\/wordpress.nibis.de\/leine85\/wp-json\/wp\/v2\/types\/post"}],"author":[{"embeddable":true,"href":"https:\/\/wordpress.nibis.de\/leine85\/wp-json\/wp\/v2\/users\/9194061"}],"replies":[{"embeddable":true,"href":"https:\/\/wordpress.nibis.de\/leine85\/wp-json\/wp\/v2\/comments?post=1969"}],"version-history":[{"count":4,"href":"https:\/\/wordpress.nibis.de\/leine85\/wp-json\/wp\/v2\/posts\/1969\/revisions"}],"predecessor-version":[{"id":1986,"href":"https:\/\/wordpress.nibis.de\/leine85\/wp-json\/wp\/v2\/posts\/1969\/revisions\/1986"}],"wp:featuredmedia":[{"embeddable":true,"href":"https:\/\/wordpress.nibis.de\/leine85\/wp-json\/wp\/v2\/media\/1984"}],"wp:attachment":[{"href":"https:\/\/wordpress.nibis.de\/leine85\/wp-json\/wp\/v2\/media?parent=1969"}],"wp:term":[{"taxonomy":"category","embeddable":true,"href":"https:\/\/wordpress.nibis.de\/leine85\/wp-json\/wp\/v2\/categories?post=1969"},{"taxonomy":"post_tag","embeddable":true,"href":"https:\/\/wordpress.nibis.de\/leine85\/wp-json\/wp\/v2\/tags?post=1969"}],"curies":[{"name":"wp","href":"https:\/\/api.w.org\/{rel}","templated":true}]}}