{"id":212,"date":"2018-05-17T13:56:34","date_gmt":"2018-05-17T11:56:34","guid":{"rendered":"http:\/\/wordpress.nibis.de\/leine85\/?p=212"},"modified":"2023-03-07T21:09:49","modified_gmt":"2023-03-07T20:09:49","slug":"fahrradweg-suttorf-basse","status":"publish","type":"post","link":"https:\/\/wordpress.nibis.de\/leine85\/fahrradweg-suttorf-basse\/","title":{"rendered":"Fahrradweg Suttorf \u2013 Basse"},"content":{"rendered":"<p style=\"text-align: justify\">Wenn ihr oft mit dem Fahrrad unterwegs seid, kennt ihr vermutlich dieses Problem: fehlende Fahrradwege. Die Dorfkomitees von Basse und Suttorf wollen das jetzt \u00e4ndern. Die beiden Vorsitzenden Elvira Goldmann und Wolfgang Klein starteten am 23.04.2018 eine Online-Petition, mit dem Ziel, 5000 Mitzeichner f\u00fcr einen Fahrradweg zwischen den beiden D\u00f6rfern zu gewinnen.<br \/>\nDer Grund der Petition liegt auf der Hand: Fahrradfahrer k\u00f6nnen unm\u00f6glich auf direktem Wege sicher von Suttorf nach Basse gelangen, oder umgekehrt. Dies ist aber dringend notwendig, denn die Basser, vorrangig Jugendliche und Kinder, k\u00f6nnten mit dem neuen Weg Einkaufsm\u00f6glichkeiten, \u00c4rzte und Schulen in n\u00e4herer Umgebung gut per Fahrrad erreichen.<\/p>\n<p style=\"text-align: justify\">Zus\u00e4tzlich geh\u00f6rt Suttorf zum Kirchspiel Basse, was bedeutet, dass Konfirmanden oder Friedhofsbesucher ihr Ziel nicht mit den Fahrrad erreichen k\u00f6nnen. Die einzige M\u00f6glichkeit besteht darin, einen Umweg \u00fcber Feld- und Waldwege zu nutzen, aber auch diese sind zum Teil unbefestigt und f\u00fcr Kinder und \u00e4ltere Mitb\u00fcrger nicht nutzbar. Vom Land Niedersachsen erwarten dir Dorfkomitees die Planung und den Bau eines befestigten Fahrradweges.<\/p>\n<p style=\"text-align: justify\"><span style=\"font-size: 12pt;font-family: impact, sans-serif\">Die noch bis zum 04.06.2018 laufende Online-Petition kann unabh\u00e4ngig vom Alter unterzeichnet werden, die einzige Voraussetzung ist eine E-Mail-Adresse.<\/span><br \/>\n<span style=\"font-size: 12pt;font-family: impact, sans-serif\">Also ab an die Handys, Tablets oder Computer und mitmachen!<\/span><\/p>\n<p><a href=\"https:\/\/www.navo.niedersachsen.de\/navo2\/portal\/nipetition\/0\/publicviewpetition?id=3\" target=\"_blank\" rel=\"noopener\">Hier gehts zur Petition<\/a><\/p>\n","protected":false},"excerpt":{"rendered":"<p>Wenn ihr oft mit dem Fahrrad unterwegs seid, kennt ihr vermutlich dieses Problem: fehlende Fahrradwege. Die Dorfkomitees von Basse und Suttorf wollen das jetzt \u00e4ndern. Die beiden Vorsitzenden Elvira Goldmann und Wolfgang Klein starteten am 23.04.2018 eine Online-Petition, mit dem Ziel, 5000 Mitzeichner f\u00fcr einen Fahrradweg zwischen den beiden D\u00f6rfern zu gewinnen. Der Grund der [&hellip;]<\/p>\n","protected":false},"author":9192496,"featured_media":217,"comment_status":"open","ping_status":"open","sticky":false,"template":"","format":"standard","meta":{"footnotes":""},"categories":[21],"tags":[],"class_list":["post-212","post","type-post","status-publish","format-standard","has-post-thumbnail","hentry","category-aus-der-welt"],"_links":{"self":[{"href":"https:\/\/wordpress.nibis.de\/leine85\/wp-json\/wp\/v2\/posts\/212","targetHints":{"allow":["GET"]}}],"collection":[{"href":"https:\/\/wordpress.nibis.de\/leine85\/wp-json\/wp\/v2\/posts"}],"about":[{"href":"https:\/\/wordpress.nibis.de\/leine85\/wp-json\/wp\/v2\/types\/post"}],"author":[{"embeddable":true,"href":"https:\/\/wordpress.nibis.de\/leine85\/wp-json\/wp\/v2\/users\/9192496"}],"replies":[{"embeddable":true,"href":"https:\/\/wordpress.nibis.de\/leine85\/wp-json\/wp\/v2\/comments?post=212"}],"version-history":[{"count":4,"href":"https:\/\/wordpress.nibis.de\/leine85\/wp-json\/wp\/v2\/posts\/212\/revisions"}],"predecessor-version":[{"id":215,"href":"https:\/\/wordpress.nibis.de\/leine85\/wp-json\/wp\/v2\/posts\/212\/revisions\/215"}],"wp:featuredmedia":[{"embeddable":true,"href":"https:\/\/wordpress.nibis.de\/leine85\/wp-json\/wp\/v2\/media\/217"}],"wp:attachment":[{"href":"https:\/\/wordpress.nibis.de\/leine85\/wp-json\/wp\/v2\/media?parent=212"}],"wp:term":[{"taxonomy":"category","embeddable":true,"href":"https:\/\/wordpress.nibis.de\/leine85\/wp-json\/wp\/v2\/categories?post=212"},{"taxonomy":"post_tag","embeddable":true,"href":"https:\/\/wordpress.nibis.de\/leine85\/wp-json\/wp\/v2\/tags?post=212"}],"curies":[{"name":"wp","href":"https:\/\/api.w.org\/{rel}","templated":true}]}}