{"id":2127,"date":"2023-10-05T20:11:57","date_gmt":"2023-10-05T18:11:57","guid":{"rendered":"https:\/\/wordpress.nibis.de\/leine85\/?p=2127"},"modified":"2023-10-09T19:10:50","modified_gmt":"2023-10-09T17:10:50","slug":"kgs-on-tour-23-24-siegerbilder","status":"publish","type":"post","link":"https:\/\/wordpress.nibis.de\/leine85\/kgs-on-tour-23-24-siegerbilder\/","title":{"rendered":"KGS on Tour 23\/24 &#8211; Siegerbilder"},"content":{"rendered":"<p style=\"text-align: justify\"><strong>Zahlreiche Fotos erreichten uns in den letzten Wochen, die uns die Entscheidung wirklich nicht leicht gemacht haben. Wir m\u00f6chten euch jetzt aber endlich die Gewinner des Fotowettbewerbs \u201eKGS on Tour 2023&#8243; pr\u00e4sentieren. Danke f\u00fcrs Mitmachen! Wir freuen uns auf eure Teilnahme im n\u00e4chsten Jahr!<\/strong><\/p>\n<p style=\"text-align: justify\"><strong>Eure Sch\u00fclerzeitung \ud83d\ude42<br \/>\n<\/strong><\/p>\n<p>&nbsp;<\/p>\n<p style=\"text-align: justify\"><strong>Platz 1: &#8222;Fjordblick&#8220; von Lenja H.<\/strong><\/p>\n<p><img loading=\"lazy\" decoding=\"async\" class=\"alignnone size-full wp-image-2144\" src=\"https:\/\/wordpress.nibis.de\/leine85\/files\/2023\/10\/IMG_4965_bearbeitet.jpg\" alt=\"\" width=\"1701\" height=\"1133\" srcset=\"https:\/\/wordpress.nibis.de\/leine85\/files\/2023\/10\/IMG_4965_bearbeitet.jpg 1701w, https:\/\/wordpress.nibis.de\/leine85\/files\/2023\/10\/IMG_4965_bearbeitet-768x512.jpg 768w, https:\/\/wordpress.nibis.de\/leine85\/files\/2023\/10\/IMG_4965_bearbeitet-1536x1023.jpg 1536w\" sizes=\"auto, (max-width: 1701px) 100vw, 1701px\" \/><\/p>\n<p style=\"text-align: justify\">\u201eIch h\u00e4tte hier ein ganz sch\u00f6nes Bild aus meinem Urlaub in Olden. Das liegt in Norwegen direkt an einem wundersch\u00f6nen Fjord und mitten in den Bergen. Vielleicht gef\u00e4llt es euch ja auch und \u00fcberzeugt die Menschen davon, dass man nicht immer in den S\u00fcden muss.&#8220;<\/p>\n<p>&nbsp;<\/p>\n<p style=\"text-align: justify\"><strong>Platz 2: &#8222;Eintauchen in die Unterwasserwelt&#8220; von Nick B.<\/strong><\/p>\n<p><img loading=\"lazy\" decoding=\"async\" class=\"alignnone size-full wp-image-2142\" src=\"https:\/\/wordpress.nibis.de\/leine85\/files\/2023\/10\/IMG_4963_bearbeitet.jpg\" alt=\"\" width=\"1163\" height=\"2048\" srcset=\"https:\/\/wordpress.nibis.de\/leine85\/files\/2023\/10\/IMG_4963_bearbeitet.jpg 1163w, https:\/\/wordpress.nibis.de\/leine85\/files\/2023\/10\/IMG_4963_bearbeitet-768x1352.jpg 768w, https:\/\/wordpress.nibis.de\/leine85\/files\/2023\/10\/IMG_4963_bearbeitet-872x1536.jpg 872w\" sizes=\"auto, (max-width: 1163px) 100vw, 1163px\" \/><\/p>\n<p style=\"text-align: justify\">\u201eDas Foto ist auf Mallorca dieses Jahr in den Sommerferien beim Schnorcheln entstanden.&#8220;<\/p>\n<p>&nbsp;<\/p>\n<p style=\"text-align: justify\"><strong>Platz 3: &#8222;Robbenkrankenhaus&#8220; von Marlene B.<\/strong><\/p>\n<p><img loading=\"lazy\" decoding=\"async\" class=\"alignnone size-full wp-image-2141\" src=\"https:\/\/wordpress.nibis.de\/leine85\/files\/2023\/10\/IMG_4961_bearbeitet.jpg\" alt=\"\" width=\"1536\" height=\"2048\" \/><\/p>\n<p style=\"text-align: justify\">\u201eDas war im Robbenkrankenhaus f\u00fcr kranke Robben auf Texel.&#8220;<\/p>\n<p>&nbsp;<\/p>\n<p style=\"text-align: justify\"><strong>Platz 4: &#8222;Seifenblasen-Traum&#8220; von Julie S.<\/strong><\/p>\n<p><img loading=\"lazy\" decoding=\"async\" class=\"alignnone size-full wp-image-2143\" src=\"https:\/\/wordpress.nibis.de\/leine85\/files\/2023\/10\/IMG_4964_bearbeitet.jpg\" alt=\"\" width=\"2048\" height=\"1536\" srcset=\"https:\/\/wordpress.nibis.de\/leine85\/files\/2023\/10\/IMG_4964_bearbeitet.jpg 2048w, https:\/\/wordpress.nibis.de\/leine85\/files\/2023\/10\/IMG_4964_bearbeitet-768x576.jpg 768w, https:\/\/wordpress.nibis.de\/leine85\/files\/2023\/10\/IMG_4964_bearbeitet-1536x1152.jpg 1536w\" sizes=\"auto, (max-width: 2048px) 100vw, 2048px\" \/><\/p>\n<p style=\"text-align: justify\">&#8222;Es war nur ein kurzer Moment, als sich die Seifenblasen auf die Wasseroberfl\u00e4che gelegt haben. Danach sind sie sofort zerplatzt, weshalb ich froh war, schnell noch ein Foto gemacht zu haben. Denn ich mag, wie sich die Seifenblasen leicht im Wasser spiegeln.&#8220;<\/p>\n<p>&nbsp;<\/p>\n<p style=\"text-align: justify\"><strong>Platz 5: &#8222;Ruhe vor dem Sturm&#8220; von Amelie H.<\/strong><\/p>\n<p><img loading=\"lazy\" decoding=\"async\" class=\"alignnone size-full wp-image-2140\" src=\"https:\/\/wordpress.nibis.de\/leine85\/files\/2023\/10\/IMG_4960_bearbeitet.jpg\" alt=\"\" width=\"2048\" height=\"1536\" srcset=\"https:\/\/wordpress.nibis.de\/leine85\/files\/2023\/10\/IMG_4960_bearbeitet.jpg 2048w, https:\/\/wordpress.nibis.de\/leine85\/files\/2023\/10\/IMG_4960_bearbeitet-768x576.jpg 768w, https:\/\/wordpress.nibis.de\/leine85\/files\/2023\/10\/IMG_4960_bearbeitet-1536x1152.jpg 1536w\" sizes=\"auto, (max-width: 2048px) 100vw, 2048px\" \/><\/p>\n<p style=\"text-align: justify\">\u201eWir waren im Urlaub bei Kappeln und dieses Foto strahlt so eine Ruhe aus, das ich es gerne einreichen m\u00f6chte, denn 30 Minuten sp\u00e4ter hatten wir ein \u00fcbles Gewitter.&#8220;<\/p>\n","protected":false},"excerpt":{"rendered":"<p>Zahlreiche Fotos erreichten uns in den letzten Wochen, die uns die Entscheidung wirklich nicht leicht gemacht haben. Wir m\u00f6chten euch jetzt aber endlich die Gewinner des Fotowettbewerbs \u201eKGS on Tour 2023&#8243; pr\u00e4sentieren. Danke f\u00fcrs Mitmachen! Wir freuen uns auf eure Teilnahme im n\u00e4chsten Jahr! Eure Sch\u00fclerzeitung \ud83d\ude42 &nbsp; Platz 1: &#8222;Fjordblick&#8220; von Lenja H. \u201eIch [&hellip;]<\/p>\n","protected":false},"author":9193971,"featured_media":2144,"comment_status":"open","ping_status":"closed","sticky":false,"template":"","format":"standard","meta":{"footnotes":""},"categories":[28],"tags":[232,322],"class_list":["post-2127","post","type-post","status-publish","format-standard","has-post-thumbnail","hentry","category-activities","tag-fotowettbewerb","tag-siegerbilder"],"_links":{"self":[{"href":"https:\/\/wordpress.nibis.de\/leine85\/wp-json\/wp\/v2\/posts\/2127","targetHints":{"allow":["GET"]}}],"collection":[{"href":"https:\/\/wordpress.nibis.de\/leine85\/wp-json\/wp\/v2\/posts"}],"about":[{"href":"https:\/\/wordpress.nibis.de\/leine85\/wp-json\/wp\/v2\/types\/post"}],"author":[{"embeddable":true,"href":"https:\/\/wordpress.nibis.de\/leine85\/wp-json\/wp\/v2\/users\/9193971"}],"replies":[{"embeddable":true,"href":"https:\/\/wordpress.nibis.de\/leine85\/wp-json\/wp\/v2\/comments?post=2127"}],"version-history":[{"count":4,"href":"https:\/\/wordpress.nibis.de\/leine85\/wp-json\/wp\/v2\/posts\/2127\/revisions"}],"predecessor-version":[{"id":2157,"href":"https:\/\/wordpress.nibis.de\/leine85\/wp-json\/wp\/v2\/posts\/2127\/revisions\/2157"}],"wp:featuredmedia":[{"embeddable":true,"href":"https:\/\/wordpress.nibis.de\/leine85\/wp-json\/wp\/v2\/media\/2144"}],"wp:attachment":[{"href":"https:\/\/wordpress.nibis.de\/leine85\/wp-json\/wp\/v2\/media?parent=2127"}],"wp:term":[{"taxonomy":"category","embeddable":true,"href":"https:\/\/wordpress.nibis.de\/leine85\/wp-json\/wp\/v2\/categories?post=2127"},{"taxonomy":"post_tag","embeddable":true,"href":"https:\/\/wordpress.nibis.de\/leine85\/wp-json\/wp\/v2\/tags?post=2127"}],"curies":[{"name":"wp","href":"https:\/\/api.w.org\/{rel}","templated":true}]}}