{"id":2205,"date":"2023-12-14T19:26:50","date_gmt":"2023-12-14T18:26:50","guid":{"rendered":"https:\/\/wordpress.nibis.de\/leine85\/?p=2205"},"modified":"2023-12-14T19:30:18","modified_gmt":"2023-12-14T18:30:18","slug":"vorlesewettbewerb-2023","status":"publish","type":"post","link":"https:\/\/wordpress.nibis.de\/leine85\/vorlesewettbewerb-2023\/","title":{"rendered":"Vorlesewettbewerb 2023"},"content":{"rendered":"<figure id=\"attachment_2208\" aria-describedby=\"caption-attachment-2208\" style=\"width: 199px\" class=\"wp-caption alignleft\"><img loading=\"lazy\" decoding=\"async\" class=\"wp-image-2208\" src=\"https:\/\/wordpress.nibis.de\/leine85\/files\/2023\/12\/20231128_094138.jpg\" alt=\"\" width=\"199\" height=\"284\" srcset=\"https:\/\/wordpress.nibis.de\/leine85\/files\/2023\/12\/20231128_094138.jpg 803w, https:\/\/wordpress.nibis.de\/leine85\/files\/2023\/12\/20231128_094138-768x1097.jpg 768w\" sizes=\"auto, (max-width: 199px) 100vw, 199px\" \/><figcaption id=\"caption-attachment-2208\" class=\"wp-caption-text\">Plakat des Vorlesewettbewerbs, Bild: KGS News.<\/figcaption><\/figure>\n<p style=\"text-align: justify\"><strong>Der diesj\u00e4hrige Vorlesewettbewerb der 6. Klassen am 28. November 2023 fand von 8:15 Uhr bis 11:30 Uhr in der Schulbibliothek statt. Vorgelesen haben sieben Sch\u00fclerinnen und ein Sch\u00fcler, die sehr aufgeregt waren. Als vorab ge\u00fcbten Text waren besonders Fantasyb\u00fccher sehr beliebt. Auch die Zuh\u00f6rer, die von den Teilnehmern ausgew\u00e4hlt wurden, fanden die B\u00fccherauswahl interessant und \u00fcberzeugend. Hervorzuheben sind die spannende Betonung und das authentische Lesen.<\/strong><\/p>\n<p style=\"text-align: justify\">Die Jury besteht beim Vorlesewettbewerb aus der Siegerin des letzten Jahres, aus zwei Bibliothekarinnen, sowie aus einer ehemaligen Deutschlehrerin unserer Schule und drei Sch\u00fclerinnen aus der Oberstufe. Durch spannungsvolle Moderation von Frau Schwich wurde verk\u00fcndet, dass Jonna aus der 6G1 \u00fcberzeugen konnte. Zweitplatzierte ist Mia aus der 6G2, die im Notfall einspringen darf: Zu Beginn des neuen Jahres geht es in die zweite Runde des Regionalentscheids nach Garbsen.<\/p>\n<p style=\"text-align: justify\">Frau Schwich beschreibt die Wichtigkeit des Wettbewerbs als \u00fcbergeordnet, der Lesen f\u00f6rdere und in den Fokus r\u00fccken solle. Das Stattfinden im 6. Jahrgang sei festgelegt und als \u00dcbergangsschnittstelle nach der Einf\u00fchrungsphase angedacht.<\/p>\n<p style=\"text-align: justify\">Um das Lesen an unserer Schule zu unterst\u00fctzen, plane die Schule n\u00e4chstes Jahr einen Lesemonat. Dies bleibt aber abzuwarten.<\/p>\n","protected":false},"excerpt":{"rendered":"<p>Der diesj\u00e4hrige Vorlesewettbewerb der 6. Klassen am 28. November 2023 fand von 8:15 Uhr bis 11:30 Uhr in der Schulbibliothek statt. Vorgelesen haben sieben Sch\u00fclerinnen und ein Sch\u00fcler, die sehr aufgeregt waren. Als vorab ge\u00fcbten Text waren besonders Fantasyb\u00fccher sehr beliebt. Auch die Zuh\u00f6rer, die von den Teilnehmern ausgew\u00e4hlt wurden, fanden die B\u00fccherauswahl interessant und [&hellip;]<\/p>\n","protected":false},"author":9192496,"featured_media":2206,"comment_status":"open","ping_status":"closed","sticky":false,"template":"","format":"standard","meta":{"footnotes":""},"categories":[25],"tags":[340,339],"class_list":["post-2205","post","type-post","status-publish","format-standard","has-post-thumbnail","hentry","category-veranstaltungen","tag-6-jahrgang","tag-vorlesewettbewerb"],"_links":{"self":[{"href":"https:\/\/wordpress.nibis.de\/leine85\/wp-json\/wp\/v2\/posts\/2205","targetHints":{"allow":["GET"]}}],"collection":[{"href":"https:\/\/wordpress.nibis.de\/leine85\/wp-json\/wp\/v2\/posts"}],"about":[{"href":"https:\/\/wordpress.nibis.de\/leine85\/wp-json\/wp\/v2\/types\/post"}],"author":[{"embeddable":true,"href":"https:\/\/wordpress.nibis.de\/leine85\/wp-json\/wp\/v2\/users\/9192496"}],"replies":[{"embeddable":true,"href":"https:\/\/wordpress.nibis.de\/leine85\/wp-json\/wp\/v2\/comments?post=2205"}],"version-history":[{"count":8,"href":"https:\/\/wordpress.nibis.de\/leine85\/wp-json\/wp\/v2\/posts\/2205\/revisions"}],"predecessor-version":[{"id":2216,"href":"https:\/\/wordpress.nibis.de\/leine85\/wp-json\/wp\/v2\/posts\/2205\/revisions\/2216"}],"wp:featuredmedia":[{"embeddable":true,"href":"https:\/\/wordpress.nibis.de\/leine85\/wp-json\/wp\/v2\/media\/2206"}],"wp:attachment":[{"href":"https:\/\/wordpress.nibis.de\/leine85\/wp-json\/wp\/v2\/media?parent=2205"}],"wp:term":[{"taxonomy":"category","embeddable":true,"href":"https:\/\/wordpress.nibis.de\/leine85\/wp-json\/wp\/v2\/categories?post=2205"},{"taxonomy":"post_tag","embeddable":true,"href":"https:\/\/wordpress.nibis.de\/leine85\/wp-json\/wp\/v2\/tags?post=2205"}],"curies":[{"name":"wp","href":"https:\/\/api.w.org\/{rel}","templated":true}]}}