{"id":2317,"date":"2024-05-02T21:29:30","date_gmt":"2024-05-02T19:29:30","guid":{"rendered":"https:\/\/wordpress.nibis.de\/leine85\/?p=2317"},"modified":"2024-05-02T21:30:49","modified_gmt":"2024-05-02T19:30:49","slug":"pressefreiheit-in-deutschland","status":"publish","type":"post","link":"https:\/\/wordpress.nibis.de\/leine85\/pressefreiheit-in-deutschland\/","title":{"rendered":"Pressefreiheit in Deutschland"},"content":{"rendered":"<p style=\"text-align: justify\"><strong>Laut dem Grundgesetz Art. 5 (1) gilt die Pressefreiheit in Deutschland. Die Pressefreiheit meint das Recht von Medienschaffenden, der ungehinderten Arbeit nachzugehen &#8211; also Tatsachen, Meinungen und Stellungnahmen zu recherchieren, zu bearbeiten und zu ver\u00f6ffentlichen. Dabei sollte der Pressekodex beachtet werden, der zur journalistischen Sorgfalt aufruft. Auch eine Sch\u00fclerzeitung unterliegt dem Pressekodex. An diesen m\u00fcssen sich die Sch\u00fclerinnen und Sch\u00fcler halten, jedoch schr\u00e4nkt er sie nicht in ihrer freien Berichterstattung ein: &#8222;Jeder hat das Recht, seine Meinung in Wort, Schrift und Bild frei zu \u00e4u\u00dfern und zu verbreiten und sich aus allgemein zug\u00e4nglichen Quellen ungehindert zu unterrichten&#8220; (Art. 5 Abs. 1 GG). <\/strong><strong>Damit gilt die Pressefreiheit als Grundlage einer freiheitlichen Demokratie. <\/strong><\/p>\n<p style=\"text-align: justify\">Die Pressefreiheit erm\u00f6glicht den Menschen einen demokratischen Austausch und kritischen Dialog. Auch wir haben uns diesen Dialog zum Ziel gesetzt und uns gefragt, was Menschen in unserem Umfeld \u00fcber die Pressefreiheit denken. Im Rahmen eines Workshops zum Thema &#8222;Pressefreiheit&#8220; anl\u00e4sslich des Internationalen Tags der Pressefreiheit am 3. Mai haben wir am 24. April 2024 eine Stra\u00dfenumfrage in der Innenstadt von Hannover durchgef\u00fchrt. Wir haben Menschen verschiedenen Alters befragt:<\/p>\n<p style=\"text-align: justify\">Zu Beginn teilte uns ein \u00e4lterer Mann mit, was er unter dem Begriff &#8222;Pressefreiheit&#8220; versteht und wie wichtig diese ihm ist: \u201cUnter dem Begriff Pressefreiheit verstehe ich, dass ich meine Meinung in der Zeitung kundtun kann, unabh\u00e4ngig von irgendwelchen Parteien oder Organisationen.\u201c Die Pressefreiheit sei ihm vor allem in der heutigen Zeit ganz wichtig. Seiner Meinung nach sei aber die politische Lage f\u00fcr die Verschlechterung der freien Berichterstattung, das ein erst k\u00fcrzlich ver\u00f6ffentliches Ranking gezeigt hat, verantwortlich.<\/p>\n<p style=\"text-align: justify\"><span class=\"s2\">Es gibt ein weltweites Ranking f\u00fcr die Pressefreiheit der Nicht-Regierungsorganisation (NGO) &#8222;Reporter ohne Grenzen&#8220;. <\/span><span class=\"s2\">180 Pl\u00e4tze sind zu vergeben, Platz 1 ist der Beste. Wir haben eine Erzieherin gefragt, auf welchem Platz Deutschland wohl liege. Sie antwortete prompt: &#8222;100.&#8220; Wir <\/span><span class=\"s2\">kl\u00e4rten sie auf. Deutschland liegt aktuell auf dem 21. Platz! <\/span><span class=\"s2\">Allerdings ist die Tendenz <\/span><span class=\"s2\">sinkend. D<\/span><span class=\"s2\">eutschland<\/span> <span class=\"s2\">lag noch<\/span><span class=\"s2\"> in<\/span> <span class=\"s2\">den vorherigen Jahren auf einer besseren Platzierung. Ein hohe Zahl t\u00e4tlicher Angriffe, eine schrumpfende Pressevielfalt und eine \u00dcberwachung durch Strafverfolgungsbeh\u00f6rden in- und ausl\u00e4ndischer Geheimdienste beg\u00fcnstigen diese problematische Entwicklung in Deutschland.<br \/>\n<\/span><\/p>\n<p style=\"text-align: justify\">Einen Studenten haben wir ebenfalls gefragt, wie wichtig ihm die Pressefreiheit ist. Seine Antwort lautete: ,,F\u00fcr mich ist schon wichtig, dass man seine Meinung \u00e4u\u00dfern kann und diese auch nicht verdreht wird. Dass das, was ich jetzt zum Beispiel euch \u00fcbermittle auch genauso wiedergegeben wird.\u201c Au\u00dferdem haben wir ihn gefragt, ob er die Pressefreiheit in Deutschland als bedroht ansieht. Er meinte: ,,Bedroht w\u00fcrde ich nicht sagen, aber zum Teil eingeschr\u00e4nkt schon. Als ich selbst Interviews oder \u00c4hnliches gegeben habe, wurde nicht immer alles genau so wiedergegeben wie ich es gesagt habe.\u201c Seine Aussage demonstriert, wie wichtig die journalistische Sorgfalt bei der Berichterstattung ist.<\/p>\n<p style=\"text-align: justify\">Unsere Stra\u00dfenumfrage in Hannover liefert interessante Einblicke in die Wahrnehmung der Pressefreiheit durch B\u00fcrgerinnen und B\u00fcrger verschiedener Altersgruppen. So werden die Bedeutung der Pressefreiheit f\u00fcr eine unabh\u00e4ngige Meinungs\u00e4u\u00dferung und die Bedeutung der unverf\u00e4lschten Wiedergabe von Meinungen durch die Presse von den Befragten betont. Der Austausch mit den B\u00fcrgerinnen und B\u00fcrgern verdeutlicht aber auch die besonderen Herausforderungen der Presse.<\/p>\n","protected":false},"excerpt":{"rendered":"<p>Laut dem Grundgesetz Art. 5 (1) gilt die Pressefreiheit in Deutschland. Die Pressefreiheit meint das Recht von Medienschaffenden, der ungehinderten Arbeit nachzugehen &#8211; also Tatsachen, Meinungen und Stellungnahmen zu recherchieren, zu bearbeiten und zu ver\u00f6ffentlichen. Dabei sollte der Pressekodex beachtet werden, der zur journalistischen Sorgfalt aufruft. Auch eine Sch\u00fclerzeitung unterliegt dem Pressekodex. An diesen m\u00fcssen [&hellip;]<\/p>\n","protected":false},"author":9192496,"featured_media":2358,"comment_status":"open","ping_status":"closed","sticky":false,"template":"","format":"standard","meta":{"footnotes":""},"categories":[276],"tags":[66,364,157,365],"class_list":["post-2317","post","type-post","status-publish","format-standard","has-post-thumbnail","hentry","category-reihe-politik-to-go","tag-grundgesetz","tag-pressefreiheit","tag-pressekodex","tag-strassenumfrage"],"_links":{"self":[{"href":"https:\/\/wordpress.nibis.de\/leine85\/wp-json\/wp\/v2\/posts\/2317","targetHints":{"allow":["GET"]}}],"collection":[{"href":"https:\/\/wordpress.nibis.de\/leine85\/wp-json\/wp\/v2\/posts"}],"about":[{"href":"https:\/\/wordpress.nibis.de\/leine85\/wp-json\/wp\/v2\/types\/post"}],"author":[{"embeddable":true,"href":"https:\/\/wordpress.nibis.de\/leine85\/wp-json\/wp\/v2\/users\/9192496"}],"replies":[{"embeddable":true,"href":"https:\/\/wordpress.nibis.de\/leine85\/wp-json\/wp\/v2\/comments?post=2317"}],"version-history":[{"count":4,"href":"https:\/\/wordpress.nibis.de\/leine85\/wp-json\/wp\/v2\/posts\/2317\/revisions"}],"predecessor-version":[{"id":2359,"href":"https:\/\/wordpress.nibis.de\/leine85\/wp-json\/wp\/v2\/posts\/2317\/revisions\/2359"}],"wp:featuredmedia":[{"embeddable":true,"href":"https:\/\/wordpress.nibis.de\/leine85\/wp-json\/wp\/v2\/media\/2358"}],"wp:attachment":[{"href":"https:\/\/wordpress.nibis.de\/leine85\/wp-json\/wp\/v2\/media?parent=2317"}],"wp:term":[{"taxonomy":"category","embeddable":true,"href":"https:\/\/wordpress.nibis.de\/leine85\/wp-json\/wp\/v2\/categories?post=2317"},{"taxonomy":"post_tag","embeddable":true,"href":"https:\/\/wordpress.nibis.de\/leine85\/wp-json\/wp\/v2\/tags?post=2317"}],"curies":[{"name":"wp","href":"https:\/\/api.w.org\/{rel}","templated":true}]}}