{"id":2327,"date":"2024-04-27T21:03:50","date_gmt":"2024-04-27T19:03:50","guid":{"rendered":"https:\/\/wordpress.nibis.de\/leine85\/?p=2327"},"modified":"2024-04-27T21:05:12","modified_gmt":"2024-04-27T19:05:12","slug":"ideenexpo-2024-deutschlands-groesste-mint-party-fuer-jugendliche","status":"publish","type":"post","link":"https:\/\/wordpress.nibis.de\/leine85\/ideenexpo-2024-deutschlands-groesste-mint-party-fuer-jugendliche\/","title":{"rendered":"IdeenExpo 2024: &#8222;Deutschlands gr\u00f6\u00dfte MINT-Party f\u00fcr Jugendliche&#8220;"},"content":{"rendered":"<figure id=\"attachment_2343\" aria-describedby=\"caption-attachment-2343\" style=\"width: 2560px\" class=\"wp-caption alignnone\"><img loading=\"lazy\" decoding=\"async\" class=\"wp-image-2343 size-full\" src=\"https:\/\/wordpress.nibis.de\/leine85\/files\/2024\/04\/20240405_HS_05699_web_0-scaled.jpg\" alt=\"\" width=\"2560\" height=\"1707\" srcset=\"https:\/\/wordpress.nibis.de\/leine85\/files\/2024\/04\/20240405_HS_05699_web_0-scaled.jpg 2560w, https:\/\/wordpress.nibis.de\/leine85\/files\/2024\/04\/20240405_HS_05699_web_0-768x512.jpg 768w, https:\/\/wordpress.nibis.de\/leine85\/files\/2024\/04\/20240405_HS_05699_web_0-1536x1024.jpg 1536w, https:\/\/wordpress.nibis.de\/leine85\/files\/2024\/04\/20240405_HS_05699_web_0-2048x1365.jpg 2048w\" sizes=\"auto, (max-width: 2560px) 100vw, 2560px\" \/><figcaption id=\"caption-attachment-2343\" class=\"wp-caption-text\">Foto: Pressekonferenz der IdeenExpo im Landtag Hannover (Quelle: https:\/\/www.ideenexpo.de\/bildgalerie\/auftakt-pressekonferenz-am-05042024).<\/figcaption><\/figure>\n<p style=\"text-align: justify\"><strong>An der Pressekonferenz der IdeenExpo am 5. April, die dieses Jahr im Landtag Hannover statt fand, durften auch Vertreter unserer Sch\u00fclerzeitung teilnehmen. Schnell wurde klar: Es sollen Rekorde gebrochen werden. Nicht umsonst lautete die \u00dcberschrift der Konferenz &#8222;Mehr Fl\u00e4che, mehr Aussteller, mehr Exponate&#8220;. Vom 8. bis zum 16. Juni kann dann jeder kostenfrei die IdeenExpo auf 110.000 m\u00b2 auf dem Messegel\u00e4nde Hannover besuchen.<\/strong><\/p>\n<p style=\"text-align: justify\">Ziel ist es f\u00fcr das Arbeiten in den MINT-Berufen (Mathematik, Informatik, Naturwissenschaften und Technik) zu begeistern und &#8222;fr\u00f6hlichste Meile der Republik&#8220; zu werden, so Dr. Volker Schmidt, Aufsichtsratsvorsitzender der IdeenExpo. Dabei ist seit 2007 die Devise &#8222;nicht nur Tafeln lesen&#8220;, sondern ganz viel Ausprobieren. Das Motto: &#8222;Mach doch einfach!&#8220; kommt gut an, denn die letzte IdeenExpo im Jahr 2022 war die zweitbestbesuchte Messe Deutschlands. Neben dem Ausprobieren findet sich vielleicht auch ein Ausbildungs- oder Arbeitsplatz, denn die IdeenExpo gilt unter anderem auch als Jobb\u00f6rse. \u00dcbrigens: Die IdeenExpo eignet sich perfekt f\u00fcr einen Klassenausflug \ud83d\ude09<\/p>\n<p style=\"text-align: justify\">Viel Spa\u00df beim Entdecken der IdeenExpo!<\/p>\n","protected":false},"excerpt":{"rendered":"<p>An der Pressekonferenz der IdeenExpo am 5. April, die dieses Jahr im Landtag Hannover statt fand, durften auch Vertreter unserer Sch\u00fclerzeitung teilnehmen. Schnell wurde klar: Es sollen Rekorde gebrochen werden. Nicht umsonst lautete die \u00dcberschrift der Konferenz &#8222;Mehr Fl\u00e4che, mehr Aussteller, mehr Exponate&#8220;. Vom 8. bis zum 16. Juni kann dann jeder kostenfrei die IdeenExpo [&hellip;]<\/p>\n","protected":false},"author":9194170,"featured_media":2342,"comment_status":"open","ping_status":"closed","sticky":false,"template":"","format":"standard","meta":{"footnotes":""},"categories":[28],"tags":[266,359,213,313,214],"class_list":["post-2327","post","type-post","status-publish","format-standard","has-post-thumbnail","hentry","category-activities","tag-ausflug","tag-entdecken","tag-ideenexpo","tag-mint","tag-pressekonferenz"],"_links":{"self":[{"href":"https:\/\/wordpress.nibis.de\/leine85\/wp-json\/wp\/v2\/posts\/2327","targetHints":{"allow":["GET"]}}],"collection":[{"href":"https:\/\/wordpress.nibis.de\/leine85\/wp-json\/wp\/v2\/posts"}],"about":[{"href":"https:\/\/wordpress.nibis.de\/leine85\/wp-json\/wp\/v2\/types\/post"}],"author":[{"embeddable":true,"href":"https:\/\/wordpress.nibis.de\/leine85\/wp-json\/wp\/v2\/users\/9194170"}],"replies":[{"embeddable":true,"href":"https:\/\/wordpress.nibis.de\/leine85\/wp-json\/wp\/v2\/comments?post=2327"}],"version-history":[{"count":9,"href":"https:\/\/wordpress.nibis.de\/leine85\/wp-json\/wp\/v2\/posts\/2327\/revisions"}],"predecessor-version":[{"id":2345,"href":"https:\/\/wordpress.nibis.de\/leine85\/wp-json\/wp\/v2\/posts\/2327\/revisions\/2345"}],"wp:featuredmedia":[{"embeddable":true,"href":"https:\/\/wordpress.nibis.de\/leine85\/wp-json\/wp\/v2\/media\/2342"}],"wp:attachment":[{"href":"https:\/\/wordpress.nibis.de\/leine85\/wp-json\/wp\/v2\/media?parent=2327"}],"wp:term":[{"taxonomy":"category","embeddable":true,"href":"https:\/\/wordpress.nibis.de\/leine85\/wp-json\/wp\/v2\/categories?post=2327"},{"taxonomy":"post_tag","embeddable":true,"href":"https:\/\/wordpress.nibis.de\/leine85\/wp-json\/wp\/v2\/tags?post=2327"}],"curies":[{"name":"wp","href":"https:\/\/api.w.org\/{rel}","templated":true}]}}